{"id":491084,"date":"2025-10-26T11:48:32","date_gmt":"2025-10-26T11:48:32","guid":{"rendered":"https:\/\/www.europesays.com\/fr\/491084\/"},"modified":"2025-10-26T11:48:32","modified_gmt":"2025-10-26T11:48:32","slug":"a-la-tete-des-ptits-doudous-nolwenn-febvre-la-bonne-fee-des-enfants-hospitalises","status":"publish","type":"post","link":"https:\/\/www.europesays.com\/fr\/491084\/","title":{"rendered":"A la t\u00eate des P&rsquo;tits Doudous, Nolwenn Febvre, la bonne f\u00e9e des enfants hospitalis\u00e9s\u00a0!"},"content":{"rendered":"<p>            Par<br \/>\n        <strong><br \/>\n            <a href=\"https:\/\/actu.fr\/auteur\/julie-hurisse\" title=\"Consulter tous les articles de Julie Hurisse\" target=\"_blank\" rel=\"noopener\">Julie Hurisse<\/a><br \/>\n        <\/strong><\/p>\n<p>        Publi\u00e9 le<\/p>\n<p>            25 oct. 2025 \u00e0 6h00        <\/p>\n<p>Sur le stand des P\u2019tits Doudous au village de la Transat Caf\u00e9 L\u2019or au\u00a0Havre, Nolwenn Febvre s\u2019active. Face \u00e0 elle,<a href=\"https:\/\/actu.fr\/pays-de-la-loire\/louailles_72167\/quand-la-maquette-du-bateau-des-ptits-doudous-sort-des-machines-de-cette-entreprise-de-la-sarthe_63327514.html\" target=\"_blank\" rel=\"noopener\"> la maquette des P\u2019tits Doudous<\/a>, fabriqu\u00e9e \u00e0 Louailles (<b>Sarthe<\/b>) par Posson Packaging. La derni\u00e8re r\u00e9alisation d\u2019une tr\u00e8s longue liste en faveur des enfants malades.<br \/>A 54\u00a0ans, Nolwenn Febvre est pr\u00e9sidente, mais surtout fondatrice des <a href=\"https:\/\/lesptitsdoudous.org\/\" target=\"_blank\" rel=\"noopener\">P\u2019tits Doudous<\/a>.<\/p>\n<p>\u00ab Je ne peux pas dormir sans mon doudou \u00bb<\/p>\n<p class=\" wall-content\">Infirmi\u00e8re anesth\u00e9siste p\u00e9diatrique au<b> CHU de Rennes<\/b>, la jeune femme \u00e9tait marqu\u00e9e \u00e0 chaque fois par les pleurs des enfants. Jusqu\u2019\u00e0 vouloir raccrocher. Le<b> d\u00e9clencheur<\/b> de la cr\u00e9ation de l\u2019association ? Un petit gar\u00e7on arriv\u00e9 au bloc avec une fracture du f\u00e9mur.<\/p>\n<blockquote class=\"ac-article-quote wall-content\">\n<p>\u00ab Il hurlait, on \u00e9tait pr\u00eat \u00e0 l\u2019endormir, il m\u2019a regard\u00e9 droit dans les yeux et il m\u2019a dit \u2018je ne peux pas dormir sans mon doudou\u2019. Je me suis sentie nulle. On \u00e9tait \u00e0 c\u00f4t\u00e9 de la plaque. \u00bb<\/p>\n<p>Nolwenn Febvre<\/p><\/blockquote>\n<p class=\" wall-content\">En 2011, elle tente d\u2019obtenir des <b>doudous<\/b> pour l\u2019h\u00f4pital. \u00ab J\u2019ai envoy\u00e9 un mail \u00e0 <b>Moulin Roty<\/b> (ndlr- fabricant de jouets et de doudous), en leur demandant de l\u2019aide. \u00bb<\/p>\n<p class=\" wall-content\">La r\u00e9ponse ne s\u2019est pas fait attendre. \u00ab J\u2019ai re\u00e7u un carton de doudous, c\u2019\u00e9tait g\u00e9nial et \u00e7a m\u2019a fait du bien. \u00bb Elle distribue les premiers. <b>Le r\u00e9sultat est imm\u00e9diat<\/b>. Les pleurs des enfants stoppent. \u00ab Je me suis dit qu\u2019il fallait continuer et avec deux coll\u00e8gues, nous avons cr\u00e9\u00e9 l\u2019association. \u00bb Le nom \u00e9tait tout trouv\u00e9 : Les P\u2019tits Doudous.<\/p>\n<p>La revente de d\u00e9chets de l\u2019h\u00f4pital<\/p>\n<p class=\" wall-content\">Durant la m\u00eame p\u00e9riode, Nolwenn travaillait sur la question des d\u00e9chets au bloc. Elle s\u2019est pench\u00e9e sur ce qui \u00e9tait jet\u00e9.<\/p>\n<blockquote class=\"ac-article-quote wall-content\">\n<p>\u00ab Je suis tomb\u00e9 sur un fil de bistouri \u00e9lectrique de trois m\u00e8tres de long, je l\u2019ai d\u00e9fait et je me suis retrouv\u00e9 avec une bobine de fil en cuivre. \u00bb<\/p>\n<p>Nolwenn Febvre<\/p><\/blockquote>\n<p class=\" wall-content\">Elle ne tarde pas \u00e0 faire le lien entre le prix de revente et le financement des doudous. Elle en parle \u00e0 ses coll\u00e8gues qui se passent le mot et lui r\u00e9cup\u00e8rent les bobines.<\/p>\n<p>Votre r\u00e9gion, votre actu !<\/p>\n<p>Recevez chaque jour les infos qui comptent pour vous.<\/p>\n<p>\t<a href=\"https:\/\/actu.fr\/newsletter\" class=\"ac-btn ac-btn--corner ac-btn--medium ac-btn--blue800\" target=\"_blank\" rel=\"noopener\">S&rsquo;incrire<\/a><\/p>\n<p>    <img   decoding=\"async\" loading=\"lazy\" class=\"size-large\" src=\"https:\/\/www.europesays.com\/fr\/wp-content\/uploads\/2025\/10\/18015d0316f862d015d0316f8d4115v-960x640.jpeg\" alt=\"Le mat\u00e9riel m\u00e9dical r\u00e9cup\u00e9r\u00e9 et recycl\u00e9 P'tits Doudous\" width=\"960\" height=\"640\"\/><br \/>\n    Le mat\u00e9riel m\u00e9dical r\u00e9cup\u00e9r\u00e9 et recycl\u00e9. \u00a9Julie HURISSE\/Les Nouvelles de Sabl\u00e9<\/p>\n<p class=\" wall-content\">Devant les quantit\u00e9s, elle officialise la vente aupr\u00e8s de la direction.<\/p>\n<p class=\" wall-content\">\u00ab C\u2019\u00e9tait quitte ou double. Ou je me faisais virer o\u00f9 ils officialisaient. \u00bb Ils ont choisi la 2e option. Un<b> premier financement <\/b>pour les P\u2019tits Doudous \u00e9tait trouv\u00e9.<\/p>\n<p>Apr\u00e8s les doudous, un jeu vid\u00e9o<\/p>\n<p class=\" wall-content\">Puis les projets s\u2019encha\u00eenent. \u00ab Les enfants pleuraient toujours pour venir \u00e0 l\u2019h\u00f4pital. On a commenc\u00e9 \u00e0 travailler sur <b>un jeu vid\u00e9o<\/b> dont les enfants seraient le h\u00e9ros. \u00bb<\/p>\n<p class=\" wall-content\">L\u2019enthousiasme de Nolwenn est communicatif, de connaissance en connaissance, elle parvient \u00e0 donner vie \u00e0 ce jeu en moins de six mois, en 2014. Une \u00e9tude est men\u00e9e, le r\u00e9sultat est sans appel. Les enfants arrivent <b>moins stress\u00e9s<\/b> au bloc. \u00ab Un de mes chefs m\u2019a dit \u2018maintenant, moi j\u2019arr\u00eate de prescrire des m\u00e9dicaments et je prescris ce jeu\u2019 \u00bb.<\/p>\n<p>    <a href=\"https:\/\/www.facebook.com\/plugins\/post.php?href=https%3A%2F%2Fwww.facebook.com%2FAssoNationaleLesPtitsDoudous%2Fposts%2Fpfbid021718groBw5jaZk8xCdh9UPqo9ETf2vR9UrbBf4Qfg23vQqr9KAiATYzjbDLKmqc7l&amp;show_text=true&amp;width=350\" title=\"Ouvrie le lien\" target=\"_blank\" rel=\"noopener\">Cliquez ici pour visualiser le contenu<\/a><\/p>\n<p>160 antennes locales des P\u2019tits Doudous<\/p>\n<p class=\" wall-content\">Elle pr\u00e9sente les r\u00e9sultats de cette \u00e9tude au congr\u00e8s d\u2019anesth\u00e9sie nationale. Ses coll\u00e8gues sont tr\u00e8s int\u00e9ress\u00e9s. Comment faire pour que les autres h\u00f4pitaux en France puissent en b\u00e9n\u00e9ficier ? L\u2019association nationale na\u00eet en 2017 pour que puissent \u00eatre cr\u00e9\u00e9es des <b>associations locales<\/b>. En Sarthe, sont lanc\u00e9es celles de l\u2019h\u00f4pital du Mans, Les P\u2019tits Doudous d\u2019Ali\u00e9nor, celle de la Clinique du Pr\u00e9 et celle de l\u2019h\u00f4pital du Bailleul. \u00ab Chaque association locale fait son recyclage et vend des objets d\u00e9riv\u00e9s. \u00bb Il en existe aujourd\u2019hui 160 pour 2 000 soignants engag\u00e9s.<\/p>\n<p>    <img   decoding=\"async\" loading=\"lazy\" class=\"size-large\" src=\"https:\/\/www.europesays.com\/fr\/wp-content\/uploads\/2025\/10\/8a253d0316f86ae253d0316f8d2353v-1-960x640.jpeg\" alt=\"Nolwenn Fabvre et Armel Tripon skippeur P'tits Doudous\" width=\"960\" height=\"640\"\/><br \/>\n    Nolwenn Febvre et Armel Tripon skippeur des P\u2019tits Doudous sur le village de la Transat Caf\u00e9 l\u2019Or. \u00a9Julie HURISSE\/Les Nouvelles de Sabl\u00e9L\u2019aventure voile !<\/p>\n<p class=\" wall-content\">L\u2019aventure voile d\u00e9bute en 2016. \u00ab Moulin Roty nous a propos\u00e9 de mettre notre logo \u00e0 la place du leur sur le <b>bateau d\u2019Armel Tripon<\/b>. \u00bb Le skippeur est d\u2019autant plus sensibilis\u00e9 que son fils vient d\u2019\u00eatre op\u00e9r\u00e9. De course en course, la notori\u00e9t\u00e9 de l\u2019association ne fait que cro\u00eetre.<\/p>\n<blockquote class=\"ac-article-quote wall-content\">\n<p>\u00ab On a commenc\u00e9 \u00e0 la Route du Rhum et on a multipli\u00e9 les ventes par dix sur notre site internet. \u00bb<\/p>\n<p>Nolwenn Febvre<\/p><\/blockquote>\n<p class=\" wall-content\">Sur les stands \u00ab les soignants, les salari\u00e9s, les m\u00e9c\u00e8nes, tous b\u00e9n\u00e9voles bossent comme des fous et vivent des moments incroyables \u00bb.<\/p>\n<p>    <img   decoding=\"async\" loading=\"lazy\" class=\"size-large\" src=\"https:\/\/www.europesays.com\/fr\/wp-content\/uploads\/2025\/10\/7c8662c496f86709662c496f854966v-1-960x640.jpeg\" alt=\"Le bateau les P'tits Doudous d'Armel Tripon prendra le d\u00e9part de la Transat Caf\u00e9 l'Or le dimanche 26 novembre 2025.\" width=\"960\" height=\"640\"\/><br \/>\n    Le bateau les P\u2019tits Doudous d\u2019Armel Tripon prendra le d\u00e9part de la Transat Caf\u00e9 l\u2019Or le dimanche 26 novembre 2025. \u00a9Julie HURISSE\/Les Nouvelles de Sabl\u00e9<\/p>\n<p class=\" wall-content\">Une fa\u00e7on aussi de valoriser les soignants ! Et l\u2019aventure voile se poursuit avec la <b>Transat Caf\u00e9 l\u2019Or<\/b>, dont le village est ouvert jusqu\u2019au d\u00e9part de la course, dimanche 26\u00a0octobre.<\/p>\n<p>200 000\u00a0enfants accompagn\u00e9s chaque ann\u00e9e<\/p>\n<p class=\" wall-content\">Nolwenn a encore bien des projets en t\u00eate, dont celui du suivi de l\u2019enfant au bloc op\u00e9ratoire.<\/p>\n<blockquote class=\"ac-article-quote wall-content\">\n<p>\u00ab On laisse son enfant aller au bloc et on ne sait pas ce qui se passe alors que pour un colis on sait exactement o\u00f9 il en est. On travaille sur un projet tr\u00e8s important qui s\u2019appelle Keep Contact pour que les parents soient inform\u00e9s en temps r\u00e9el de l\u2019avanc\u00e9e du parcours de leur enfant en bloc op\u00e9ratoire. \u00bb<\/p>\n<p>Nolwenn Febvre<\/p><\/blockquote>\n<p class=\" wall-content\">Un projet encore en d\u00e9veloppement.<\/p>\n<p class=\" wall-content\">Les P\u2019tits Doudous et toute la cha\u00eene de solidarit\u00e9 permettent aujourd\u2019hui d\u2019accompagner \u00ab 200 000\u00a0enfants par an \u00e0 l\u2019h\u00f4pital \u00bb et \u00ab de recycler 300\u00a0tonnes de d\u00e9chets chaque ann\u00e9e depuis plus de dix ans \u00bb. Doublement indispensable.<\/p>\n<p class=\" wall-content\">Personnalisez votre actualit\u00e9 en ajoutant vos villes et m\u00e9dias en favori avec <a href=\"https:\/\/moncompte.actu.fr\" title=\"D\u00e9couvez Mon Actu\" rel=\"nofollow noopener\" data-trk=\"{&quot;cta&quot;:{&quot;action&quot;:&quot;https:\\\/\\\/moncompte.actu.fr&quot;,&quot;category&quot;:&quot;mon compte&quot;,&quot;from&quot;:&quot;article footer&quot;,&quot;name&quot;:&quot;Mon actu&quot;,&quot;type&quot;:&quot;cta&quot;}}\" target=\"_blank\">Mon Actu<\/a>.<\/p>\n","protected":false},"excerpt":{"rendered":"Par Julie Hurisse Publi\u00e9 le 25 oct. 2025 \u00e0 6h00 Sur le stand des P\u2019tits Doudous au village&hellip;\n","protected":false},"author":2,"featured_media":491085,"comment_status":"","ping_status":"","sticky":false,"template":"","format":"standard","meta":{"footnotes":""},"categories":[2821],"tags":[1111,11,829,1777,674,1011,27,12,584,25,104,3400,61334],"class_list":{"0":"post-491084","1":"post","2":"type-post","3":"status-publish","4":"format-standard","5":"has-post-thumbnail","7":"category-rennes","8":"tag-actu","9":"tag-actualites","10":"tag-bretagne","11":"tag-eu","12":"tag-europe","13":"tag-fr","14":"tag-france","15":"tag-news","16":"tag-rennes","17":"tag-republique-francaise","18":"tag-societe","19":"tag-solidarite","20":"tag-transat-cafe-lor"},"share_on_mastodon":{"url":"https:\/\/pubeurope.com\/@fr\/115440314966837675","error":""},"_links":{"self":[{"href":"https:\/\/www.europesays.com\/fr\/wp-json\/wp\/v2\/posts\/491084","targetHints":{"allow":["GET"]}}],"collection":[{"href":"https:\/\/www.europesays.com\/fr\/wp-json\/wp\/v2\/posts"}],"about":[{"href":"https:\/\/www.europesays.com\/fr\/wp-json\/wp\/v2\/types\/post"}],"author":[{"embeddable":true,"href":"https:\/\/www.europesays.com\/fr\/wp-json\/wp\/v2\/users\/2"}],"replies":[{"embeddable":true,"href":"https:\/\/www.europesays.com\/fr\/wp-json\/wp\/v2\/comments?post=491084"}],"version-history":[{"count":0,"href":"https:\/\/www.europesays.com\/fr\/wp-json\/wp\/v2\/posts\/491084\/revisions"}],"wp:featuredmedia":[{"embeddable":true,"href":"https:\/\/www.europesays.com\/fr\/wp-json\/wp\/v2\/media\/491085"}],"wp:attachment":[{"href":"https:\/\/www.europesays.com\/fr\/wp-json\/wp\/v2\/media?parent=491084"}],"wp:term":[{"taxonomy":"category","embeddable":true,"href":"https:\/\/www.europesays.com\/fr\/wp-json\/wp\/v2\/categories?post=491084"},{"taxonomy":"post_tag","embeddable":true,"href":"https:\/\/www.europesays.com\/fr\/wp-json\/wp\/v2\/tags?post=491084"}],"curies":[{"name":"wp","href":"https:\/\/api.w.org\/{rel}","templated":true}]}}