{"id":491086,"date":"2025-10-26T11:49:13","date_gmt":"2025-10-26T11:49:13","guid":{"rendered":"https:\/\/www.europesays.com\/fr\/491086\/"},"modified":"2025-10-26T11:49:13","modified_gmt":"2025-10-26T11:49:13","slug":"marathon-vert-rennes-2025-duncan-perrillat-et-selina-leroy-triomphent-sur","status":"publish","type":"post","link":"https:\/\/www.europesays.com\/fr\/491086\/","title":{"rendered":"Marathon Vert Rennes 2025 : Duncan Perrillat et Selina Leroy triomphent sur (\u2026)"},"content":{"rendered":"<p><strong>Une course bretonne r\u00e9solument durable<\/strong><br class=\"autobr\"\/><br \/>\nLe d\u00e9part du Marathon Vert Rennes 2025 a r\u00e9uni ce dimanche des milliers de coureurs au c\u0153ur de la capitale bretonne. Fid\u00e8le \u00e0 son ADN, l\u2019\u00e9v\u00e9nement a de nouveau mari\u00e9 performance sportive et engagement \u00e9cologique, en partenariat avec la Fondation Yves Rocher. Chaque deux kilom\u00e8tres parcourus \u00e9quivalaient cette ann\u00e9e \u00e0 la plantation d\u2019un arbre, poursuivant ainsi l\u2019objectif ambitieux fix\u00e9 pour 2025\u00a0: plus de 110 000 arbres plant\u00e9s \u00e0 travers le monde. En treize \u00e9ditions, la manifestation a d\u00e9j\u00e0 permis la mise en terre de plus de 1,58 million d\u2019arbres, du Portugal \u00e0 l\u2019Inde, en passant par la France.<\/p>\n<p><strong>La victoire \u00e9clatante de Duncan Perrillat<\/strong><br class=\"autobr\"\/><br \/>\nChez les hommes, la victoire est revenue \u00e0 Duncan Perrillat de Neuilly Plaisance Sports, qui a franchi la ligne d\u2019arriv\u00e9e en 2 h 11 min 38 s. Avec une foul\u00e9e r\u00e9guli\u00e8re et une gestion exemplaire de l\u2019effort, Perrillat a confirm\u00e9 son excellent \u00e9tat de forme et son talent de marathonien complet. Derri\u00e8re lui, le v\u00e9t\u00e9ran Freddy Guimard (Al\u00e8s C\u00e9vennes Athl\u00e9tisme) a boucl\u00e9 la course en 2 h 16 min 45 s, d\u00e9montrant qu\u2019exp\u00e9rience et endurance peuvent encore rivaliser avec la jeunesse. Le podium s\u2019est compl\u00e9t\u00e9 avec Enzo Marie (S\/L Stade Saint-Lo) en 2 h 17 min 48 s, lui aussi auteur d\u2019une belle course parfaitement ma\u00eetris\u00e9e. Le premier Breton, Hamza El Ouardi du Stade Rennais Athl\u00e9tisme, s\u2019est class\u00e9 cinqui\u00e8me en 2 h 19 min 42 s, port\u00e9 par les encouragements nourris du public local.<\/p>\n<p><strong>Selina Leroy, la r\u00e9v\u00e9lation f\u00e9minine de l\u2019\u00e9dition<\/strong><br class=\"autobr\"\/><br \/>\nChez les femmes, c\u2019est Selina Leroy de l\u2019ASPTT Rouen qui s\u2019est impos\u00e9e en 2 h 37 min 52 s (temps r\u00e9el 2 h 37 min 50 s). Sa victoire, acquise au terme d\u2019une course fluide et r\u00e9guli\u00e8re, confirme la mont\u00e9e en puissance de l\u2019athl\u00e8te normande, d\u00e9j\u00e0 remarqu\u00e9e sur plusieurs semi-marathons cette saison. Sa co\u00e9quipi\u00e8re Malory Leroy a pris la troisi\u00e8me place en 2 h 43 min 06 s, encadrant ainsi un doubl\u00e9 historique pour l\u2019ASPTT Rouen. Entre elles, la Dijonnaise Camille Chaigneau (Dijon UC), deuxi\u00e8me en 2 h 39 min 12 s, a \u00e9galement brill\u00e9 sur le parcours rennais par sa constance et sa pr\u00e9cision dans la gestion des temps interm\u00e9diaires. Fanny Malagr\u00e9, du club breton Pac\u00e9 en Courant, a termin\u00e9 \u00e0 une belle quatri\u00e8me place en 2 h 43 min 51 s, premi\u00e8re r\u00e9gionale de cette \u00e9dition.<\/p>\n<p><strong>Une f\u00eate populaire et responsable<\/strong><br class=\"autobr\"\/><br \/>\nLe Marathon Vert n\u2019est pas qu\u2019une simple comp\u00e9tition\u00a0: c\u2019est une v\u00e9ritable c\u00e9l\u00e9bration de la course \u00e0 pied et de l\u2019engagement citoyen. L\u2019\u00e9dition 2025 a rassembl\u00e9 plus de 5 500 participants r\u00e9partis sur les diff\u00e9rentes \u00e9preuves (marathon, relais, duo et 10 km), et les rues de Rennes ont r\u00e9sonn\u00e9 toute la matin\u00e9e aux sons des fanfares, des groupes de musique et des applaudissements du public. L\u2019esprit breton, chaleureux et festif, a une fois de plus fait la diff\u00e9rence. De nombreux b\u00e9n\u00e9voles et \u00e9tudiants de la Rennes School of Business ont contribu\u00e9 au bon d\u00e9roulement de l\u2019\u00e9v\u00e9nement, tandis que plusieurs entreprises partenaires ont renforc\u00e9 leurs actions en faveur du d\u00e9veloppement durable, dans le prolongement des valeurs du marathon.<\/p>\n<p><strong>Rennes, capitale verte de la course \u00e0 pied<\/strong><br class=\"autobr\"\/><br \/>\nAu-del\u00e0 des classements, cette \u00e9dition 2025 s\u2019inscrit dans une dynamique territoriale forte\u00a0: celle d\u2019une Bretagne exemplaire en mati\u00e8re de sport durable. L\u2019organisation, labellis\u00e9e \u00ab\u00a0\u00e9v\u00e8nement \u00e9coresponsable\u00a0\u00bb, a veill\u00e9 \u00e0 r\u00e9duire au maximum son empreinte carbone\u00a0: ravitaillements sans plastique, tri s\u00e9lectif rigoureux, et animation centr\u00e9e sur les valeurs de solidarit\u00e9 et de respect de l\u2019environnement. Le Marathon Vert Rennes confirme ainsi son statut d\u2019\u00e9v\u00e9nement phare et mod\u00e8le dans le paysage fran\u00e7ais, o\u00f9 performance rime avec conscience \u00e9cologique. Pour Duncan Perrillat et Selina Leroy, cette victoire r\u00e9sonne comme un symbole\u00a0: celui d\u2019une g\u00e9n\u00e9ration de coureurs capables de conjuguer excellence sportive et responsabilit\u00e9 environnementale. Rendez-vous est d\u00e9j\u00e0 pris pour 2026, avec le m\u00eame mot d\u2019ordre\u00a0: courir pour la plan\u00e8te.<\/p>\n","protected":false},"excerpt":{"rendered":"Une course bretonne r\u00e9solument durable Le d\u00e9part du Marathon Vert Rennes 2025 a r\u00e9uni ce dimanche des milliers&hellip;\n","protected":false},"author":2,"featured_media":491087,"comment_status":"","ping_status":"","sticky":false,"template":"","format":"standard","meta":{"footnotes":""},"categories":[2821],"tags":[1111,11,4132,829,29089,29095,29098,7712,29100,10049,29094,29092,1777,674,29096,1011,27,8471,29090,8309,7178,29097,29086,12,29101,29102,29091,584,25,29093,8567,29088,29099,29087],"class_list":{"0":"post-491086","1":"post","2":"type-post","3":"status-publish","4":"format-standard","5":"has-post-thumbnail","7":"category-rennes","8":"tag-actu","9":"tag-actualites","10":"tag-athletisme","11":"tag-bretagne","12":"tag-calendrier-des-marathons","13":"tag-competition-running","14":"tag-coureurs","15":"tag-course-a-pied","16":"tag-course-nature","17":"tag-course-sur-route","18":"tag-dossards","19":"tag-entrainement-course-a-pied","20":"tag-eu","21":"tag-europe","22":"tag-evenements-sportifs","23":"tag-fr","24":"tag-france","25":"tag-handisport","26":"tag-inscription-marathon","27":"tag-jogging","28":"tag-marathon","29":"tag-marathon-relais","30":"tag-marathons","31":"tag-news","32":"tag-performance-sportive","33":"tag-plan-d","34":"tag-preparation-marathon","35":"tag-rennes","36":"tag-republique-francaise","37":"tag-resultats-courses","38":"tag-semi-marathon","39":"tag-trail-running","40":"tag-ultra-trail","41":"tag-ultra-marathon"},"share_on_mastodon":{"url":"","error":"Validation failed: Text character limit of 500 exceeded"},"_links":{"self":[{"href":"https:\/\/www.europesays.com\/fr\/wp-json\/wp\/v2\/posts\/491086","targetHints":{"allow":["GET"]}}],"collection":[{"href":"https:\/\/www.europesays.com\/fr\/wp-json\/wp\/v2\/posts"}],"about":[{"href":"https:\/\/www.europesays.com\/fr\/wp-json\/wp\/v2\/types\/post"}],"author":[{"embeddable":true,"href":"https:\/\/www.europesays.com\/fr\/wp-json\/wp\/v2\/users\/2"}],"replies":[{"embeddable":true,"href":"https:\/\/www.europesays.com\/fr\/wp-json\/wp\/v2\/comments?post=491086"}],"version-history":[{"count":0,"href":"https:\/\/www.europesays.com\/fr\/wp-json\/wp\/v2\/posts\/491086\/revisions"}],"wp:featuredmedia":[{"embeddable":true,"href":"https:\/\/www.europesays.com\/fr\/wp-json\/wp\/v2\/media\/491087"}],"wp:attachment":[{"href":"https:\/\/www.europesays.com\/fr\/wp-json\/wp\/v2\/media?parent=491086"}],"wp:term":[{"taxonomy":"category","embeddable":true,"href":"https:\/\/www.europesays.com\/fr\/wp-json\/wp\/v2\/categories?post=491086"},{"taxonomy":"post_tag","embeddable":true,"href":"https:\/\/www.europesays.com\/fr\/wp-json\/wp\/v2\/tags?post=491086"}],"curies":[{"name":"wp","href":"https:\/\/api.w.org\/{rel}","templated":true}]}}