{"id":491092,"date":"2025-10-26T11:52:12","date_gmt":"2025-10-26T11:52:12","guid":{"rendered":"https:\/\/www.europesays.com\/fr\/491092\/"},"modified":"2025-10-26T11:52:12","modified_gmt":"2025-10-26T11:52:12","slug":"un-veritable-guet-apens-des-joueurs-amateurs-de-rugby-agresses-apres-leur","status":"publish","type":"post","link":"https:\/\/www.europesays.com\/fr\/491092\/","title":{"rendered":"\u00ab\u00a0Un v\u00e9ritable guet-apens\u00a0!\u00a0\u00bb\u00a0: des joueurs amateurs de rugby agress\u00e9s apr\u00e8s leur"},"content":{"rendered":"<p>Des joueurs du Nissa rugby, un club amateur de Nice, ont \u00e9t\u00e9 agress\u00e9s. Les rugbymen, <strong>\u00ab\u00a0des adultes qui ont une quarantaine, une cinquantaine d\u2019ann\u00e9es et pratiquent en loisirs\u00a0\u00bb<\/strong>, selon le pr\u00e9sident du club Patrice Pr\u00e9v\u00f4t cit\u00e9 par  <a href=\"https:\/\/www.nicematin.com\/faits-divers\/un-guet-apens-trois-joueurs-amateurs-du-nissa-rugby-blesses-10653912\" target=\"_blank\" rel=\"noopener\">Nice Matin<\/a> , ont \u00e9t\u00e9 pris \u00e0 partie en fin de soir\u00e9e, pendant un d\u00eener qui suivait leur entra\u00eenement.<\/p>\n<p><strong>\u00ab\u00a0En fait, le groupe mangeait en terrasse apr\u00e8s son entra\u00eenement<\/strong>, relate Prev\u00f4t. <strong>Il \u00e9tait 23\u00a0heures, ils terminaient leur repas et ont re\u00e7u des salves de cailloux. Il y a eu plusieurs salves. \u00c0 un moment, ils sont sortis et sont tomb\u00e9s dans un v\u00e9ritable guet-apens. En passant derri\u00e8re la tribune, ils ont \u00e9t\u00e9 accueillis \u00e0 coups de pied, de poing, on a m\u00eame retrouv\u00e9 une arme contondante sur place.\u00a0\u00bb<\/strong><\/p>\n<p>Christian Estrosi a \u00e9crit au pr\u00e9fet<\/p>\n<p>Trois joueurs ont \u00e9t\u00e9 l\u00e9g\u00e8rement bless\u00e9s et ont d\u00e9pos\u00e9 plainte, au m\u00eame titre que le club. <strong>\u00ab\u00a0L\u2019environnement imm\u00e9diat du club est compliqu\u00e9, avec des gens du voyage, des Roms. Nous faisons tout pour entretenir des relations correctes et souhaitons que \u00e7a continue. Je veux que les auteurs, quels qu\u2019ils soient, soient identifi\u00e9s\u00a0\u00bb<\/strong>, continue le pr\u00e9sident, qui a r\u00e9clam\u00e9 des mesures de s\u00e9curit\u00e9.<\/p>\n<p><strong>Lire aussi\u00a0:<\/strong> <a href=\"https:\/\/aurillac.maville.com\/sport\/detail_-un-arbitre-de-rugby-benevole-roue-de-coups-par-un-educateur-devant-des-enfants-_53511-6857711_actu.Htm\" target=\"_blank\" rel=\"noopener\">un arbitre de rugby b\u00e9n\u00e9vole rou\u00e9 de coups par un \u00e9ducateur, devant des enfants<\/a><\/p>\n<p><strong>\u00ab\u00a0Ce qui s\u2019est pass\u00e9 hier soir aux Arboras est intol\u00e9rable<\/strong>, a r\u00e9agi vendredi Christian Estrosi, maire de Nice, sur X (anciennement Twitter). <strong>Des joueurs du Nissa rugby en compagnie de leur famille, agress\u00e9s, bless\u00e9s, pris dans un guet-apens. J\u2019\u00e9cris au pr\u00e9fet pour demander une r\u00e9ponse ferme et imm\u00e9diate face \u00e0 une situation qui devient intenable aux abords du stade en raison de la pr\u00e9sence de roms.\u00a0\u00bb<\/strong><\/p>\n<p>La police se trouvait sur les lieux, en d\u00e9but d\u2019apr\u00e8s-midi vendredi. Une enqu\u00eate a \u00e9t\u00e9 ouverte et la vid\u00e9osurveillance saisie.<\/p>\n<p>\u00a0<\/p>\n","protected":false},"excerpt":{"rendered":"Des joueurs du Nissa rugby, un club amateur de Nice, ont \u00e9t\u00e9 agress\u00e9s. Les rugbymen, \u00ab\u00a0des adultes qui&hellip;\n","protected":false},"author":2,"featured_media":491093,"comment_status":"","ping_status":"","sticky":false,"template":"","format":"standard","meta":{"footnotes":""},"categories":[2819],"tags":[1111,11,3809,1465,1777,674,63,1011,27,1792,9958,1922,12,2401,882,25,479,517,1470],"class_list":{"0":"post-491092","1":"post","2":"type-post","3":"status-publish","4":"format-standard","5":"has-post-thumbnail","7":"category-nice","8":"tag-actu","9":"tag-actualites","10":"tag-ball","11":"tag-basket","12":"tag-eu","13":"tag-europe","14":"tag-football","15":"tag-fr","16":"tag-france","17":"tag-handball","18":"tag-hyeres","19":"tag-info","20":"tag-news","21":"tag-nice","22":"tag-provence-alpes-cote-dazur","23":"tag-republique-francaise","24":"tag-rugby","25":"tag-sport","26":"tag-volley"},"share_on_mastodon":{"url":"https:\/\/pubeurope.com\/@fr\/115440329981585413","error":""},"_links":{"self":[{"href":"https:\/\/www.europesays.com\/fr\/wp-json\/wp\/v2\/posts\/491092","targetHints":{"allow":["GET"]}}],"collection":[{"href":"https:\/\/www.europesays.com\/fr\/wp-json\/wp\/v2\/posts"}],"about":[{"href":"https:\/\/www.europesays.com\/fr\/wp-json\/wp\/v2\/types\/post"}],"author":[{"embeddable":true,"href":"https:\/\/www.europesays.com\/fr\/wp-json\/wp\/v2\/users\/2"}],"replies":[{"embeddable":true,"href":"https:\/\/www.europesays.com\/fr\/wp-json\/wp\/v2\/comments?post=491092"}],"version-history":[{"count":0,"href":"https:\/\/www.europesays.com\/fr\/wp-json\/wp\/v2\/posts\/491092\/revisions"}],"wp:featuredmedia":[{"embeddable":true,"href":"https:\/\/www.europesays.com\/fr\/wp-json\/wp\/v2\/media\/491093"}],"wp:attachment":[{"href":"https:\/\/www.europesays.com\/fr\/wp-json\/wp\/v2\/media?parent=491092"}],"wp:term":[{"taxonomy":"category","embeddable":true,"href":"https:\/\/www.europesays.com\/fr\/wp-json\/wp\/v2\/categories?post=491092"},{"taxonomy":"post_tag","embeddable":true,"href":"https:\/\/www.europesays.com\/fr\/wp-json\/wp\/v2\/tags?post=491092"}],"curies":[{"name":"wp","href":"https:\/\/api.w.org\/{rel}","templated":true}]}}