{"id":491096,"date":"2025-10-26T11:54:26","date_gmt":"2025-10-26T11:54:26","guid":{"rendered":"https:\/\/www.europesays.com\/fr\/491096\/"},"modified":"2025-10-26T11:54:26","modified_gmt":"2025-10-26T11:54:26","slug":"basse-goulaine-une-nouvelle-presidente-a-goulaine-country","status":"publish","type":"post","link":"https:\/\/www.europesays.com\/fr\/491096\/","title":{"rendered":"Basse-Goulaine. Une nouvelle pr\u00e9sidente \u00e0 Goulaine Country"},"content":{"rendered":"<p>Lors de la derni\u00e8re assembl\u00e9e g\u00e9n\u00e9rale, le bureau de l\u2019association Goulaine Country, comme il l\u2019avait annonc\u00e9 depuis longtemps, ne s\u2019est pas repr\u00e9sent\u00e9. Il a fallu recomposer enti\u00e8rement\u00a0le bureau arriv\u00e9 en fin de cycle afin de remplacer\u00a0les piliers de l\u2019association\u00a0d\u00e9j\u00e0 pr\u00e9sents \u00e0\u00a0sa cr\u00e9ation avec Lo\u00efc Pair\u00e9 il y a 18\u00a0ann\u00e9es.<\/p>\n<p>Aujourd\u2019hui, c\u2019est chose faite. Jacqueline Saillant est la nouvelle pr\u00e9sidente.<\/p>\n<p>Pour prendre ses marques, le bureau o\u00f9 tous les postes sont doubl\u00e9s, a pris les d\u00e9cisions suivantes\u00a0: les cours de d\u00e9butants sont supprim\u00e9s cette ann\u00e9e, le festival est mis en sommeil cette ann\u00e9e aussi. En revanche, les animations concernant le T\u00e9l\u00e9thon, la galette des Rois, la f\u00eate de la Musique sont maintenus. Deux bals sont pr\u00e9vus en 2026 les 29\u00a0mars et le 19\u00a0avril. Aujourd\u2019hui, l\u2019association compte 110\u00a0adh\u00e9rents.<\/p>\n<p>Le bureau<\/p>\n<p>Sur la photo en haut de gauche \u00e0 droite\u00a0: Rodrigue Grupont vice-pr\u00e9sident, Marie-C\u00e9cile Grupont tr\u00e9sori\u00e8re, Catherine le Bihan secr\u00e9taire, Claire Dunan secr\u00e9taire, Gr\u00e9gory Godin vice-pr\u00e9sident. Agenouill\u00e9es (\u00e0 g) Fanny Lahonda tr\u00e9sori\u00e8re et Jacqueline Saillant pr\u00e9sidente.<\/p>\n<p>\u00a0<\/p>\n","protected":false},"excerpt":{"rendered":"Lors de la derni\u00e8re assembl\u00e9e g\u00e9n\u00e9rale, le bureau de l\u2019association Goulaine Country, comme il l\u2019avait annonc\u00e9 depuis longtemps,&hellip;\n","protected":false},"author":2,"featured_media":491097,"comment_status":"","ping_status":"","sticky":false,"template":"","format":"standard","meta":{"footnotes":""},"categories":[2818],"tags":[1111,11,3266,45760,1777,674,1011,27,61372,766,12,2043,2636,19924,25],"class_list":{"0":"post-491096","1":"post","2":"type-post","3":"status-publish","4":"format-standard","5":"has-post-thumbnail","7":"category-nantes","8":"tag-actu","9":"tag-actualites","10":"tag-basse-goulaine","11":"tag-country","12":"tag-eu","13":"tag-europe","14":"tag-fr","15":"tag-france","16":"tag-goulaine","17":"tag-nantes","18":"tag-news","19":"tag-nouvelle","20":"tag-pays-de-la-loire","21":"tag-presidente","22":"tag-republique-francaise"},"share_on_mastodon":{"url":"https:\/\/pubeurope.com\/@fr\/115440337907149589","error":""},"_links":{"self":[{"href":"https:\/\/www.europesays.com\/fr\/wp-json\/wp\/v2\/posts\/491096","targetHints":{"allow":["GET"]}}],"collection":[{"href":"https:\/\/www.europesays.com\/fr\/wp-json\/wp\/v2\/posts"}],"about":[{"href":"https:\/\/www.europesays.com\/fr\/wp-json\/wp\/v2\/types\/post"}],"author":[{"embeddable":true,"href":"https:\/\/www.europesays.com\/fr\/wp-json\/wp\/v2\/users\/2"}],"replies":[{"embeddable":true,"href":"https:\/\/www.europesays.com\/fr\/wp-json\/wp\/v2\/comments?post=491096"}],"version-history":[{"count":0,"href":"https:\/\/www.europesays.com\/fr\/wp-json\/wp\/v2\/posts\/491096\/revisions"}],"wp:featuredmedia":[{"embeddable":true,"href":"https:\/\/www.europesays.com\/fr\/wp-json\/wp\/v2\/media\/491097"}],"wp:attachment":[{"href":"https:\/\/www.europesays.com\/fr\/wp-json\/wp\/v2\/media?parent=491096"}],"wp:term":[{"taxonomy":"category","embeddable":true,"href":"https:\/\/www.europesays.com\/fr\/wp-json\/wp\/v2\/categories?post=491096"},{"taxonomy":"post_tag","embeddable":true,"href":"https:\/\/www.europesays.com\/fr\/wp-json\/wp\/v2\/tags?post=491096"}],"curies":[{"name":"wp","href":"https:\/\/api.w.org\/{rel}","templated":true}]}}