{"id":491100,"date":"2025-10-26T11:56:10","date_gmt":"2025-10-26T11:56:10","guid":{"rendered":"https:\/\/www.europesays.com\/fr\/491100\/"},"modified":"2025-10-26T11:56:10","modified_gmt":"2025-10-26T11:56:10","slug":"forte-de-son-succes-cette-enseigne-de-cookies-ouvre-une-nouvelle-boutique-sur-une-place-centrale-de-bordeaux","status":"publish","type":"post","link":"https:\/\/www.europesays.com\/fr\/491100\/","title":{"rendered":"Forte de son succ\u00e8s, cette enseigne de cookies ouvre une nouvelle boutique sur une place centrale de Bordeaux"},"content":{"rendered":"<p>            Par<br \/>\n        <strong><br \/>\n            <a href=\"https:\/\/actu.fr\/auteur\/juliette-cardinale\" title=\"Consulter tous les articles de Juliette Cardinale\" target=\"_blank\" rel=\"noopener\">Juliette Cardinale<\/a><br \/>\n        <\/strong><\/p>\n<p>        Publi\u00e9 le<\/p>\n<p>            26 oct. 2025 \u00e0 12h16        <\/p>\n<p>C\u2019est la nouvelle enseigne de la place Pey Berland, mais les amateurs de cookies bordelais connaissent d\u00e9j\u00e0 bien son nom. Depuis la fin septembre 2025, le <strong>troisi\u00e8me Tiki Bar <\/strong>\u00a0<a href=\"https:\/\/actu.fr\/bordeaux\/\" target=\"_blank\" rel=\"noopener\">de Bordeaux<\/a> a ouvert ses portes \u00e0 hauteur de l\u2019arr\u00eat du tram B. Cr\u00e9\u00e9e par une fratrie originaire du bassin d\u2019Arcachon, l\u2019enseigne a rencontr\u00e9 le succ\u00e8s et se d\u00e9veloppe depuis trois ans gr\u00e2ce \u00e0 ses deux produits phares : la p\u00e2te \u00e0 cookie et les smoothies.\u00a0<\/p>\n<p>Trois ans de succ\u00e8s<\/p>\n<p class=\" wall-content\">En juin 2022, Florine et Alexandre ouvraient le premier Tiki Bar, au 16 rue du Parlement Sainte-Catherine. Tous deux sortis d\u2019\u00e9cole de commerce, ils d\u00e9cident alors d\u2019importer un cr\u00e9neau qui fonctionne bien \u00e0 Paris : de la <strong>p\u00e2te \u00e0 cookie crue <\/strong>servie dans un pot avec ses toppings au choix du client.<\/p>\n<p class=\" wall-content\">Leur c\u00f4t\u00e9 sportif les pousse \u00e0 allier la <strong>gourmandise<\/strong> des cookies avec le c\u00f4t\u00e9 <strong>healthy<\/strong> des smoothies. \u00ab\u00a0On peut avoir envie d\u2019un cookie g\u00e9n\u00e9reux et partager un moment avec quelqu\u2019un qui aime les smoothies prot\u00e9in\u00e9s\u00a0\u00bb, explique Alexandre. Sur la carte se m\u00ealent caf\u00e9s, smoothies, cookies cuits et p\u00e2tes \u00e0 cookie crues.\u00a0<\/p>\n<p class=\" wall-content\">\u00ab\u00a0Quand on a d\u00e9cid\u00e9 de cr\u00e9er un bar \u00e0 cookies, il n\u2019y avait que Be my cookie \u00e0 Bordeaux. Mais l\u2019ann\u00e9e o\u00f9 on s\u2019est lanc\u00e9, plusieurs se sont d\u00e9velopp\u00e9s en m\u00eame temps\u00a0\u00bb, d\u00e9taille Florine. Depuis, la folie des cookies s\u2019est belle est <a href=\"https:\/\/actu.fr\/nouvelle-aquitaine\/bordeaux_33063\/les-cookies-ont-envahi-bordeaux-on-est-la-ville-de-france-qui-a-le-plus-de-biscuiteries-au-metre-carre_62994858.html\" target=\"_blank\" rel=\"noopener\">bien empar\u00e9e de la ville avec de nombreuses enseignes d\u00e9di\u00e9es.<\/a> \u00ab\u00a0C\u2019est propre \u00e0 chacun de se diff\u00e9rencier. Ici, on se d\u00e9marque notamment <strong>par l\u2019esprit salon de th\u00e9,<\/strong> on peut s\u2019installer sur place, l\u00e0 o\u00f9 nos concurrents vendent \u00e0 emporter.\u00a0\u00bb<\/p>\n<p class=\" wall-content\"><a href=\"https:\/\/www.instagram.com\/p\/DN3FhWO1OUQ\/embed\" title=\"Ouvrir le lien sur Instagram\" target=\"_blank\" rel=\"noopener\">Visualiser le contenu sur Instagram<\/a><\/p>\n<p class=\" wall-content\">Pour donner envie aux clients de rester, Alexandre et Florine ont pari\u00e9 sur une d\u00e9coration <strong>tropicale et d\u00e9tendue.<\/strong> L\u2019enseigne nomm\u00e9e d\u2019apr\u00e8s un demi-dieu tahitien rend hommages \u00e0 leurs souvenirs de voyages en famille. Et permet de cr\u00e9er des lieux aussi instagrammables que les cookies.<\/p>\n<p class=\" wall-content\">Et la recette fonctionne : en mai dernier, le deuxi\u00e8me Tiki bar a ouvert aux Chartrons. Aujourd\u2019hui, l\u2019enseigne embauche <strong>14 employ\u00e9s<\/strong> \u00e0 travers ses 3 adresses.<\/p>\n<p>Un grand espace pour profiter de l\u2019offre<\/p>\n<p class=\" wall-content\">Avant, tout \u00e9tait pr\u00e9par\u00e9 dans la petite cuisine du local de la rue du Parlement Sainte-Catherine. Le laboratoire des trois adresses s\u2019est dor\u00e9navant install\u00e9 sous l\u2019\u00e9tablissement de la place Pey Berland. \u00ab\u00a0On a <strong>80 m\u00b2 pour l\u2019accueil des clients<\/strong>, et la m\u00eame superficie de sous-sol o\u00f9 se trouve la cuisine\u00a0\u00bb, d\u00e9taille Alexandre.\u00a0<\/p>\n<p>Votre r\u00e9gion, votre actu !<\/p>\n<p>Recevez chaque jour les infos qui comptent pour vous.<\/p>\n<p>\t<a href=\"https:\/\/actu.fr\/newsletter\" class=\"ac-btn ac-btn--corner ac-btn--medium ac-btn--blue800\" target=\"_blank\" rel=\"noopener\">S&rsquo;incrire<\/a><\/p>\n<p class=\" wall-content\">Le Tiki Bar de Pey Berland est ouvert <strong>tous les jours de 8h \u00e0 19h30.\u00a0<\/strong>Pour l\u2019instant, on y trouve la m\u00eame carte que dans les deux autres adresses, mais plusieurs projets sont en d\u00e9veloppement. Parmi eux : formule petit-d\u00e9jeuner, offre sal\u00e9e, groupe de running qui finirait dans l\u2019\u00e9tablissement le dimanche\u2026\u00a0\u00a0\u00ab\u00a0On veut que tout le monde trouve son compte du matin au soir\u00a0\u00bb, conclut Alexandre.<\/p>\n<p><a href=\"https:\/\/www.instagram.com\/tikibarbordeaux\/?hl=fr\" target=\"_blank\" rel=\"noopener\">Tiki Bar<\/a>, 19 place Pey Berland \u00e0 Bordeaux. Ouvert tous les jours de 8h \u00e0 19h30.<\/p>\n<p class=\" wall-content\">Personnalisez votre actualit\u00e9 en ajoutant vos villes et m\u00e9dias en favori avec <a href=\"https:\/\/moncompte.actu.fr\" title=\"D\u00e9couvez Mon Actu\" rel=\"nofollow noopener\" data-trk=\"{&quot;cta&quot;:{&quot;action&quot;:&quot;https:\\\/\\\/moncompte.actu.fr&quot;,&quot;category&quot;:&quot;mon compte&quot;,&quot;from&quot;:&quot;article footer&quot;,&quot;name&quot;:&quot;Mon actu&quot;,&quot;type&quot;:&quot;cta&quot;}}\" target=\"_blank\">Mon Actu<\/a>.<\/p>\n<p>                    <script async src=\"\/\/www.instagram.com\/embed.js\"><\/script><\/p>\n","protected":false},"excerpt":{"rendered":"Par Juliette Cardinale Publi\u00e9 le 26 oct. 2025 \u00e0 12h16 C\u2019est la nouvelle enseigne de la place Pey&hellip;\n","protected":false},"author":2,"featured_media":491101,"comment_status":"","ping_status":"","sticky":false,"template":"","format":"standard","meta":{"footnotes":""},"categories":[2817],"tags":[1111,11,1997,215,1777,674,1011,27,12,3147,2219,25,104],"class_list":{"0":"post-491100","1":"post","2":"type-post","3":"status-publish","4":"format-standard","5":"has-post-thumbnail","7":"category-bordeaux","8":"tag-actu","9":"tag-actualites","10":"tag-bordeaux","11":"tag-commerce","12":"tag-eu","13":"tag-europe","14":"tag-fr","15":"tag-france","16":"tag-news","17":"tag-nouveaux-commerces","18":"tag-nouvelle-aquitaine","19":"tag-republique-francaise","20":"tag-societe"},"share_on_mastodon":{"url":"https:\/\/pubeurope.com\/@fr\/115440345786594631","error":""},"_links":{"self":[{"href":"https:\/\/www.europesays.com\/fr\/wp-json\/wp\/v2\/posts\/491100","targetHints":{"allow":["GET"]}}],"collection":[{"href":"https:\/\/www.europesays.com\/fr\/wp-json\/wp\/v2\/posts"}],"about":[{"href":"https:\/\/www.europesays.com\/fr\/wp-json\/wp\/v2\/types\/post"}],"author":[{"embeddable":true,"href":"https:\/\/www.europesays.com\/fr\/wp-json\/wp\/v2\/users\/2"}],"replies":[{"embeddable":true,"href":"https:\/\/www.europesays.com\/fr\/wp-json\/wp\/v2\/comments?post=491100"}],"version-history":[{"count":0,"href":"https:\/\/www.europesays.com\/fr\/wp-json\/wp\/v2\/posts\/491100\/revisions"}],"wp:featuredmedia":[{"embeddable":true,"href":"https:\/\/www.europesays.com\/fr\/wp-json\/wp\/v2\/media\/491101"}],"wp:attachment":[{"href":"https:\/\/www.europesays.com\/fr\/wp-json\/wp\/v2\/media?parent=491100"}],"wp:term":[{"taxonomy":"category","embeddable":true,"href":"https:\/\/www.europesays.com\/fr\/wp-json\/wp\/v2\/categories?post=491100"},{"taxonomy":"post_tag","embeddable":true,"href":"https:\/\/www.europesays.com\/fr\/wp-json\/wp\/v2\/tags?post=491100"}],"curies":[{"name":"wp","href":"https:\/\/api.w.org\/{rel}","templated":true}]}}