{"id":491109,"date":"2025-10-26T12:02:12","date_gmt":"2025-10-26T12:02:12","guid":{"rendered":"https:\/\/www.europesays.com\/fr\/491109\/"},"modified":"2025-10-26T12:02:12","modified_gmt":"2025-10-26T12:02:12","slug":"une-devotion-pour-la-medecine-immersion-chez-les-blanc-a-marseille","status":"publish","type":"post","link":"https:\/\/www.europesays.com\/fr\/491109\/","title":{"rendered":"une d\u00e9votion pour la m\u00e9decine, immersion chez les Blanc \u00e0 Marseille"},"content":{"rendered":"<p>Chaque dimanche, La Provence s&rsquo;invite dans le quotidien d&rsquo;une famille. Ce 26 octobre, immersion dans le 12e arrondissement de Marseille chez Bernard et Carole Blanc.\u00a0<\/p>\n<p>Bernard (87\u00a0ans \u00ab\u00a0dans deux mois\u00a0\u00bb)<\/p>\n<p>Carole (72\u00a0ans)<\/p>\n<p>Une magnifique bastide class\u00e9e du 12e arrondissement de Marseille, avec jardin et piscine. \u00ab\u00a0On nous a dit qu&rsquo;elle datait du XIXe si\u00e8cle, mais on pense qu&rsquo;elle est plus ancienne.\u00a0\u00bb V\u00e9randa et vitraux, hauts plafonds, cuirs fauves, mobilier et tapis Art d\u00e9co, sculptures africaines. Jadis, Bernard a \u00ab\u00a0pas mal\u00a0\u00bb fr\u00e9quent\u00e9 les salles des ventes.<\/p>\n<p>Carole a apport\u00e9 sa \u00ab\u00a0petite touche\u00a0\u00bb \u00e0 ce \u00ab\u00a0d\u00e9cor tr\u00e8s masculin\u00a0\u00bb (cama\u00efeu de roux, de bruns)\u00a0: par exemple le lampadaire en forme d&rsquo;arbre, aux feuilles d&rsquo;automne, \u00ab\u00a0\u00e7a fait une lumi\u00e8re fantastique\u00a0\u00bb. \u00c0 l&rsquo;\u00e9tage, petite curiosit\u00e9, un couloir permet de faire \u00ab\u00a0tout le tour\u00a0\u00bb de la maison, tel un chemin de ronde int\u00e9rieur. Les Blanc vivent ici depuis 40\u00a0ans. \u00ab\u00a0\u00c0 l&rsquo;\u00e9poque ce quartier, c&rsquo;\u00e9tait la campagne\u00a0!\u00a0\u00bb Alentours, les promoteurs immobiliers grignotent \u00e0 marche rapide ce qui reste des grandes propri\u00e9t\u00e9s bourgeoises du quartier.<\/p>\n<p>Gyn\u00e9cologue obst\u00e9tricien, Bernard ne prendra \u00ab\u00a0jamais\u00a0\u00bb sa retraite (\u00ab\u00a0Ma quoi\u00a0?\u00a0\u00bb). S&rsquo;il n&rsquo;accouch&#8230;<\/p>\n","protected":false},"excerpt":{"rendered":"Chaque dimanche, La Provence s&rsquo;invite dans le quotidien d&rsquo;une famille. Ce 26 octobre, immersion dans le 12e arrondissement&hellip;\n","protected":false},"author":2,"featured_media":491110,"comment_status":"","ping_status":"","sticky":false,"template":"","format":"standard","meta":{"footnotes":""},"categories":[2814],"tags":[17,1111,11,3694,251,61373,1777,674,652,1011,27,14924,884,224,12,471,882,25,96],"class_list":{"0":"post-491109","1":"post","2":"type-post","3":"status-publish","4":"format-standard","5":"has-post-thumbnail","7":"category-marseille","8":"tag-17","9":"tag-actu","10":"tag-actualites","11":"tag-affaires","12":"tag-culture","13":"tag-devotion","14":"tag-eu","15":"tag-europe","16":"tag-famille","17":"tag-fr","18":"tag-france","19":"tag-immersion","20":"tag-marseille","21":"tag-medecine","22":"tag-news","23":"tag-pour","24":"tag-provence-alpes-cote-dazur","25":"tag-republique-francaise","26":"tag-une"},"share_on_mastodon":{"url":"https:\/\/pubeurope.com\/@fr\/115440369286797933","error":""},"_links":{"self":[{"href":"https:\/\/www.europesays.com\/fr\/wp-json\/wp\/v2\/posts\/491109","targetHints":{"allow":["GET"]}}],"collection":[{"href":"https:\/\/www.europesays.com\/fr\/wp-json\/wp\/v2\/posts"}],"about":[{"href":"https:\/\/www.europesays.com\/fr\/wp-json\/wp\/v2\/types\/post"}],"author":[{"embeddable":true,"href":"https:\/\/www.europesays.com\/fr\/wp-json\/wp\/v2\/users\/2"}],"replies":[{"embeddable":true,"href":"https:\/\/www.europesays.com\/fr\/wp-json\/wp\/v2\/comments?post=491109"}],"version-history":[{"count":0,"href":"https:\/\/www.europesays.com\/fr\/wp-json\/wp\/v2\/posts\/491109\/revisions"}],"wp:featuredmedia":[{"embeddable":true,"href":"https:\/\/www.europesays.com\/fr\/wp-json\/wp\/v2\/media\/491110"}],"wp:attachment":[{"href":"https:\/\/www.europesays.com\/fr\/wp-json\/wp\/v2\/media?parent=491109"}],"wp:term":[{"taxonomy":"category","embeddable":true,"href":"https:\/\/www.europesays.com\/fr\/wp-json\/wp\/v2\/categories?post=491109"},{"taxonomy":"post_tag","embeddable":true,"href":"https:\/\/www.europesays.com\/fr\/wp-json\/wp\/v2\/tags?post=491109"}],"curies":[{"name":"wp","href":"https:\/\/api.w.org\/{rel}","templated":true}]}}