{"id":491111,"date":"2025-10-26T12:03:10","date_gmt":"2025-10-26T12:03:10","guid":{"rendered":"https:\/\/www.europesays.com\/fr\/491111\/"},"modified":"2025-10-26T12:03:10","modified_gmt":"2025-10-26T12:03:10","slug":"roberto-de-zerbi-mme-frappart-est-pour-moi-la-meilleure-arbitre-de-ligue-1-ligue-1-j9-lens-marseille-2-1","status":"publish","type":"post","link":"https:\/\/www.europesays.com\/fr\/491111\/","title":{"rendered":"Roberto De Zerbi : \u00ab\u202fMme Frappart est pour moi la meilleure arbitre de Ligue 1\u202f\u00bb &#8211; Ligue 1 &#8211; J9 &#8211; Lens-Marseille (2-1)"},"content":{"rendered":"<p>Un soutien inattendu.<\/p>\n<p>Il n\u2019est pas rare de voir un entra\u00eeneur critiquer la prestation de l\u2019arbitre apr\u00e8s une d\u00e9faite. En revanche, il est plus rare de voir un coach f\u00e9liciter un arbitre apr\u00e8s une d\u00e9faite. C\u2019est pourtant ce qu\u2019il s\u2019est pass\u00e9 avec Roberto De Zerbi qui a tenu \u00e0 saluer la prestation de St\u00e9phanie Frappart malgr\u00e9 le revers de l\u2019Olympique de Marseille \u00e0 Lens (2-1). En conf\u00e9rence de presse, l\u2019entra\u00eeneur italien est revenu sur l\u2019action du penalty accord\u00e9 aux Nordistes apr\u00e8s une faute de Benjamin Pavard : \u00ab\u202fJe n\u2019ai pas revu l\u2019image ce soir, mais je suis s\u00fbr que Pavard a commis une faute, Mme Frappart est pour moi la meilleure arbitre de Ligue 1\u202f\u00bb.\u00a0<\/p>\n<p>Ce que De Zerbi oublie de dire c\u2019est que Mme Frappart avait dans un premier temps siffler une simulation d\u2019Odsonne Edouard avant d\u2019\u00eatre appel\u00e9 par le VAR et de changer sa d\u00e9cision. Quoi qu\u2019il en soit \u2013 \u00e0 moins que ce soit de l\u2019ironie de la part de l\u2019Italien \u2013 ce message va faire du bien \u00e0 St\u00e9phanie Frappart qui est souvent critiqu\u00e9e et qui a v\u00e9cu un d\u00e9but de saison compliqu\u00e9 avec <a target=\"_blank\" href=\"https:\/\/www.sofoot.com\/articles\/arbitrage-stephanie-frappart-au-purgatoire-apres-son-explication-concernant-la-faute-sur-merah-lors-de-rennes-lyon\" rel=\"noopener\">ce fameux \u00ab\u202f\u00c7a glisse\u202f\u00bb\u00a0lors de Rennes-Lyon.\u00a0<\/a><\/p>\n<p>Apr\u00e8s, Roberto De Zerbi a raison, St\u00e9phanie Frappart \u00e9tant la seule femme \u00e0 arbitrer en Ligue 1, elle est forc\u00e9ment la meilleure.<\/p>\n<p>\t\t\t\t\t\t\t\t\t\t<a class=\"lien-connexe\" href=\"https:\/\/www.sofoot.com\/breves\/olympique-de-marseille-les-excuses-de-benjamin-pavard-apres-son-match-totalement-rate-contre-lens\" target=\"_blank\" rel=\"noopener\">Benjamin Pavard s\u2019excuse apr\u00e8s son match rat\u00e9 contre Lens<\/a>\t\t\t\t\t<\/p>\n","protected":false},"excerpt":{"rendered":"Un soutien inattendu. Il n\u2019est pas rare de voir un entra\u00eeneur critiquer la prestation de l\u2019arbitre apr\u00e8s une&hellip;\n","protected":false},"author":2,"featured_media":491112,"comment_status":"","ping_status":"","sticky":false,"template":"","format":"standard","meta":{"footnotes":""},"categories":[2814],"tags":[1111,47,11,61,69,65,64,1777,674,63,1011,27,68,66,884,12,62,70,882,25,67],"class_list":{"0":"post-491111","1":"post","2":"type-post","3":"status-publish","4":"format-standard","5":"has-post-thumbnail","7":"category-marseille","8":"tag-actu","9":"tag-actualite","10":"tag-actualites","11":"tag-actus-football","12":"tag-bundesliga","13":"tag-championnats-europeens","14":"tag-equipe-de-france","15":"tag-eu","16":"tag-europe","17":"tag-football","18":"tag-fr","19":"tag-france","20":"tag-ligua","21":"tag-ligue-1","22":"tag-marseille","23":"tag-news","24":"tag-news-foot","25":"tag-premier-league","26":"tag-provence-alpes-cote-dazur","27":"tag-republique-francaise","28":"tag-serie-a"},"share_on_mastodon":{"url":"https:\/\/pubeurope.com\/@fr\/115440373224840172","error":""},"_links":{"self":[{"href":"https:\/\/www.europesays.com\/fr\/wp-json\/wp\/v2\/posts\/491111","targetHints":{"allow":["GET"]}}],"collection":[{"href":"https:\/\/www.europesays.com\/fr\/wp-json\/wp\/v2\/posts"}],"about":[{"href":"https:\/\/www.europesays.com\/fr\/wp-json\/wp\/v2\/types\/post"}],"author":[{"embeddable":true,"href":"https:\/\/www.europesays.com\/fr\/wp-json\/wp\/v2\/users\/2"}],"replies":[{"embeddable":true,"href":"https:\/\/www.europesays.com\/fr\/wp-json\/wp\/v2\/comments?post=491111"}],"version-history":[{"count":0,"href":"https:\/\/www.europesays.com\/fr\/wp-json\/wp\/v2\/posts\/491111\/revisions"}],"wp:featuredmedia":[{"embeddable":true,"href":"https:\/\/www.europesays.com\/fr\/wp-json\/wp\/v2\/media\/491112"}],"wp:attachment":[{"href":"https:\/\/www.europesays.com\/fr\/wp-json\/wp\/v2\/media?parent=491111"}],"wp:term":[{"taxonomy":"category","embeddable":true,"href":"https:\/\/www.europesays.com\/fr\/wp-json\/wp\/v2\/categories?post=491111"},{"taxonomy":"post_tag","embeddable":true,"href":"https:\/\/www.europesays.com\/fr\/wp-json\/wp\/v2\/tags?post=491111"}],"curies":[{"name":"wp","href":"https:\/\/api.w.org\/{rel}","templated":true}]}}