{"id":491113,"date":"2025-10-26T12:04:10","date_gmt":"2025-10-26T12:04:10","guid":{"rendered":"https:\/\/www.europesays.com\/fr\/491113\/"},"modified":"2025-10-26T12:04:10","modified_gmt":"2025-10-26T12:04:10","slug":"nouvel-incident-lors-des-epreuves-de-medecine-a-lyon","status":"publish","type":"post","link":"https:\/\/www.europesays.com\/fr\/491113\/","title":{"rendered":"nouvel incident lors des \u00e9preuves de m\u00e9decine \u00e0 Lyon"},"content":{"rendered":"<p>Apr\u00e8s l\u2019annulation de la premi\u00e8re \u00e9preuve nationale des EDN lundi, un nouvel incident a \u00e9clat\u00e9 jeudi 23 octobre \u00e0 la facult\u00e9 de Lyon Est, semant la panique parmi les candidats encore en salle.<\/p>\n<p>\u201cSur la fin de l\u2019\u00e9preuve, un incident totalement surr\u00e9aliste pendant je composais\u201d, raconte\u00a0Marie*, \u00e9tudiante en 6e ann\u00e9e de m\u00e9decine. \u00ab\u00a0Alors que nous \u00e9tions encore plusieurs \u00e9tudiants en tiers temps, quelqu\u2019un a pris le micro de l\u2019amphith\u00e9\u00e2tre principal et a diffus\u00e9 des cris, insultes et pri\u00e8res religieuses pendant environ cinq minutes.\u00a0\u00bb<\/p>\n<p>Le micro de l\u2019amphith\u00e9\u00e2tre principal \u2014 normalement vide et ferm\u00e9 \u00e0 ce moment-l\u00e0 puisqu\u2019aucun tiers temps n\u2019y \u00e9tait organis\u00e9 \u2014 est reli\u00e9 \u00e0 l\u2019ensemble des autres salles de l&rsquo;universit\u00e9, diffusant ainsi les propos dans tous les amphith\u00e9\u00e2tres.<\/p>\n<p>Marie pr\u00e9cise : \u201cJe ne comprenais pas ce qu\u2019ils disaient, ce n\u2019\u00e9tait pas en fran\u00e7ais. Une amie qui comprend l\u2019arabe nous a dit que c\u2019\u00e9taient des pri\u00e8res. J\u2019ai seulement compris Allah Akbar\u00a0r\u00e9p\u00e9t\u00e9e \u00e0 plusieurs reprises.\u00a0On ne va pas se mentir, \u00e7a a cr\u00e9\u00e9 de l&rsquo;incompr\u00e9hension et de la peur, personne ne comprenait ce qu\u2019il se passait.\u00a0Beaucoup ont cru qu\u2019il s\u2019agissait d\u2019un attentat.\u201d<\/p>\n<p>D\u2019apr\u00e8s cette m\u00eame t\u00e9moin,\u00a0\u201cla facult\u00e9 nous a expliqu\u00e9 que des personnes se seraient introduites sur le site\u201d, avant de prendre le contr\u00f4le du micro de l\u2019amphith\u00e9\u00e2tre principal.<\/p>\n<p>Aucune compensation<\/p>\n<p>Les \u00e9tudiants affirment que malgr\u00e9 la confusion, aucune mesure concr\u00e8te n\u2019a \u00e9t\u00e9 prise. \u00ab\u00a0Dans l\u2019autre salle, les surveillants ont dit : &lsquo;ne vous inqui\u00e9tez pas, \u00e7a a dur\u00e9 cinq minutes, vous aurez cinq minutes suppl\u00e9mentaires \u00e0 la fin&rsquo;. Mais c\u2019\u00e9tait faux : il n\u2019y a jamais eu de temps en plus, car les \u00e9preuves sont chronom\u00e9tr\u00e9es, nous sommes donc automatiquement d\u00e9connect\u00e9s \u00e0 la fin du temps imparti.\u00a0\u00bb<\/p>\n<p>Les \u00e9tudiants concern\u00e9s affirment avoir perdu entre \u201cquatre et six questions sur trente\u201d, un \u00e9cart qui pourrait avoir un impact important sur leur classement national. \u201cOn a tout de suite \u00e9t\u00e9 voir le doyen pour dire que ce n\u2019\u00e9tait pas normal. Lundi, l\u2019\u00e9preuve avait \u00e9t\u00e9 annul\u00e9e pour un probl\u00e8me d\u2019\u00e9quit\u00e9, et l\u00e0, on nous dit qu\u2019il n\u2019y a pas de probl\u00e8me\u201d, d\u00e9plore Marie.<\/p>\n<p>Selon les t\u00e9moignages, une discussion d\u2019environ une heure aurait eu lieu entre la facult\u00e9 et le\u00a0Centre national de gestion (CNG<strong>)<\/strong>, en charge du concours. \u201cIls sont revenus vers nous en disant que l\u2019incident n\u2019\u00e9tait pas assez long pour impacter significativement les r\u00e9sultats, et qu\u2019il n\u2019y aurait donc ni compensation ni annulation.\u201d<\/p>\n<p>Au-del\u00e0 de la perte de points, les \u00e9tudiants d\u00e9noncent aussi un manque de s\u00e9curit\u00e9. \u201cFinalement, on a vu que n\u2019importe qui pouvait entrer dans la fac et faire ce qu\u2019il voulait. Aucun plan de s\u00e9curit\u00e9 particulier n\u2019a \u00e9t\u00e9 mis en place apr\u00e8s \u00e7a\u201d, souligne l\u2019une d\u2019elles.<\/p>\n<p>Plusieurs \u00e9tudiants indiquent avoir r\u00e9dig\u00e9 des proc\u00e8s-verbaux collectifs, transmis \u00e0 la facult\u00e9 pour signaler les faits. \u201cLes PV ont d\u2019abord \u00e9t\u00e9 refus\u00e9s, car r\u00e9dig\u00e9s bien apr\u00e8s l\u2019\u00e9preuve, puis finalement accept\u00e9s pour \u00eatre envoy\u00e9s au CNG. Mais depuis, on n\u2019a eu aucune nouvelle\u201d, ajoute Marie.<\/p>\n<p>Pour ces futurs m\u00e9decins, la semaine a laiss\u00e9 un go\u00fbt amer : \u201cPour un concours cens\u00e9 \u00eatre \u00e9quitable et serein, la s\u00e9curit\u00e9, la concentration et l\u2019\u00e9quit\u00e9 n\u2019ont clairement pas \u00e9t\u00e9 respect\u00e9es.\u201d<\/p>\n<p>Contact\u00e9e, l\u2019universit\u00e9 Lyon 1 n\u2019a pour l\u2019heure pas donn\u00e9 suite \u00e0 nos sollicitations.<\/p>\n<p>*Le pr\u00e9nom a \u00e9t\u00e9 modifi\u00e9<\/p>\n","protected":false},"excerpt":{"rendered":"Apr\u00e8s l\u2019annulation de la premi\u00e8re \u00e9preuve nationale des EDN lundi, un nouvel incident a \u00e9clat\u00e9 jeudi 23 octobre&hellip;\n","protected":false},"author":2,"featured_media":491114,"comment_status":"","ping_status":"","sticky":false,"template":"","format":"standard","meta":{"footnotes":""},"categories":[1889],"tags":[1111,11,2813,2190,2430,1109,251,1112,2811,1777,674,118,1011,27,1922,1110,1114,2428,2810,12,241,316,25,2812,517,800],"class_list":{"0":"post-491113","1":"post","2":"type-post","3":"status-publish","4":"format-standard","5":"has-post-thumbnail","7":"category-lyon","8":"tag-actu","9":"tag-actualites","10":"tag-article","11":"tag-asvel","12":"tag-auvergne-rhone-alpes","13":"tag-breves","14":"tag-culture","15":"tag-depeches","16":"tag-economique","17":"tag-eu","18":"tag-europe","19":"tag-faits-divers","20":"tag-fr","21":"tag-france","22":"tag-info","23":"tag-informations","24":"tag-infos","25":"tag-lyon","26":"tag-lyonmag","27":"tag-news","28":"tag-ol","29":"tag-politique","30":"tag-republique-francaise","31":"tag-sociale","32":"tag-sport","33":"tag-transports"},"share_on_mastodon":{"url":"https:\/\/pubeurope.com\/@fr\/115440377160150693","error":""},"_links":{"self":[{"href":"https:\/\/www.europesays.com\/fr\/wp-json\/wp\/v2\/posts\/491113","targetHints":{"allow":["GET"]}}],"collection":[{"href":"https:\/\/www.europesays.com\/fr\/wp-json\/wp\/v2\/posts"}],"about":[{"href":"https:\/\/www.europesays.com\/fr\/wp-json\/wp\/v2\/types\/post"}],"author":[{"embeddable":true,"href":"https:\/\/www.europesays.com\/fr\/wp-json\/wp\/v2\/users\/2"}],"replies":[{"embeddable":true,"href":"https:\/\/www.europesays.com\/fr\/wp-json\/wp\/v2\/comments?post=491113"}],"version-history":[{"count":0,"href":"https:\/\/www.europesays.com\/fr\/wp-json\/wp\/v2\/posts\/491113\/revisions"}],"wp:featuredmedia":[{"embeddable":true,"href":"https:\/\/www.europesays.com\/fr\/wp-json\/wp\/v2\/media\/491114"}],"wp:attachment":[{"href":"https:\/\/www.europesays.com\/fr\/wp-json\/wp\/v2\/media?parent=491113"}],"wp:term":[{"taxonomy":"category","embeddable":true,"href":"https:\/\/www.europesays.com\/fr\/wp-json\/wp\/v2\/categories?post=491113"},{"taxonomy":"post_tag","embeddable":true,"href":"https:\/\/www.europesays.com\/fr\/wp-json\/wp\/v2\/tags?post=491113"}],"curies":[{"name":"wp","href":"https:\/\/api.w.org\/{rel}","templated":true}]}}