{"id":491115,"date":"2025-10-26T12:05:15","date_gmt":"2025-10-26T12:05:15","guid":{"rendered":"https:\/\/www.europesays.com\/fr\/491115\/"},"modified":"2025-10-26T12:05:15","modified_gmt":"2025-10-26T12:05:15","slug":"lyon-un-pompier-voit-sa-plainte-pour-agression-classee-sans-suite-une-decision-incomprehensible","status":"publish","type":"post","link":"https:\/\/www.europesays.com\/fr\/491115\/","title":{"rendered":"Lyon. Un pompier voit sa plainte pour agression class\u00e9e sans suite: \u00ab\u00a0Une d\u00e9cision incompr\u00e9hensible\u00a0\u00bb"},"content":{"rendered":"<p>C\u2019est une d\u00e9cision qui a du mal \u00e0 passer au sein des sapeurs-pompiers du Rh\u00f4ne. Elle fait suite \u00e0 une agression survenue lors d\u2019une intervention dans la soir\u00e9e du mardi 21\u00a0octobre. Aux alentours de 22\u00a0h\u00a030, une ambulance \u00e0 bord de laquelle se trouvaient trois sapeurs-pompiers intervient au 5, place Dumas-de-Loire \u00e0 Lyon 9e.<\/p>\n<p>Les policiers forc\u00e9s d\u2019intervenir<\/p>\n<p>La police a sollicit\u00e9 les secours apr\u00e8s qu\u2019un homme d\u2019une trentaine d\u2019ann\u00e9es a \u00e9t\u00e9 victime d\u2019un traumatisme facial inflig\u00e9 par un autre individu.<\/p>\n<p>Alors que les pompiers prennent en charge le bless\u00e9 dans leur v\u00e9hicule, l\u2019auteur pr\u00e9sum\u00e9 de&#8230;<\/p>\n","protected":false},"excerpt":{"rendered":"C\u2019est une d\u00e9cision qui a du mal \u00e0 passer au sein des sapeurs-pompiers du Rh\u00f4ne. Elle fait suite&hellip;\n","protected":false},"author":2,"featured_media":491116,"comment_status":"","ping_status":"","sticky":false,"template":"","format":"standard","meta":{"footnotes":""},"categories":[1889],"tags":[1111,11,2430,271,272,2757,1777,674,274,1011,27,2428,2756,12,25,2429],"class_list":{"0":"post-491115","1":"post","2":"type-post","3":"status-publish","4":"format-standard","5":"has-post-thumbnail","7":"category-lyon","8":"tag-actu","9":"tag-actualites","10":"tag-auvergne-rhone-alpes","11":"tag-crime","12":"tag-delit-et-contravention","13":"tag-edition-lyon-villeurbanne","14":"tag-eu","15":"tag-europe","16":"tag-faits-divers-justice","17":"tag-fr","18":"tag-france","19":"tag-lyon","20":"tag-lyon-bassin","21":"tag-news","22":"tag-republique-francaise","23":"tag-rhone"},"share_on_mastodon":{"url":"https:\/\/pubeurope.com\/@fr\/115440381178377728","error":""},"_links":{"self":[{"href":"https:\/\/www.europesays.com\/fr\/wp-json\/wp\/v2\/posts\/491115","targetHints":{"allow":["GET"]}}],"collection":[{"href":"https:\/\/www.europesays.com\/fr\/wp-json\/wp\/v2\/posts"}],"about":[{"href":"https:\/\/www.europesays.com\/fr\/wp-json\/wp\/v2\/types\/post"}],"author":[{"embeddable":true,"href":"https:\/\/www.europesays.com\/fr\/wp-json\/wp\/v2\/users\/2"}],"replies":[{"embeddable":true,"href":"https:\/\/www.europesays.com\/fr\/wp-json\/wp\/v2\/comments?post=491115"}],"version-history":[{"count":0,"href":"https:\/\/www.europesays.com\/fr\/wp-json\/wp\/v2\/posts\/491115\/revisions"}],"wp:featuredmedia":[{"embeddable":true,"href":"https:\/\/www.europesays.com\/fr\/wp-json\/wp\/v2\/media\/491116"}],"wp:attachment":[{"href":"https:\/\/www.europesays.com\/fr\/wp-json\/wp\/v2\/media?parent=491115"}],"wp:term":[{"taxonomy":"category","embeddable":true,"href":"https:\/\/www.europesays.com\/fr\/wp-json\/wp\/v2\/categories?post=491115"},{"taxonomy":"post_tag","embeddable":true,"href":"https:\/\/www.europesays.com\/fr\/wp-json\/wp\/v2\/tags?post=491115"}],"curies":[{"name":"wp","href":"https:\/\/api.w.org\/{rel}","templated":true}]}}