{"id":491144,"date":"2025-10-26T12:29:17","date_gmt":"2025-10-26T12:29:17","guid":{"rendered":"https:\/\/www.europesays.com\/fr\/491144\/"},"modified":"2025-10-26T12:29:17","modified_gmt":"2025-10-26T12:29:17","slug":"paris-reprend-discretement-ses-evacuations-vers-la-france-liberation","status":"publish","type":"post","link":"https:\/\/www.europesays.com\/fr\/491144\/","title":{"rendered":"Paris reprend discr\u00e8tement ses \u00e9vacuations vers la France \u2013 Lib\u00e9ration"},"content":{"rendered":"<p class=\"sc-cPiKLX AiZTS text-element\">Apr\u00e8s pr\u00e8s de trois mois d\u2019interruption, la France a relanc\u00e9 ses op\u00e9rations d\u2019\u00e9vacuation depuis la bande de Gaza. Selon plusieurs sources concordantes, une nouvelle sortie a eu lieu ce dimanche 26 octobre \u00e0 l\u2019aube, marquant une reprise depuis le 1er ao\u00fbt, <a href=\"https:\/\/www.liberation.fr\/international\/moyen-orient\/gaza-les-evacuations-vers-la-france-toujours-a-larret-malgre-lurgence-humanitaire-20250913_ITS7JEY55VFJ7LZPKGXZ6J536A\/\" target=\"_blank\" rel=\"noopener\" title=\"https:\/\/www.liberation.fr\/international\/moyen-orient\/gaza-les-evacuations-vers-la-france-toujours-a-larret-malgre-lurgence-humanitaire-20250913_ITS7JEY55VFJ7LZPKGXZ6J536A\/\">date \u00e0 laquelle Paris avait officiellement gel\u00e9 les \u00e9vacuations<\/a>. Une vingtaine d\u2019\u00e9tudiants boursiers ont pu quitter le territoire. En revanche, plusieurs familles de ressortissants fran\u00e7ais ont vu leur d\u00e9part brutalement annul\u00e9 \u00e0 la derni\u00e8re minute. <\/p>\n<p class=\"sc-cPiKLX AiZTS text-element\">Les \u00e9tudiants \u00e9vacu\u00e9s aujourd\u2019hui \u00e9taient sur la liste des personnes qui devaient quitter Gaza le 6 ao\u00fbt, une op\u00e9ration qui avait \u00e9t\u00e9 annul\u00e9e \u00e0 la derni\u00e8re minute par les autorit\u00e9s fran\u00e7aises. Les laur\u00e9ats du programme Pause, <a href=\"https:\/\/www.liberation.fr\/international\/moyen-orient\/ici-on-se-deplace-sans-avoir-peur-de-gaza-a-angers-des-familles-rescapees-tentent-de-se-reconstruire-20250711_ASRCAUFUJJAMHDWIUUJHIT74DQ\/\" target=\"_blank\" rel=\"noopener\" title=\"https:\/\/www.liberation.fr\/international\/moyen-orient\/ici-on-se-deplace-sans-avoir-peur-de-gaza-a-angers-des-familles-rescapees-tentent-de-se-reconst &lt;div style=\" clear:=\"\" both=\"\"><\/p>\n","protected":false},"excerpt":{"rendered":"Apr\u00e8s pr\u00e8s de trois mois d\u2019interruption, la France a relanc\u00e9 ses op\u00e9rations d\u2019\u00e9vacuation depuis la bande de Gaza.&hellip;\n","protected":false},"author":2,"featured_media":491145,"comment_status":"","ping_status":"","sticky":false,"template":"","format":"standard","meta":{"footnotes":""},"categories":[4],"tags":[11,1011,27,3517,664,3523,12,3518,25],"class_list":{"0":"post-491144","1":"post","2":"type-post","3":"status-publish","4":"format-standard","5":"has-post-thumbnail","7":"category-france","8":"tag-actualites","9":"tag-fr","10":"tag-france","11":"tag-gaza-l-escalade","12":"tag-israel","13":"tag-israel-palestine-conflit","14":"tag-news","15":"tag-palestine","16":"tag-republique-francaise"},"share_on_mastodon":{"url":"https:\/\/pubeurope.com\/@fr\/115440475432868027","error":""},"_links":{"self":[{"href":"https:\/\/www.europesays.com\/fr\/wp-json\/wp\/v2\/posts\/491144","targetHints":{"allow":["GET"]}}],"collection":[{"href":"https:\/\/www.europesays.com\/fr\/wp-json\/wp\/v2\/posts"}],"about":[{"href":"https:\/\/www.europesays.com\/fr\/wp-json\/wp\/v2\/types\/post"}],"author":[{"embeddable":true,"href":"https:\/\/www.europesays.com\/fr\/wp-json\/wp\/v2\/users\/2"}],"replies":[{"embeddable":true,"href":"https:\/\/www.europesays.com\/fr\/wp-json\/wp\/v2\/comments?post=491144"}],"version-history":[{"count":0,"href":"https:\/\/www.europesays.com\/fr\/wp-json\/wp\/v2\/posts\/491144\/revisions"}],"wp:featuredmedia":[{"embeddable":true,"href":"https:\/\/www.europesays.com\/fr\/wp-json\/wp\/v2\/media\/491145"}],"wp:attachment":[{"href":"https:\/\/www.europesays.com\/fr\/wp-json\/wp\/v2\/media?parent=491144"}],"wp:term":[{"taxonomy":"category","embeddable":true,"href":"https:\/\/www.europesays.com\/fr\/wp-json\/wp\/v2\/categories?post=491144"},{"taxonomy":"post_tag","embeddable":true,"href":"https:\/\/www.europesays.com\/fr\/wp-json\/wp\/v2\/tags?post=491144"}],"curies":[{"name":"wp","href":"https:\/\/api.w.org\/{rel}","templated":true}]}}