{"id":491148,"date":"2025-10-26T12:33:12","date_gmt":"2025-10-26T12:33:12","guid":{"rendered":"https:\/\/www.europesays.com\/fr\/491148\/"},"modified":"2025-10-26T12:33:12","modified_gmt":"2025-10-26T12:33:12","slug":"atp-vienne-sinner-ose-une-phrase-tres-limite-si-vous-ne-jouez-pas-pendant-trois-mois-dans-lannee-et-que-vous-manquez-des-tournois-importants-cest-difficile-detre-numero-un","status":"publish","type":"post","link":"https:\/\/www.europesays.com\/fr\/491148\/","title":{"rendered":"ATP &#8211; Vienne > Sinner ose une phrase tr\u00e8s limite : \u00ab \u00ab\u00a0Si vous ne jouez pas pendant trois mois dans l&rsquo;ann\u00e9e et que vous manquez des tournois importants, c&rsquo;est difficile d&rsquo;\u00eatre num\u00e9ro un\u00a0\u00bb"},"content":{"rendered":"<p>La commu\u00adni\u00adca\u00adtion du joueur italien n\u2019est pas toujours opti\u00admale comme on a pu le constater pour son annonce de forfait \u00e0 la finale de la Coupe\u00a0Davis.\u00a0<\/p>\n<p>Hier, alors qu\u2019il d\u00e9cla\u00adrait que sa saison avait \u00e9t\u00e9 plus que posi\u00adtive, il a m\u00eame employ\u00e9 le mot \u00ab\u202fd\u2019ex\u00adtra\u00ador\u00addi\u00adnaire\u202f\u00bb, Jannik a \u00e9mis une affir\u00adma\u00adtion qui peut pr\u00eater \u00e0 des mauvaises interpr\u00e9tations.<\/p>\n<p><strong>\u00ab\u202fSi vous ne jouez pas pendant trois mois dans l\u2019ann\u00e9e et que vous manquez des tour\u00adnois impor\u00adtants, c\u2019est diffi\u00adcile d\u2019\u00eatre num\u00e9ro un\u202f\u00bb<\/strong>, si math\u00e9\u00adma\u00adti\u00adque\u00adment cela est tout \u00e0 fait vrai, on a la forte impres\u00adsion que Jannik oublie qu\u2019il \u00e9tait tout simple\u00adment accus\u00e9 de dopage et que c\u2019est un arran\u00adge\u00adment qui a permis de statuer sur une sentence plut\u00f4t cl\u00e9mente.<\/p>\n<p class=\"post-published-date\" style=\"color: silver; font-size: 75%; text-align: left;\">Publi\u00e9 le dimanche 26 octobre 2025 \u00e0 11:53<\/p>\n","protected":false},"excerpt":{"rendered":"La commu\u00adni\u00adca\u00adtion du joueur italien n\u2019est pas toujours opti\u00admale comme on a pu le constater pour son annonce&hellip;\n","protected":false},"author":2,"featured_media":147864,"comment_status":"","ping_status":"","sticky":false,"template":"","format":"standard","meta":{"footnotes":""},"categories":[1415],"tags":[1011,27,2127,60,1467],"class_list":{"0":"post-491148","1":"post","2":"type-post","3":"status-publish","4":"format-standard","5":"has-post-thumbnail","7":"category-tennis","8":"tag-fr","9":"tag-france","10":"tag-sinner","11":"tag-sports","12":"tag-tennis"},"share_on_mastodon":{"url":"https:\/\/pubeurope.com\/@fr\/115440491081192476","error":""},"_links":{"self":[{"href":"https:\/\/www.europesays.com\/fr\/wp-json\/wp\/v2\/posts\/491148","targetHints":{"allow":["GET"]}}],"collection":[{"href":"https:\/\/www.europesays.com\/fr\/wp-json\/wp\/v2\/posts"}],"about":[{"href":"https:\/\/www.europesays.com\/fr\/wp-json\/wp\/v2\/types\/post"}],"author":[{"embeddable":true,"href":"https:\/\/www.europesays.com\/fr\/wp-json\/wp\/v2\/users\/2"}],"replies":[{"embeddable":true,"href":"https:\/\/www.europesays.com\/fr\/wp-json\/wp\/v2\/comments?post=491148"}],"version-history":[{"count":0,"href":"https:\/\/www.europesays.com\/fr\/wp-json\/wp\/v2\/posts\/491148\/revisions"}],"wp:featuredmedia":[{"embeddable":true,"href":"https:\/\/www.europesays.com\/fr\/wp-json\/wp\/v2\/media\/147864"}],"wp:attachment":[{"href":"https:\/\/www.europesays.com\/fr\/wp-json\/wp\/v2\/media?parent=491148"}],"wp:term":[{"taxonomy":"category","embeddable":true,"href":"https:\/\/www.europesays.com\/fr\/wp-json\/wp\/v2\/categories?post=491148"},{"taxonomy":"post_tag","embeddable":true,"href":"https:\/\/www.europesays.com\/fr\/wp-json\/wp\/v2\/tags?post=491148"}],"curies":[{"name":"wp","href":"https:\/\/api.w.org\/{rel}","templated":true}]}}