{"id":491159,"date":"2025-10-26T12:43:14","date_gmt":"2025-10-26T12:43:14","guid":{"rendered":"https:\/\/www.europesays.com\/fr\/491159\/"},"modified":"2025-10-26T12:43:14","modified_gmt":"2025-10-26T12:43:14","slug":"karen-cheryl-pas-de-retraite-pour-la-chanteuse-qui-vit-de-ses-petites-economies","status":"publish","type":"post","link":"https:\/\/www.europesays.com\/fr\/491159\/","title":{"rendered":"Karen Cheryl : pas de retraite pour la chanteuse qui vit \u00ab\u00a0de ses petites \u00e9conomies\u00a0\u00bb"},"content":{"rendered":"<p><a href=\"https:\/\/www.closermag.fr\/people\/isabelle-morizet-meconnaissable-ces-images-de-la-chanteuse-a-20-ans-lorsquelle-sappelait-encore-carene-cheryl-3562679\" target=\"_blank\" rel=\"noopener\"><br \/>\nKaren Cheryl<\/a> est un nom bien connu des ann\u00e9es 80. Apr\u00e8s tout,<br \/>\nla chanteuse fran\u00e7aise avait marqu\u00e9 toute une g\u00e9n\u00e9ration avec des<br \/>\ntitres comme <strong>Garde-moi avec toi<\/strong> ou encore<br \/>\n<strong>Les Nouveaux Romantiques<\/strong>. Seulement,<br \/>\ncette carri\u00e8re et ce nom de sc\u00e8ne, elle avait d\u00e9cid\u00e9 de les mettre<br \/>\nde c\u00f4t\u00e9 au d\u00e9but des ann\u00e9es 90.<\/p>\n<p>Enterrant d\u00e9finitivement le nom de Karen Cheryl, elle a d\u00e9cid\u00e9<br \/>\nde reprendre son v\u00e9ritable nom, Isabelle Morizet, pour se tourner<br \/>\nvers <a href=\"https:\/\/www.closermag.fr\/beaute\/forme-bien-etre\/de-karen-cheryl-a-isabelle-morizet-le-choix-d-une-nouvelle-vie-photos-487120\" target=\"_blank\" rel=\"noopener\"><br \/>\nd\u2019autres horizons<\/a>. En 2001, elle a donc d\u00e9cid\u00e9 de se<br \/>\nreconvertir \u00e0 la t\u00e9l\u00e9vision, la radio ainsi que dans la com\u00e9die. Le<br \/>\nvendredi 24 octobre dernier, l\u2019artiste, aujourd\u2019hui \u00e2g\u00e9e de 70 ans,<br \/>\na bien voulu faire quelques confidences \u00e0 l\u2019\u00e9mission<br \/>\n<strong>Mesdames<\/strong> de <strong>Ma\u00eftena<br \/>\nBiraben<\/strong>.<\/p>\n<p>Karen Cheryl : elle se confie sur ses finances<\/p>\n<p>Lors de cette entrevue, celle qui se faisait appeler<br \/>\n<strong>Karen Cheryl<\/strong> est revenue sur ses nombreuses vies.<br \/>\nParcours d\u2019artiste, sa transition professionnelle, son idylle avec<br \/>\n<a href=\"https:\/\/www.closermag.fr\/people\/la-sixieme-epouse-les-rares-confidences-disabelle-morizet-karen-cheryl-sur-son-mari-jerome-bellay-3530039\" target=\"_blank\" rel=\"noopener\"><br \/>\nJ\u00e9r\u00f4me Bellay<\/a>\u2026 la star s\u2019est m\u00eame confi\u00e9e sur ses finances.<br \/>\nSans filtre, elle avoue qu\u2019elle \u00ab\u00a0<strong>ne touche pas la<br \/>\nretraite<\/strong>\u00ab\u00a0, surtout parce qu\u2019elle ne l\u2019avait \u00ab\u00a0m\u00eame<br \/>\npas demand\u00e9e\u00a0\u00bb.<\/p>\n<p>Comment subvient-elle \u00e0 ses d\u00e9penses ? <a href=\"https:\/\/www.telestar.fr\/people\/karen-cheryl-comment-elle-s-est-metamorphosee-en-isabelle-morizet-photos-93391\" target=\"_blank\" rel=\"noopener\"><br \/>\nIsabelle Morizet<\/a> a avou\u00e9 qu\u2019elle \u00ab\u00a0vit de<br \/>\n<strong>ses petites \u00e9conomies<\/strong>\u00ab\u00a0. Une situation<br \/>\nloin d\u2019\u00eatre confortable. Avec \u00e9motion, elle a confi\u00e9 : \u00ab\u00a0Pour<br \/>\nl\u2019instant, je ne sais pas o\u00f9 je vais\u2026 Je me suis<br \/>\n<strong>battue toute ma vie<\/strong>, mais ce n\u2019est<br \/>\npas grave, on va voir\u00a0\u00bb.<\/p>\n<p>Karen Cheryl : Un album best of !<\/p>\n<p>M\u00eame si <strong>Karen Cheryl<\/strong> a mis un terme \u00e0 sa<br \/>\ncarri\u00e8re de chanteuse, elle est \u00e0 nouveau revenue au-devant de la<br \/>\nsc\u00e8ne gr\u00e2ce \u00e0 un album Best Of, en mars dernier. Intitul\u00e9<br \/>\n<strong>Etonnamment romantique<\/strong>, cet album reprend<br \/>\nses meilleurs titres. Un succ\u00e8s retentissant qui a surpris la star.<br \/>\nSurtout que la maison de disque ne n\u2019avait m\u00eame pas pris la peine<br \/>\nde la pr\u00e9venir, selon ses dires.<\/p>\n<p>\u00ab\u00a0\u00c7a me r\u00e9jouit\u2026 \u00c7a n\u2019aurait pas \u00e9t\u00e9 le cas si c\u2019\u00e9tait sorti<br \/>\nquatre ans plus tard [\u2026]. La vieille dame que je suis et je le dis<br \/>\n\u00e0 la fois sans coquetterie, c\u2019est factuel, se r\u00e9jouit de cette<br \/>\n<strong>aventure inattendue<\/strong>\u00ab\u00a0, a-t-elle d\u00e9clar\u00e9<br \/>\nsur le sujet. Dans tous les cas, en mai dernier, elle avait<br \/>\nsoulign\u00e9 \u00e0 Lib\u00e9ration qu\u2019elle \u00ab\u00a0<strong>ne rechanterait<br \/>\njamais<\/strong>\u00ab\u00a0.<\/p>\n","protected":false},"excerpt":{"rendered":"Karen Cheryl est un nom bien connu des ann\u00e9es 80. Apr\u00e8s tout, la chanteuse fran\u00e7aise avait marqu\u00e9 toute&hellip;\n","protected":false},"author":2,"featured_media":491160,"comment_status":"","ping_status":"","sticky":false,"template":"","format":"standard","meta":{"footnotes":""},"categories":[1355],"tags":[2704,58,59,1011,27,1361,873,729],"class_list":{"0":"post-491159","1":"post","2":"type-post","3":"status-publish","4":"format-standard","5":"has-post-thumbnail","7":"category-musique","8":"tag-chanteuse","9":"tag-divertissement","10":"tag-entertainment","11":"tag-fr","12":"tag-france","13":"tag-music","14":"tag-musique","15":"tag-yout_video"},"share_on_mastodon":{"url":"https:\/\/pubeurope.com\/@fr\/115440530566747760","error":""},"_links":{"self":[{"href":"https:\/\/www.europesays.com\/fr\/wp-json\/wp\/v2\/posts\/491159","targetHints":{"allow":["GET"]}}],"collection":[{"href":"https:\/\/www.europesays.com\/fr\/wp-json\/wp\/v2\/posts"}],"about":[{"href":"https:\/\/www.europesays.com\/fr\/wp-json\/wp\/v2\/types\/post"}],"author":[{"embeddable":true,"href":"https:\/\/www.europesays.com\/fr\/wp-json\/wp\/v2\/users\/2"}],"replies":[{"embeddable":true,"href":"https:\/\/www.europesays.com\/fr\/wp-json\/wp\/v2\/comments?post=491159"}],"version-history":[{"count":0,"href":"https:\/\/www.europesays.com\/fr\/wp-json\/wp\/v2\/posts\/491159\/revisions"}],"wp:featuredmedia":[{"embeddable":true,"href":"https:\/\/www.europesays.com\/fr\/wp-json\/wp\/v2\/media\/491160"}],"wp:attachment":[{"href":"https:\/\/www.europesays.com\/fr\/wp-json\/wp\/v2\/media?parent=491159"}],"wp:term":[{"taxonomy":"category","embeddable":true,"href":"https:\/\/www.europesays.com\/fr\/wp-json\/wp\/v2\/categories?post=491159"},{"taxonomy":"post_tag","embeddable":true,"href":"https:\/\/www.europesays.com\/fr\/wp-json\/wp\/v2\/tags?post=491159"}],"curies":[{"name":"wp","href":"https:\/\/api.w.org\/{rel}","templated":true}]}}