{"id":491163,"date":"2025-10-26T12:45:18","date_gmt":"2025-10-26T12:45:18","guid":{"rendered":"https:\/\/www.europesays.com\/fr\/491163\/"},"modified":"2025-10-26T12:45:18","modified_gmt":"2025-10-26T12:45:18","slug":"quels-sont-les-benefices-et-les-dangers","status":"publish","type":"post","link":"https:\/\/www.europesays.com\/fr\/491163\/","title":{"rendered":"quels sont les b\u00e9n\u00e9fices et les dangers ?"},"content":{"rendered":"<p>                             Par     <a class=\"fig-content-metas__author\" href=\"https:\/\/www.lefigaro.fr\/auteur\/jean-zanardo\" rel=\"author nofollow noopener\" target=\"_blank\">Jean Zanardo<\/a>, pour Le Figaro Sant\u00e9<\/p>\n<p>                Le 26 octobre 2025 \u00e0 11h30<\/p>\n<p>    D\u00e8s l\u2019origine, la cigarette \u00e9lectronique s\u2019est pr\u00e9sent\u00e9e comme un dispositif de lutte contre l\u2019addiction au tabac.<br \/>\n                Prostock-studio \/ stock.adobe.com<\/p>\n<p>\n    <strong>D\u00c9CRYPTAGE <\/strong>&#8211; Vapoter, est-ce efficace pour s\u2019arr\u00eater de fumer\u00a0? Et quelles cons\u00e9quences pour la sant\u00e9\u00a0?<\/p>\n<p>D\u2019o\u00f9 \u00e7a vient\u00a0?<\/p>\n<p class=\"fig-paragraph\">C\u2019est la Chine (o\u00f9, de longue date, le tabac fait des ravages) qui a invent\u00e9 la\u00a0<a href=\"http:\/\/sante.lefigaro.fr\/social\/sante-publique\/cigarette-electronique-une-association-antitabac-alerte-sur-un-analogue-de-la-nicotine-20250526\" data-fig-type=\"NewsFlash\" data-gtm-custom-categorie=\"navigation\" data-gtm-custom-action=\"crossclick\" data-gtm-custom-label=\"Contextuel\" data-gtm-event=\"customEventSPE\" data-fig-domain=\"SANTE\" rel=\"nofollow noopener\" target=\"_blank\">cigarette \u00e9lectronique<\/a>. Plus pr\u00e9cis\u00e9ment Hon\u00a0Lik, pharmacien de la m\u00e9decine traditionnelle chinoise\u00a0: \u00e2g\u00e9 de 52\u00a0ans, fumeur inv\u00e9t\u00e9r\u00e9, il avait vu son p\u00e8re, \u00e9galement grand fumeur, mourir\u00a0<a href=\"https:\/\/sante.lefigaro.fr\/sante\/maladie\/cancer-poumon\/quels-examens-faire\" target=\"_blank\" data-fig-type=\"Keyword\" rel=\"sponsored noopener nofollow\" data-gtm-custom-categorie=\"navigation\" data-gtm-custom-action=\"crossclick\" data-gtm-custom-label=\"Contextuel\" data-gtm-event=\"customEventSPE\" data-fig-domain=\"SANTE\">d\u2019un cancer des poumons<\/a>. Con\u00e7ue comme un objet de substitution \u00e0 la cigarette et au cigare, la cigarette \u00e9lectronique est commercialis\u00e9e en 2003 \u2013 premi\u00e8re bouff\u00e9e vers un succ\u00e8s mondial. Elle arrive en Europe en 2006 et, en 2011, aux \u00c9tats-Unis.<\/p>\n<p class=\"fig-paragraph\">La \u00abvape\u00bb (du verbe anglais to vape, inhaler de la vapeur) a s\u00e9duit les Fran\u00e7ais\u00a0: \u00e0 preuve les derni\u00e8res statistiques de Sant\u00e9 publique France pour 2023\u00a0: la proportion d\u2019adultes d\u00e9clarant avoir d\u00e9j\u00e0 vapot\u00e9 au cours de leur vie a presque doubl\u00e9 en neuf ans passant de 25,7\u00a0% en 2014 \u00e0 41,8\u00a0% en 2023. La pratique concerne 8,3\u00a0% des 18-75\u00a0ans, le plus souvent au quotidien (6,1\u00a0% des 18-75\u00a0ans). La \u201ce-cig\u201d se pr\u00e9sente comme un tube oblong constitu\u00e9 d\u2019un embout, d\u2019une r\u00e9sistance\u2026<\/p>\n<p class=\"fig-premium-paywall__infos\">\n        Cet article est r\u00e9serv\u00e9 aux abonn\u00e9s.        Il vous reste 74% \u00e0 d\u00e9couvrir.\n    <\/p>\n<p>                <img  data- alt=\"Le Figaro\" class=\"fig-img--complete fig-img\"\/><\/p>\n<p class=\"fig-premium-paywall__title\">Vous avez envie de lire la suite ?<\/p>\n<p class=\"fig-premium-paywall__subtitle\">D\u00e9bloquez tous les articles imm\u00e9diatement.<\/p>\n<p class=\"fig-premium-paywall__connect\">\n                D\u00e9j\u00e0 abonn\u00e9\u00a0?                <a class=\"fig-premium-paywall__connect-link\" href=\"https:\/\/connect.lefigaro.fr\/login?client=sante_web&amp;type=main&amp;redirect_uri=https%3A%2F%2Fsante.lefigaro.fr%2Fsocial%2Fsante-publique%2Fcigarette-electronique-quels-sont-les-benefices-et-les-dangers-20251026\" data-js-gtm=\"{&quot;customCategorie&quot;: &quot;conversion&quot;, &quot;customAction&quot;: &quot;before_Landing_Connexion_paywall_auto&quot;, &quot;customLabel&quot;: &quot;c2FudGUubGVmaWdhcm8uZnJfXzFmMDg3ZTY4LWYxYWUtNmYwNi1hNjQ1LWNiNjJhZjVhODRmMF9fQXJ0aWNsZQ==_Cigarette \u00e9lectronique\u00a0: quels sont les b\u00e9n\u00e9fices et les dangers\u00a0?_482&quot;, &quot;customIDSPE&quot;: &quot;c2FudGUubGVmaWdhcm8uZnJfXzFmMDg3ZTY4LWYxYWUtNmYwNi1hNjQ1LWNiNjJhZjVhODRmMF9fQXJ0aWNsZQ==&quot;, &quot;event&quot;: &quot;customEventSPE&quot;}\" rel=\"nofollow noopener\" target=\"_blank\"><br \/>\n                    Connectez-vous<br \/>\n                <\/a>\n            <\/p>\n","protected":false},"excerpt":{"rendered":"Par Jean Zanardo, pour Le Figaro Sant\u00e9 Le 26 octobre 2025 \u00e0 11h30 D\u00e8s l\u2019origine, la cigarette \u00e9lectronique&hellip;\n","protected":false},"author":2,"featured_media":491164,"comment_status":"","ping_status":"","sticky":false,"template":"","format":"standard","meta":{"footnotes":""},"categories":[10],"tags":[61376,1011,27,72,71,61377],"class_list":{"0":"post-491163","1":"post","2":"type-post","3":"status-publish","4":"format-standard","5":"has-post-thumbnail","7":"category-sante","8":"tag-e-cigarette","9":"tag-fr","10":"tag-france","11":"tag-health","12":"tag-sante","13":"tag-tabac-generalites"},"share_on_mastodon":{"url":"https:\/\/pubeurope.com\/@fr\/115440538420793167","error":""},"_links":{"self":[{"href":"https:\/\/www.europesays.com\/fr\/wp-json\/wp\/v2\/posts\/491163","targetHints":{"allow":["GET"]}}],"collection":[{"href":"https:\/\/www.europesays.com\/fr\/wp-json\/wp\/v2\/posts"}],"about":[{"href":"https:\/\/www.europesays.com\/fr\/wp-json\/wp\/v2\/types\/post"}],"author":[{"embeddable":true,"href":"https:\/\/www.europesays.com\/fr\/wp-json\/wp\/v2\/users\/2"}],"replies":[{"embeddable":true,"href":"https:\/\/www.europesays.com\/fr\/wp-json\/wp\/v2\/comments?post=491163"}],"version-history":[{"count":0,"href":"https:\/\/www.europesays.com\/fr\/wp-json\/wp\/v2\/posts\/491163\/revisions"}],"wp:featuredmedia":[{"embeddable":true,"href":"https:\/\/www.europesays.com\/fr\/wp-json\/wp\/v2\/media\/491164"}],"wp:attachment":[{"href":"https:\/\/www.europesays.com\/fr\/wp-json\/wp\/v2\/media?parent=491163"}],"wp:term":[{"taxonomy":"category","embeddable":true,"href":"https:\/\/www.europesays.com\/fr\/wp-json\/wp\/v2\/categories?post=491163"},{"taxonomy":"post_tag","embeddable":true,"href":"https:\/\/www.europesays.com\/fr\/wp-json\/wp\/v2\/tags?post=491163"}],"curies":[{"name":"wp","href":"https:\/\/api.w.org\/{rel}","templated":true}]}}