{"id":491166,"date":"2025-10-26T12:47:14","date_gmt":"2025-10-26T12:47:14","guid":{"rendered":"https:\/\/www.europesays.com\/fr\/491166\/"},"modified":"2025-10-26T12:47:14","modified_gmt":"2025-10-26T12:47:14","slug":"ashley-chevalier-est-elle-en-couple","status":"publish","type":"post","link":"https:\/\/www.europesays.com\/fr\/491166\/","title":{"rendered":"Ashley Chevalier est-elle en couple ?"},"content":{"rendered":"<p>Apr\u00e8s avoir travaill\u00e9 pour <a href=\"https:\/\/www.closermag.fr\/people\/epilation-integrale-lavocat-danne-hidalgo-perd-son-sang-froid-sur-bfmtv-et-cest-legerement-barbant-3581200\" target=\"_blank\" rel=\"noopener\"><br \/>\nBFMTV<\/a> durant dix longues ann\u00e9es. <a href=\"https:\/\/www.telestar.fr\/actu-tv\/autres-emissions\/ashley-chevalier-l-envoyee-speciale-de-la-matinale-de-bfm-insultee-pendant-la-cr-414936\" target=\"_blank\" rel=\"noopener\"><br \/>\nAshley Chevalier<\/a> a d\u00e9cid\u00e9 de rejoindre les rangs de <a href=\"https:\/\/www.closermag.fr\/people\/anne-sophie-lapix-debarque-sur-m6-et-pose-demblee-la-question-qui-fache-a-kylian-mbappe-3576275\" target=\"_blank\" rel=\"noopener\"><br \/>\nM6<\/a> cette saison. O\u00f9 elle pr\u00e9sente d\u00e9sormais les journaux de la<br \/>\ncha\u00eene chaque week-end. \u00ab\u00a0Un JT national, c\u2019est un honneur et un<br \/>\naccomplissement. C\u2019est un poste beaucoup plus expos\u00e9. <strong>Je<br \/>\nmultiplie mon audience par 10.<\/strong> Cette particularit\u00e9<br \/>\nm\u2019invite \u00e0 travailler encore plus et \u00e0 faire preuve de<br \/>\nrigueur\u00a0\u00bb, avait-elle ainsi r\u00e9v\u00e9l\u00e9 dans les colonnes de TV<br \/>\nMag.<\/p>\n<p>\u00ab\u00a0Quand l\u2019opportunit\u00e9 s\u2019est pr\u00e9sent\u00e9e, j\u2019ai saut\u00e9 sur<br \/>\nl\u2019occasion et j\u2019ai pass\u00e9 un casting. Apr\u00e8s dix ans de cha\u00eene info,<br \/>\nj\u2019avais envie de format plus produit, dans lequel on travaille<br \/>\nmoins dans l\u2019urgence. <strong>Les &lsquo;12.45&rsquo; et les &lsquo;19.45&rsquo; sont tr\u00e8s<br \/>\n&lsquo;chart\u00e9s&rsquo; et pens\u00e9s,<\/strong> incluant une technologie qu\u2019on ne<br \/>\nretrouve pas \u00e0 BFMTV. Quand on fait de l\u2019info 24 heures sur 24, on<br \/>\nn\u2019a pas le temps de mettre en place de la r\u00e9alit\u00e9 augment\u00e9e. Cette<br \/>\nproposition ne se refusait pas\u00a0\u00bb, avait aussi ajout\u00e9 Ashley<br \/>\nChevalier.<\/p>\n<p>Ashley Chevalier : \u00ab\u00a0Le plus effrayant pour moi est le fond<br \/>\nvert\u00a0\u00bb<\/p>\n<p>\u00ab\u00a0Adolescente, j\u2019ai grandi avec Capital et Zone interdite. Le<br \/>\ndimanche soir, ces \u00e9missions m\u2019emp\u00eachaient de me coucher t\u00f4t pour<br \/>\naller au coll\u00e8ge ou au lyc\u00e9e le lendemain. <strong>J\u2019adore L\u2019amour<br \/>\nest dans le pr\u00e9 aussi.<\/strong> Karine Le\u00a0Marchand a tout<br \/>\ncompris. \u00c9videmment, \u00eatre agriculteur ne se r\u00e9sume pas \u00e0 chercher<br \/>\nl\u2019amour mais \u00e7a fait partie des choses qui sont importantes. Je<br \/>\ntrouve que le format met aussi en lumi\u00e8re leur boulot tellement<br \/>\ndifficile. Je l\u2019ai constat\u00e9 quand j\u2019\u00e9tais sur le terrain \u00e0<br \/>\nBFMTV\u00a0\u00bb, avait par ailleurs soulign\u00e9 la journaliste.<\/p>\n<p class=\"fig-paragraph\">\u00ab\u00a0Le plus effrayant pour moi est le<br \/>\nfond vert et tous les d\u00e9placements extr\u00eamement pr\u00e9cis qui sont<br \/>\npr\u00e9vus. <strong>Les regards cam\u00e9ra \u00e9galement, qui changent sans<br \/>\ncesse.<\/strong> Je suis enti\u00e8rement guid\u00e9e par la voix du chef<br \/>\nd\u2019\u00e9dition et du r\u00e9alisateur dans l\u2019oreillette. Une m\u00e9canique \u00e0<br \/>\napprendre. C\u2019est un peu comme quand on apprend \u00e0 conduire une<br \/>\nvoiture. Il faut oublier le pommeau de vitesse pour regarder la<br \/>\nroute\u00a0\u00bb, avait aussi pr\u00e9cis\u00e9 Ashley Chevalier.<\/p>\n<p>La journaliste de M6 est tr\u00e8s discr\u00e8te<br \/>\nsur sa vie priv\u00e9e<\/p>\n<p>C\u00f4t\u00e9 c\u0153ur, la rempla\u00e7ante de <a href=\"https:\/\/www.closermag.fr\/people\/dominique-tenza-est-il-en-couple-3488378\" target=\"_blank\" rel=\"noopener\"><br \/>\nDominique Tenza<\/a> a toujours \u00e9tait tr\u00e8s discr\u00e8te sur sa vie<br \/>\npriv\u00e9e. <strong>On ne sait donc pas si elle est actuellement en<br \/>\ncouple ou pas<\/strong>. Ashley Chevalier avait n\u00e9anmoins l\u00e2ch\u00e9<br \/>\nquelques r\u00e9v\u00e9lations sur son quotidien durant l&rsquo;\u00e9t\u00e9 2025. Qui a eu<br \/>\nlieu entre son d\u00e9part de BFMTV et son arriv\u00e9e du c\u00f4t\u00e9 de M6.<\/p>\n<p>\u00ab\u00a0Je suis retourn\u00e9e chez moi, en <a href=\"https:\/\/www.closermag.fr\/people\/miss-france-2026-qui-est-lealine-patry-la-sublime-miss-martinique-3579357\" target=\"_blank\" rel=\"noopener\"><br \/>\nMartinique<\/a>, pour profiter de ma famille et me reposer. Je me<br \/>\nl\u00e8ve \u00e0 5 h 30 tous les matins pour aller courir, et, l\u2019apr\u00e8s-midi,<br \/>\nje fais du surf. Ma gestion du stress passe par le sport. Et je ne<br \/>\ncoupe pas vraiment de l\u2019actualit\u00e9. <strong>Je crains toujours<br \/>\nd\u2019\u00eatre compl\u00e8tement largu\u00e9e \u00e0 la rentr\u00e9e.<\/strong> J\u2019ai ainsi lu<br \/>\nles journaux et pas mal de polars dont je raffole\u00a0\u00bb, avait<br \/>\nnotamment d\u00e9voil\u00e9 la journaliste.<\/p>\n","protected":false},"excerpt":{"rendered":"Apr\u00e8s avoir travaill\u00e9 pour BFMTV durant dix longues ann\u00e9es. Ashley Chevalier a d\u00e9cid\u00e9 de rejoindre les rangs de&hellip;\n","protected":false},"author":2,"featured_media":491167,"comment_status":"","ping_status":"","sticky":false,"template":"","format":"standard","meta":{"footnotes":""},"categories":[8],"tags":[1193,58,59,1011,27],"class_list":{"0":"post-491166","1":"post","2":"type-post","3":"status-publish","4":"format-standard","5":"has-post-thumbnail","7":"category-divertissement","8":"tag-couple","9":"tag-divertissement","10":"tag-entertainment","11":"tag-fr","12":"tag-france"},"share_on_mastodon":{"url":"https:\/\/pubeurope.com\/@fr\/115440546361448501","error":""},"_links":{"self":[{"href":"https:\/\/www.europesays.com\/fr\/wp-json\/wp\/v2\/posts\/491166","targetHints":{"allow":["GET"]}}],"collection":[{"href":"https:\/\/www.europesays.com\/fr\/wp-json\/wp\/v2\/posts"}],"about":[{"href":"https:\/\/www.europesays.com\/fr\/wp-json\/wp\/v2\/types\/post"}],"author":[{"embeddable":true,"href":"https:\/\/www.europesays.com\/fr\/wp-json\/wp\/v2\/users\/2"}],"replies":[{"embeddable":true,"href":"https:\/\/www.europesays.com\/fr\/wp-json\/wp\/v2\/comments?post=491166"}],"version-history":[{"count":0,"href":"https:\/\/www.europesays.com\/fr\/wp-json\/wp\/v2\/posts\/491166\/revisions"}],"wp:featuredmedia":[{"embeddable":true,"href":"https:\/\/www.europesays.com\/fr\/wp-json\/wp\/v2\/media\/491167"}],"wp:attachment":[{"href":"https:\/\/www.europesays.com\/fr\/wp-json\/wp\/v2\/media?parent=491166"}],"wp:term":[{"taxonomy":"category","embeddable":true,"href":"https:\/\/www.europesays.com\/fr\/wp-json\/wp\/v2\/categories?post=491166"},{"taxonomy":"post_tag","embeddable":true,"href":"https:\/\/www.europesays.com\/fr\/wp-json\/wp\/v2\/tags?post=491166"}],"curies":[{"name":"wp","href":"https:\/\/api.w.org\/{rel}","templated":true}]}}