{"id":491172,"date":"2025-10-26T12:50:13","date_gmt":"2025-10-26T12:50:13","guid":{"rendered":"https:\/\/www.europesays.com\/fr\/491172\/"},"modified":"2025-10-26T12:50:13","modified_gmt":"2025-10-26T12:50:13","slug":"la-chine-dit-etre-parvenue-a-un-consensus-preliminaire-avec-les-etats-unis-2","status":"publish","type":"post","link":"https:\/\/www.europesays.com\/fr\/491172\/","title":{"rendered":"La Chine dit \u00eatre parvenue \u00e0 un \u00ab\u00a0consensus pr\u00e9liminaire\u00a0\u00bb avec les Etats-Unis"},"content":{"rendered":"<p>La <a href=\"https:\/\/www.20minutes.fr\/dossier\/guerre\" class=\"c-link c-link--is-underlined\" rel=\"nofollow noopener\" target=\"_blank\">guerre mondiale<\/a> \u00e9conomique n&rsquo;aura pas (totalement) lieu. Les Etats-Unis et la Chine, les geux g\u00e9ants mondiaux du <a href=\"https:\/\/www.20minutes.fr\/economie\/commerce\/\" class=\"c-link c-link--is-underlined\" rel=\"nofollow noopener\" target=\"_blank\">commerce<\/a>, sont parvenus en <a href=\"https:\/\/www.20minutes.fr\/dossier\/malaisie\" class=\"c-link c-link--is-underlined\" rel=\"nofollow noopener\" target=\"_blank\">Malaisie<\/a> \u00e0 un \u00ab\u00a0consensus pr\u00e9liminaire\u00a0\u00bb pour r\u00e9gler leurs diff\u00e9rends commerciaux, a indiqu\u00e9 dimanche \u00e0 Kuala Lumpur l&rsquo;un des principaux n\u00e9gociateurs chinois, quelques jours avant un entretien entre les dirigeants des deux pays.<\/p>\n<\/p>\n<p>\u00ab\u00a0La <a href=\"https:\/\/www.20minutes.fr\/dossier\/chine\" class=\"c-link c-link--is-underlined\" rel=\"nofollow noopener\" target=\"_blank\">Chine<\/a> et les <a href=\"https:\/\/www.20minutes.fr\/monde\/etats-unis\/\" class=\"c-link c-link--is-underlined\" rel=\"nofollow noopener\" target=\"_blank\">Etats-Unis<\/a> ont examin\u00e9 de mani\u00e8re constructive des solutions appropri\u00e9es aux questions qui pr\u00e9occupent les deux parties, parvenant \u00e0 un consensus pr\u00e9liminaire\u00a0\u00bb, a indiqu\u00e9 \u00e0 la presse Li Chenggang, repr\u00e9sentant chinois pour le commerce international et vice-ministre du Commerce, apr\u00e8s deux jours de discussions bilat\u00e9rales dans la capitale malaisienne. De quoi esp\u00e9rer un peu de calme de ce c\u00f4t\u00e9 l\u00e0 niveau \u00ab tensions internationales \u00bb, cela ne fera pas de mal.<\/p>\n","protected":false},"excerpt":{"rendered":"La guerre mondiale \u00e9conomique n&rsquo;aura pas (totalement) lieu. Les Etats-Unis et la Chine, les geux g\u00e9ants mondiaux du&hellip;\n","protected":false},"author":2,"featured_media":491173,"comment_status":"","ping_status":"","sticky":false,"template":"","format":"standard","meta":{"footnotes":""},"categories":[5],"tags":[11,309,215,33,73,1011,27,14,74,12,28],"class_list":{"0":"post-491172","1":"post","2":"type-post","3":"status-publish","4":"format-standard","5":"has-post-thumbnail","7":"category-international","8":"tag-actualites","9":"tag-chine","10":"tag-commerce","11":"tag-economie","12":"tag-etats-unis","13":"tag-fr","14":"tag-france","15":"tag-international","16":"tag-monde","17":"tag-news","18":"tag-world"},"share_on_mastodon":{"url":"https:\/\/pubeurope.com\/@fr\/115440558103399059","error":""},"_links":{"self":[{"href":"https:\/\/www.europesays.com\/fr\/wp-json\/wp\/v2\/posts\/491172","targetHints":{"allow":["GET"]}}],"collection":[{"href":"https:\/\/www.europesays.com\/fr\/wp-json\/wp\/v2\/posts"}],"about":[{"href":"https:\/\/www.europesays.com\/fr\/wp-json\/wp\/v2\/types\/post"}],"author":[{"embeddable":true,"href":"https:\/\/www.europesays.com\/fr\/wp-json\/wp\/v2\/users\/2"}],"replies":[{"embeddable":true,"href":"https:\/\/www.europesays.com\/fr\/wp-json\/wp\/v2\/comments?post=491172"}],"version-history":[{"count":0,"href":"https:\/\/www.europesays.com\/fr\/wp-json\/wp\/v2\/posts\/491172\/revisions"}],"wp:featuredmedia":[{"embeddable":true,"href":"https:\/\/www.europesays.com\/fr\/wp-json\/wp\/v2\/media\/491173"}],"wp:attachment":[{"href":"https:\/\/www.europesays.com\/fr\/wp-json\/wp\/v2\/media?parent=491172"}],"wp:term":[{"taxonomy":"category","embeddable":true,"href":"https:\/\/www.europesays.com\/fr\/wp-json\/wp\/v2\/categories?post=491172"},{"taxonomy":"post_tag","embeddable":true,"href":"https:\/\/www.europesays.com\/fr\/wp-json\/wp\/v2\/tags?post=491172"}],"curies":[{"name":"wp","href":"https:\/\/api.w.org\/{rel}","templated":true}]}}