{"id":491176,"date":"2025-10-26T12:52:11","date_gmt":"2025-10-26T12:52:11","guid":{"rendered":"https:\/\/www.europesays.com\/fr\/491176\/"},"modified":"2025-10-26T12:52:11","modified_gmt":"2025-10-26T12:52:11","slug":"un-corps-decouvert-dans-la-baie-de-calvi-ce-dimanche-26-octobre","status":"publish","type":"post","link":"https:\/\/www.europesays.com\/fr\/491176\/","title":{"rendered":"Un corps d\u00e9couvert dans la baie de Calvi ce dimanche 26 octobre"},"content":{"rendered":"<p>Un corps a \u00e9t\u00e9 d\u00e9couvert ce dimanche 26 octobre dans la baie de Calvi, en Haute-Corse. Selon les premi\u00e8res informations, la victime, \u00e2g\u00e9e d&rsquo;une quarantaine d&rsquo;ann\u00e9es, a \u00e9t\u00e9 rep\u00e9r\u00e9e par des plaisanciers avant d&rsquo;\u00eatre ramen\u00e9e au port.<\/p>\n<p>Les secours se sont rapidement rendus sur place, accompagn\u00e9s des forces de l&rsquo;ordre, afin de proc\u00e9der aux premi\u00e8res investigations. Les circonstances du d\u00e9c\u00e8s, tout comme l&rsquo;identit\u00e9 de la victime, restent pour l&rsquo;heure inconnues.<\/p>\n<p>Sur place, les sapeurs pompiers, ainsi que les gendarmes de Calvi ont proc\u00e9d\u00e9 aux premi\u00e8res constatations. Le maire de Calvi, Ange Santini, \u00e9tait \u00e9galement pr\u00e9sent.\u00a0<\/p>\n<p>\u00ab\u00a0Une enqu\u00eate est ouverte pour recherches des causes de la mort. Elle est confi\u00e9e \u00e0 la brigade de gendarmerie de Calvi\u00a0\u00bb, a indiqu\u00e9 Jean-Philippe Navarre, procureur de la R\u00e9publique de Bastia.<\/p>\n","protected":false},"excerpt":{"rendered":"Un corps a \u00e9t\u00e9 d\u00e9couvert ce dimanche 26 octobre dans la baie de Calvi, en Haute-Corse. Selon les&hellip;\n","protected":false},"author":2,"featured_media":491177,"comment_status":"","ping_status":"","sticky":false,"template":"","format":"standard","meta":{"footnotes":""},"categories":[2],"tags":[17,11,61380,1102,5624,61381,6725,1446,274,1011,27,151,12,61379],"class_list":{"0":"post-491176","1":"post","2":"type-post","3":"status-publish","4":"format-standard","5":"has-post-thumbnail","7":"category-actualites","8":"tag-17","9":"tag-actualites","10":"tag-baie","11":"tag-breakingnews","12":"tag-calvi","13":"tag-circonstances","14":"tag-corps","15":"tag-dans","16":"tag-faits-divers-justice","17":"tag-fr","18":"tag-france","19":"tag-les","20":"tag-news","21":"tag-repeche"},"share_on_mastodon":{"url":"https:\/\/pubeurope.com\/@fr\/115440565792307603","error":""},"_links":{"self":[{"href":"https:\/\/www.europesays.com\/fr\/wp-json\/wp\/v2\/posts\/491176","targetHints":{"allow":["GET"]}}],"collection":[{"href":"https:\/\/www.europesays.com\/fr\/wp-json\/wp\/v2\/posts"}],"about":[{"href":"https:\/\/www.europesays.com\/fr\/wp-json\/wp\/v2\/types\/post"}],"author":[{"embeddable":true,"href":"https:\/\/www.europesays.com\/fr\/wp-json\/wp\/v2\/users\/2"}],"replies":[{"embeddable":true,"href":"https:\/\/www.europesays.com\/fr\/wp-json\/wp\/v2\/comments?post=491176"}],"version-history":[{"count":0,"href":"https:\/\/www.europesays.com\/fr\/wp-json\/wp\/v2\/posts\/491176\/revisions"}],"wp:featuredmedia":[{"embeddable":true,"href":"https:\/\/www.europesays.com\/fr\/wp-json\/wp\/v2\/media\/491177"}],"wp:attachment":[{"href":"https:\/\/www.europesays.com\/fr\/wp-json\/wp\/v2\/media?parent=491176"}],"wp:term":[{"taxonomy":"category","embeddable":true,"href":"https:\/\/www.europesays.com\/fr\/wp-json\/wp\/v2\/categories?post=491176"},{"taxonomy":"post_tag","embeddable":true,"href":"https:\/\/www.europesays.com\/fr\/wp-json\/wp\/v2\/tags?post=491176"}],"curies":[{"name":"wp","href":"https:\/\/api.w.org\/{rel}","templated":true}]}}