{"id":491178,"date":"2025-10-26T12:55:17","date_gmt":"2025-10-26T12:55:17","guid":{"rendered":"https:\/\/www.europesays.com\/fr\/491178\/"},"modified":"2025-10-26T12:55:17","modified_gmt":"2025-10-26T12:55:17","slug":"plus-dun-an-apres-sa-course-folle-sur-la7-il-est-retrouve-a-saint-etienne","status":"publish","type":"post","link":"https:\/\/www.europesays.com\/fr\/491178\/","title":{"rendered":"Plus d\u2019un an apr\u00e8s sa course folle sur l\u2019A7, il est retrouv\u00e9 \u00e0 Saint-\u00c9tienne"},"content":{"rendered":"<p class=\"p1\">Le 15 ao\u00fbt 2024, les gendarmes interceptent une Audi RS lanc\u00e9e \u00e0 174 km\/h pr\u00e8s de Bourg-l\u00e8s-Valence. Le conducteur, un trentenaire originaire de Saint-\u00c9tienne, feint d\u2019obtemp\u00e9rer avant de brusquement acc\u00e9l\u00e9rer pour s\u2019\u00e9chapper.<\/p>\n<p><b>Une fuite spectaculaire sur l\u2019autoroute A7<\/b><\/p>\n<p class=\"p1\">Sa cavale est particuli\u00e8rement dangereuse : d\u00e9passements par la droite, circulation sur la bande d\u2019arr\u00eat d\u2019urgence, vitesses vertigineuses\u2026 L\u2019homme parvient \u00e0 semer les militaires avant de perdre le contr\u00f4le de son v\u00e9hicule \u00e0 hauteur d\u2019Avignon. Il dispara\u00eet ensuite dans la nature, laissant derri\u00e8re lui un lourd dossier.<\/p>\n<p><b>Retrouv\u00e9 plus d\u2019un an plus tard \u00e0 Saint-\u00c9tienne<\/b><\/p>\n<p class=\"p1\">Ce mardi 21 octobre 2025, lors d\u2019un contr\u00f4le de routine dans le quartier Jacquard \u00e0 Saint-\u00c9tienne, les policiers de la Brigade sp\u00e9cialis\u00e9e de terrain tombent par hasard sur le fugitif. En v\u00e9rifiant son identit\u00e9, ils d\u00e9couvrent qu\u2019il fait l\u2019objet d\u2019une fiche de recherche depuis plus d\u2019un an. Plac\u00e9 en garde \u00e0 vue, il a \u00e9t\u00e9 convoqu\u00e9 devant le tribunal judiciaire de Valence pour refus d\u2019obtemp\u00e9rer, exc\u00e8s de vitesse, circulation ill\u00e9gale sur la bande d\u2019arr\u00eat d\u2019urgence, d\u00e9passement par la droite, d\u00e9faut d\u2019assurance et de permis. \u00ab Il n\u2019y a aucune impunit\u00e9 pour ceux qui mettent en danger la vie des autres \u00bb, souligne un policier, fier d\u2019une interpellation aussi tardive qu\u2019efficace.<\/p>\n<p>Partagez cette info avec vos amis et vos proches en cliquant ici<br \/>Plus d\u2019un an apr\u00e8s sa course folle sur l\u2019A7, il est retrouv\u00e9 \u00e0 Saint-\u00c9tienne<\/p>\n<p>En ao\u00fbt 2024, un automobiliste avait sem\u00e9 les gendarmes sur l\u2019A7 apr\u00e8s un grand exc\u00e8s de vitesse \u00e0 plus de 170 km\/h. Plus d\u2019un an plus tard, il a finalement \u00e9t\u00e9 interpell\u00e9 \u00e0 Saint-\u00c9tienne lors d\u2019un banal contr\u00f4le.<\/p>\n<p> <img decoding=\"async\" width=\"76\" height=\"76\" loading=\"lazy\" src=\"https:\/\/www.europesays.com\/fr\/wp-content\/uploads\/2025\/04\/avatar-autonews.png\" alt=\"Mathis Poirot\"\/><\/p>\n","protected":false},"excerpt":{"rendered":"Le 15 ao\u00fbt 2024, les gendarmes interceptent une Audi RS lanc\u00e9e \u00e0 174 km\/h pr\u00e8s de Bourg-l\u00e8s-Valence. Le&hellip;\n","protected":false},"author":2,"featured_media":491179,"comment_status":"","ping_status":"","sticky":false,"template":"","format":"standard","meta":{"footnotes":""},"categories":[9653],"tags":[1111,11,2430,1777,674,1011,27,1757,12,25,4001],"class_list":{"0":"post-491178","1":"post","2":"type-post","3":"status-publish","4":"format-standard","5":"has-post-thumbnail","7":"category-saint-etienne","8":"tag-actu","9":"tag-actualites","10":"tag-auvergne-rhone-alpes","11":"tag-eu","12":"tag-europe","13":"tag-fr","14":"tag-france","15":"tag-insolite","16":"tag-news","17":"tag-republique-francaise","18":"tag-saint-etienne"},"share_on_mastodon":{"url":"https:\/\/pubeurope.com\/@fr\/115440578204797428","error":""},"_links":{"self":[{"href":"https:\/\/www.europesays.com\/fr\/wp-json\/wp\/v2\/posts\/491178","targetHints":{"allow":["GET"]}}],"collection":[{"href":"https:\/\/www.europesays.com\/fr\/wp-json\/wp\/v2\/posts"}],"about":[{"href":"https:\/\/www.europesays.com\/fr\/wp-json\/wp\/v2\/types\/post"}],"author":[{"embeddable":true,"href":"https:\/\/www.europesays.com\/fr\/wp-json\/wp\/v2\/users\/2"}],"replies":[{"embeddable":true,"href":"https:\/\/www.europesays.com\/fr\/wp-json\/wp\/v2\/comments?post=491178"}],"version-history":[{"count":0,"href":"https:\/\/www.europesays.com\/fr\/wp-json\/wp\/v2\/posts\/491178\/revisions"}],"wp:featuredmedia":[{"embeddable":true,"href":"https:\/\/www.europesays.com\/fr\/wp-json\/wp\/v2\/media\/491179"}],"wp:attachment":[{"href":"https:\/\/www.europesays.com\/fr\/wp-json\/wp\/v2\/media?parent=491178"}],"wp:term":[{"taxonomy":"category","embeddable":true,"href":"https:\/\/www.europesays.com\/fr\/wp-json\/wp\/v2\/categories?post=491178"},{"taxonomy":"post_tag","embeddable":true,"href":"https:\/\/www.europesays.com\/fr\/wp-json\/wp\/v2\/tags?post=491178"}],"curies":[{"name":"wp","href":"https:\/\/api.w.org\/{rel}","templated":true}]}}