{"id":491191,"date":"2025-10-26T13:07:19","date_gmt":"2025-10-26T13:07:19","guid":{"rendered":"https:\/\/www.europesays.com\/fr\/491191\/"},"modified":"2025-10-26T13:07:19","modified_gmt":"2025-10-26T13:07:19","slug":"les-affiches-des-finales-sont-connues-aux-p1000-grenoble-tennis-padel-et-p1000-french-padel-club-perpignan","status":"publish","type":"post","link":"https:\/\/www.europesays.com\/fr\/491191\/","title":{"rendered":"Les affiches des finales sont connues aux P1000 Grenoble Tennis Padel et P1000 French Padel Club Perpignan"},"content":{"rendered":"<p>Le week-end padel bat son plein avec deux gros tournois en parall\u00e8le : le <strong>P1000 Grenoble Tennis Padel<\/strong> et le <strong>P1000 French Padel Club Perpignan<\/strong>. Dans les deux cas, les favoris ont quasiment tous r\u00e9pondu pr\u00e9sent et on retrouvera ce dimanche les <strong>meilleures paires du tableau<\/strong> en finale.<\/p>\n<p><strong>Grenoble : Sanchez \/ Potel domptent Verdier \/ Baud<\/strong><\/p>\n<p>\u00c0 <strong>Grenoble<\/strong>, la t\u00eate de s\u00e9rie n\u00b02 <strong>Baud \/ Verdier<\/strong> n\u2019a rien pu faire en demi-finale face au duo <strong>Sanchez \/ Potel<\/strong> (n\u00b03), qui s\u2019impose <strong>6\/1 6\/4<\/strong>. Les deux joueurs ont domin\u00e9 la rencontre de bout en bout.<\/p>\n<p>Dans l\u2019autre demi-finale, la t\u00eate de s\u00e9rie n\u00b01 <strong>Basso \/ Robert<\/strong> a d\u00fb <strong>\u00e9norm\u00e9ment batailler<\/strong> pour venir \u00e0 bout de <strong>Du Gardin \/ Roulleau<\/strong> (n\u00b04). Apr\u00e8s avoir conc\u00e9d\u00e9 la premi\u00e8re manche 7\/5, ils ont renvers\u00e9 la tendance dans le tie-break du deuxi\u00e8me set avant de d\u00e9rouler dans le dernier : <strong>5\/7 7\/6 6\/2<\/strong>.<br \/>On aura donc droit \u00e0 une <strong>finale entre<\/strong> <strong>Sanchez \/ Potel<\/strong> et <strong>Basso \/ Robert<\/strong>, \u00e0 suivre <strong>\u00e0 14h sur Padel Mag TV<\/strong>.<\/p>\n<p><img title=\"WhatsApp Image 2025-10-26 \u00e0 124104_df1c81b3 | Padel Magazine\" decoding=\"async\" src=\"https:\/\/www.europesays.com\/fr\/wp-content\/uploads\/2025\/10\/WhatsApp-Image-2025-10-26-a-124104_df1c81b3.jpg\" alt=\"\" class=\"wp-image-271779\" style=\"width:578px;height:auto\"\/><\/p>\n<p><strong>Perpignan : les favoris tiennent leur rang<\/strong><\/p>\n<p>Au <strong>French Padel Club Perpignan<\/strong>, les deux premi\u00e8res t\u00eates de s\u00e9rie seront au rendez-vous de la finale.<br \/>La t\u00eate de s\u00e9rie n\u00b02 <strong>Dufour \/ Trancart<\/strong> s\u2019est impos\u00e9e au terme d\u2019un <strong>gros combat<\/strong> face \u00e0 <strong>Piombo \/ Armand<\/strong>, <strong>6\/7 6\/3 6\/4<\/strong>. Les favoris ont su \u00e9lever leur niveau de jeu apr\u00e8s un premier set manqu\u00e9.<\/p>\n<p>Dans l\u2019autre demi-finale, les grands favoris <strong>Ayuso \/ Diaz<\/strong> (t\u00eate de s\u00e9rie n\u00b01) ont d\u00e9roul\u00e9 face \u00e0 <strong>Perrot \/ Huard<\/strong> (n\u00b06) : <strong>6\/4 6\/2<\/strong>.<br \/>La <strong>finale opposera donc Ayuso \/ Diaz \u00e0 Dufour \/ Trancart<\/strong>, \u00e0 suivre <strong>\u00e0 15h en direct sur Padel Mag TV<\/strong>.<\/p>\n<\/p>\n<p><img loading=\"lazy\" decoding=\"async\" data-del=\"avatar\" alt=\"Benjamin Dupouy\" src=\"https:\/\/www.europesays.com\/fr\/wp-content\/uploads\/2025\/04\/IMG_5219-150x150.jpg\" class=\"avatar pp-user-avatar avatar-100 photo \" height=\"100\" width=\"100\"\/><\/p>\n<p>J\u2019ai d\u00e9couvert le padel directement lors d\u2019un tournoi, et franchement, je n\u2019ai pas trop accroch\u00e9 au d\u00e9but. Mais la deuxi\u00e8me fois, \u00e7a a \u00e9t\u00e9 le coup de foudre, et depuis, je ne rate plus un seul match. Je suis m\u00eame pr\u00eat \u00e0 rester \u00e9veill\u00e9 jusqu\u2019\u00e0 3h du matin pour regarder une finale de Premier Padel !<\/p>\n<p class=\"related-title\">Sur le m\u00eame sujet<\/p>\n","protected":false},"excerpt":{"rendered":"Le week-end padel bat son plein avec deux gros tournois en parall\u00e8le : le P1000 Grenoble Tennis Padel&hellip;\n","protected":false},"author":2,"featured_media":490968,"comment_status":"","ping_status":"","sticky":false,"template":"","format":"standard","meta":{"footnotes":""},"categories":[9566],"tags":[1111,11,2430,1777,674,1011,27,2731,12,15168,25],"class_list":{"0":"post-491191","1":"post","2":"type-post","3":"status-publish","4":"format-standard","5":"has-post-thumbnail","7":"category-grenoble","8":"tag-actu","9":"tag-actualites","10":"tag-auvergne-rhone-alpes","11":"tag-eu","12":"tag-europe","13":"tag-fr","14":"tag-france","15":"tag-grenoble","16":"tag-news","17":"tag-p1000","18":"tag-republique-francaise"},"share_on_mastodon":{"url":"https:\/\/pubeurope.com\/@fr\/115440625417558617","error":""},"_links":{"self":[{"href":"https:\/\/www.europesays.com\/fr\/wp-json\/wp\/v2\/posts\/491191","targetHints":{"allow":["GET"]}}],"collection":[{"href":"https:\/\/www.europesays.com\/fr\/wp-json\/wp\/v2\/posts"}],"about":[{"href":"https:\/\/www.europesays.com\/fr\/wp-json\/wp\/v2\/types\/post"}],"author":[{"embeddable":true,"href":"https:\/\/www.europesays.com\/fr\/wp-json\/wp\/v2\/users\/2"}],"replies":[{"embeddable":true,"href":"https:\/\/www.europesays.com\/fr\/wp-json\/wp\/v2\/comments?post=491191"}],"version-history":[{"count":0,"href":"https:\/\/www.europesays.com\/fr\/wp-json\/wp\/v2\/posts\/491191\/revisions"}],"wp:featuredmedia":[{"embeddable":true,"href":"https:\/\/www.europesays.com\/fr\/wp-json\/wp\/v2\/media\/490968"}],"wp:attachment":[{"href":"https:\/\/www.europesays.com\/fr\/wp-json\/wp\/v2\/media?parent=491191"}],"wp:term":[{"taxonomy":"category","embeddable":true,"href":"https:\/\/www.europesays.com\/fr\/wp-json\/wp\/v2\/categories?post=491191"},{"taxonomy":"post_tag","embeddable":true,"href":"https:\/\/www.europesays.com\/fr\/wp-json\/wp\/v2\/tags?post=491191"}],"curies":[{"name":"wp","href":"https:\/\/api.w.org\/{rel}","templated":true}]}}