{"id":491192,"date":"2025-10-26T13:08:26","date_gmt":"2025-10-26T13:08:26","guid":{"rendered":"https:\/\/www.europesays.com\/fr\/491192\/"},"modified":"2025-10-26T13:08:26","modified_gmt":"2025-10-26T13:08:26","slug":"saint-jacques-de-la-lande-le-mois-du-doc-ouvre-ses-portes-le-4-novembre","status":"publish","type":"post","link":"https:\/\/www.europesays.com\/fr\/491192\/","title":{"rendered":"Saint-Jacques-de-la-Lande. Le Mois du doc ouvre ses portes le 4 novembre"},"content":{"rendered":"<p>Durant tout le mois de novembre, le film documentaire va \u00eatre \u00e0 l\u2019honneur dans toute la France dans le cadre de la 21e \u00e9dition du Mois du doc. En Ille-et-Vilaine, soixante-sept projections et rencontres sont pr\u00e9vues dans quarante-sept\u00a0lieux.<\/p>\n<p>L\u2019une d\u2019elles se d\u00e9roule dans la commune gr\u00e2ce au partenariat \u00e9tabli, depuis l\u2019origine, avec la m\u00e9diath\u00e8que Lucien-Herr. Parmi la liste des douze\u00a0films, elle a choisi de diffuser Cultiver la for\u00eat, du r\u00e9alisateur J\u00e9r\u00e9my Houadec. Ce dernier sera pr\u00e9sent pour une discussion, \u00e0 l\u2019issue, avec le public. \u00a0La th\u00e9matique de cette ann\u00e9e est Les M\u00e9tamorphoses. C\u2019est une invitation \u00e0 explorer les multiples formes de transformations qui traversent et fa\u00e7onnent nos vies et nos soci\u00e9t\u00e9s, souligne Nathalie F\u00e9tiveau, biblioth\u00e9caire. <strong>Nous avons choisi Cultiver la for\u00eat car il aborde ce sujet de mani\u00e8re sensible en pr\u00e9sentant le parcours de l\u2019artiste foresti\u00e8re et paysagiste, L\u00e9a Muller. Celle-ci cultive, depuis fin 2019, trois parcelles de for\u00eat soit vingt hectares. C\u2019est un engagement singulier mais aussi collectif.\u00a0\u00bb<\/strong> Ce documentaire, qui sera diffus\u00e9 dans sept autres lieux, fera aussi l\u2019ouverture du festival.<\/p>\n<p>Mardi 4\u00a0novembre, \u00e0 20\u00a0h, \u00c9pi Condorcet\u00a0: Cultiver la for\u00eat. Entr\u00e9e gratuite, r\u00e9servation conseill\u00e9e sur mediatheque-lucien-herr.fr ou st-jacques.fr<\/p>\n<p>\u00a0<\/p>\n","protected":false},"excerpt":{"rendered":"Durant tout le mois de novembre, le film documentaire va \u00eatre \u00e0 l\u2019honneur dans toute la France dans&hellip;\n","protected":false},"author":2,"featured_media":491193,"comment_status":"","ping_status":"","sticky":false,"template":"","format":"standard","meta":{"footnotes":""},"categories":[2821],"tags":[15540,1111,11,829,61382,1777,674,1011,27,2561,12,24649,10102,3761,584,25,18461],"class_list":{"0":"post-491192","1":"post","2":"type-post","3":"status-publish","4":"format-standard","5":"has-post-thumbnail","7":"category-rennes","8":"tag-15540","9":"tag-actu","10":"tag-actualites","11":"tag-bretagne","12":"tag-doc","13":"tag-eu","14":"tag-europe","15":"tag-fr","16":"tag-france","17":"tag-mois","18":"tag-news","19":"tag-novembre","20":"tag-ouvre","21":"tag-portes","22":"tag-rennes","23":"tag-republique-francaise","24":"tag-saint-jacques-de-la-lande"},"share_on_mastodon":{"url":"https:\/\/pubeurope.com\/@fr\/115440628819379518","error":""},"_links":{"self":[{"href":"https:\/\/www.europesays.com\/fr\/wp-json\/wp\/v2\/posts\/491192","targetHints":{"allow":["GET"]}}],"collection":[{"href":"https:\/\/www.europesays.com\/fr\/wp-json\/wp\/v2\/posts"}],"about":[{"href":"https:\/\/www.europesays.com\/fr\/wp-json\/wp\/v2\/types\/post"}],"author":[{"embeddable":true,"href":"https:\/\/www.europesays.com\/fr\/wp-json\/wp\/v2\/users\/2"}],"replies":[{"embeddable":true,"href":"https:\/\/www.europesays.com\/fr\/wp-json\/wp\/v2\/comments?post=491192"}],"version-history":[{"count":0,"href":"https:\/\/www.europesays.com\/fr\/wp-json\/wp\/v2\/posts\/491192\/revisions"}],"wp:featuredmedia":[{"embeddable":true,"href":"https:\/\/www.europesays.com\/fr\/wp-json\/wp\/v2\/media\/491193"}],"wp:attachment":[{"href":"https:\/\/www.europesays.com\/fr\/wp-json\/wp\/v2\/media?parent=491192"}],"wp:term":[{"taxonomy":"category","embeddable":true,"href":"https:\/\/www.europesays.com\/fr\/wp-json\/wp\/v2\/categories?post=491192"},{"taxonomy":"post_tag","embeddable":true,"href":"https:\/\/www.europesays.com\/fr\/wp-json\/wp\/v2\/tags?post=491192"}],"curies":[{"name":"wp","href":"https:\/\/api.w.org\/{rel}","templated":true}]}}