{"id":491194,"date":"2025-10-26T13:09:16","date_gmt":"2025-10-26T13:09:16","guid":{"rendered":"https:\/\/www.europesays.com\/fr\/491194\/"},"modified":"2025-10-26T13:09:16","modified_gmt":"2025-10-26T13:09:16","slug":"rennes-une-femme-de-78-ans-gazee-et-trainee-sur-plusieurs-metres-lors-dun-vol-a-la-tire","status":"publish","type":"post","link":"https:\/\/www.europesays.com\/fr\/491194\/","title":{"rendered":"Rennes : une femme de 78\u00a0ans gaz\u00e9e et tra\u00een\u00e9e sur plusieurs m\u00e8tres lors d\u2019un vol \u00e0 la tire"},"content":{"rendered":"<p class=\"p1\">Une agression extr\u00eamement violente. Les faits remontent au 1er juillet 2025. Une femme \u00e9tait tranquillement assise sur un banc dans le quartier de Maurepas \u00e0 <a href=\"https:\/\/www.valeursactuelles.com\/regions\/bretagne\/ille-et-vilaine\/rennes\/faits-divers\/info-va-rennes-un-detenu-en-permission-de-sortie-interpelle-pour-rodeo-urbain\" target=\"_blank\" rel=\"noopener\">Rennes<\/a> lorsqu\u2019un individu dissimulant son visage sous une casquette et capuche a tent\u00e9 de lui voler son sac en bandouli\u00e8re., rapporte <a href=\"https:\/\/www.ouest-france.fr\/bretagne\/rennes-35000\/a-78-ans-elle-avait-ete-gazee-et-agressee-pour-son-sac-a-maurepas-a-rennes-6da44118-b038-11f0-ad64-c51ff7d9b96e\" target=\"_blank\" rel=\"nofollow noopener\">Ouest-France<\/a>.<\/p>\n<p><a href=\"https:\/\/www.valeursactuelles.com\/clubvaleurs\/societe\/rennes-le-campement-de-migrants-au-parc-de-maurepas-enfin-evacue\" class=\"h-flex h-align-items-center h-border-tb h-ptb-15\" target=\"_blank\" rel=\"noopener\">A\u00a0LIRE\u00a0Rennes : le campement de migrants au parc de Maurepas enfin \u00e9vacu\u00e9<\/a>                    <img decoding=\"async\" src=\"https:\/\/www.europesays.com\/fr\/wp-content\/uploads\/2025\/09\/1758836776_788_maxresdefault.jpg\" alt=\"Vid\u00e9o YouTube\" style=\"width: 100%; height: auto; display: block;\"\/><\/p>\n<p>                        Chargement\u2026                    <\/p>\n<p class=\"p1\">La dame \u00e2g\u00e9e ne souhaitant pas se laisser faire a ensuite \u00e9t\u00e9 asperg\u00e9e de gaz lacrymog\u00e8ne par son agresseur avant d\u2019\u00eatre projet\u00e9e au sol et train\u00e9e sur plusieurs m\u00e8tres. \u00ab\u00a0J\u2019ai hurl\u00e9 de toutes mes forces\u00a0\u00bb, a racont\u00e9 le septuag\u00e9naire au tribunal ce jeudi 23 octobre. Ses cris de d\u00e9sespoir l\u2019ont peut-\u00eatre sauv\u00e9, car des passants sont intervenus. Eux aussi ont \u00e9t\u00e9 gaz\u00e9s par l\u2019agresseur.<\/p>\n<p>Plusieurs h\u00e9matomes et une main cass\u00e9e<\/p>\n<p class=\"p1\">La victime a \u00e9t\u00e9 retrouv\u00e9e couverte d\u2019h\u00e9matomes, une main fractur\u00e9e. L\u2019homme de 38\u00a0ans, lui, est parvenu \u00e0 s\u2019enfuir avec le sac, qui sera retrouv\u00e9 quelques m\u00e8tres plus loin, le portefeuille en moins.<\/p>\n<p class=\"p1\">L\u2019agresseur, Rachid T. a ni\u00e9 les faits lors du proc\u00e8s alors qu\u2019il se trouvait dans le box des accus\u00e9s. Mais son ADN a \u00e9t\u00e9 retrouv\u00e9 sur les lani\u00e8res du sac. Des t\u00e9moins l\u2019ont \u00e9galement reconnu.<\/p>\n<p class=\"p1\">L\u2019homme, d\u00e9j\u00e0 condamn\u00e9 deux fois pour des violences, travaille comme coffreur et chef d\u2019\u00e9quipe dans le b\u00e2timent. Il a admis \u00eatre accro au <a href=\"https:\/\/www.valeursactuelles.com\/clubvaleurs\/societe\/doucement-le-crack-sinstalle-dans-les-campagnes\" target=\"_blank\" rel=\"noopener\">crack et \u00e0 l\u2019alcool.<\/a> L\u2019individu a \u00e9t\u00e9 condamn\u00e9 \u00e0 deux ans de prison ferme avec une incarc\u00e9ration imm\u00e9diate.<\/p>\n","protected":false},"excerpt":{"rendered":"Une agression extr\u00eamement violente. Les faits remontent au 1er juillet 2025. Une femme \u00e9tait tranquillement assise sur un&hellip;\n","protected":false},"author":2,"featured_media":491195,"comment_status":"","ping_status":"","sticky":false,"template":"","format":"standard","meta":{"footnotes":""},"categories":[2821],"tags":[1111,11,1120,829,1777,674,1011,27,303,12,1072,584,25,15336],"class_list":{"0":"post-491194","1":"post","2":"type-post","3":"status-publish","4":"format-standard","5":"has-post-thumbnail","7":"category-rennes","8":"tag-actu","9":"tag-actualites","10":"tag-agression","11":"tag-bretagne","12":"tag-eu","13":"tag-europe","14":"tag-fr","15":"tag-france","16":"tag-justice","17":"tag-news","18":"tag-police","19":"tag-rennes","20":"tag-republique-francaise","21":"tag-vol-a-larrache"},"share_on_mastodon":{"url":"https:\/\/pubeurope.com\/@fr\/115440633350504929","error":""},"_links":{"self":[{"href":"https:\/\/www.europesays.com\/fr\/wp-json\/wp\/v2\/posts\/491194","targetHints":{"allow":["GET"]}}],"collection":[{"href":"https:\/\/www.europesays.com\/fr\/wp-json\/wp\/v2\/posts"}],"about":[{"href":"https:\/\/www.europesays.com\/fr\/wp-json\/wp\/v2\/types\/post"}],"author":[{"embeddable":true,"href":"https:\/\/www.europesays.com\/fr\/wp-json\/wp\/v2\/users\/2"}],"replies":[{"embeddable":true,"href":"https:\/\/www.europesays.com\/fr\/wp-json\/wp\/v2\/comments?post=491194"}],"version-history":[{"count":0,"href":"https:\/\/www.europesays.com\/fr\/wp-json\/wp\/v2\/posts\/491194\/revisions"}],"wp:featuredmedia":[{"embeddable":true,"href":"https:\/\/www.europesays.com\/fr\/wp-json\/wp\/v2\/media\/491195"}],"wp:attachment":[{"href":"https:\/\/www.europesays.com\/fr\/wp-json\/wp\/v2\/media?parent=491194"}],"wp:term":[{"taxonomy":"category","embeddable":true,"href":"https:\/\/www.europesays.com\/fr\/wp-json\/wp\/v2\/categories?post=491194"},{"taxonomy":"post_tag","embeddable":true,"href":"https:\/\/www.europesays.com\/fr\/wp-json\/wp\/v2\/tags?post=491194"}],"curies":[{"name":"wp","href":"https:\/\/api.w.org\/{rel}","templated":true}]}}