{"id":491196,"date":"2025-10-26T13:10:12","date_gmt":"2025-10-26T13:10:12","guid":{"rendered":"https:\/\/www.europesays.com\/fr\/491196\/"},"modified":"2025-10-26T13:10:12","modified_gmt":"2025-10-26T13:10:12","slug":"husseren-wesserling-avec-la-compagnie-equinote-un-nouveau-spectacle-sur-la-place-des-animaux-2","status":"publish","type":"post","link":"https:\/\/www.europesays.com\/fr\/491196\/","title":{"rendered":"Husseren-Wesserling. Avec la compagnie \u00c9quiNote, un nouveau spectacle sur la place des animaux"},"content":{"rendered":"<p>Il s\u2019agit d\u2019une collaboration in\u00e9dite entre la compagnie \u00e9questre \u00c9quiNote et la metteure en sc\u00e8ne \u00c9milie Capliez, co-directrice de la Com\u00e9die de Colmar\u00a0: le spectacle Zusammen , pr\u00e9sent\u00e9 les 1 er , 2, 8 et 9\u00a0novembre \u00e0 Husseren-Wesserling. D\u00e9ployant son univers fantastique et merveilleux, \u00c9milie Capliez emm\u00e8ne le public de l\u2019autre c\u00f4t\u00e9 du d\u00e9cor circassien. Pas de processus narratif classique, mais du travail \u00e0 l\u2019\u0153uvre, et les relations qui s\u2019y jouent, entre l\u2019homme et l\u2019animal. <a href=\"https:\/\/www.dna.fr\/culture-loisirs\/2025\/09\/27\/des-chevaux-et-des-hommes-a-l-oeuvre-dans-le-spectacle-zusammen\" target=\"_blank\" rel=\"nofollow noopener\">Avec, en creux, ces questions&#8230;<\/a><\/p>\n","protected":false},"excerpt":{"rendered":"Il s\u2019agit d\u2019une collaboration in\u00e9dite entre la compagnie \u00e9questre \u00c9quiNote et la metteure en sc\u00e8ne \u00c9milie Capliez, co-directrice&hellip;\n","protected":false},"author":2,"featured_media":491089,"comment_status":"","ping_status":"","sticky":false,"template":"","format":"standard","meta":{"footnotes":""},"categories":[2820],"tags":[1111,11,1687,1636,10869,1777,674,107,1011,27,775,55539,12,25,55540,3140,517,640],"class_list":{"0":"post-491196","1":"post","2":"type-post","3":"status-publish","4":"format-standard","5":"has-post-thumbnail","7":"category-strasbourg","8":"tag-actu","9":"tag-actualites","10":"tag-culture-loisirs","11":"tag-edition-mulhouse-thann","12":"tag-equitation","13":"tag-eu","14":"tag-europe","15":"tag-fil-info","16":"tag-fr","17":"tag-france","18":"tag-grand-est","19":"tag-husseren-wesserling","20":"tag-news","21":"tag-republique-francaise","22":"tag-secteur-de-saint-amarin","23":"tag-spectacle","24":"tag-sport","25":"tag-strasbourg"},"share_on_mastodon":{"url":"https:\/\/pubeurope.com\/@fr\/115440636690818919","error":""},"_links":{"self":[{"href":"https:\/\/www.europesays.com\/fr\/wp-json\/wp\/v2\/posts\/491196","targetHints":{"allow":["GET"]}}],"collection":[{"href":"https:\/\/www.europesays.com\/fr\/wp-json\/wp\/v2\/posts"}],"about":[{"href":"https:\/\/www.europesays.com\/fr\/wp-json\/wp\/v2\/types\/post"}],"author":[{"embeddable":true,"href":"https:\/\/www.europesays.com\/fr\/wp-json\/wp\/v2\/users\/2"}],"replies":[{"embeddable":true,"href":"https:\/\/www.europesays.com\/fr\/wp-json\/wp\/v2\/comments?post=491196"}],"version-history":[{"count":0,"href":"https:\/\/www.europesays.com\/fr\/wp-json\/wp\/v2\/posts\/491196\/revisions"}],"wp:featuredmedia":[{"embeddable":true,"href":"https:\/\/www.europesays.com\/fr\/wp-json\/wp\/v2\/media\/491089"}],"wp:attachment":[{"href":"https:\/\/www.europesays.com\/fr\/wp-json\/wp\/v2\/media?parent=491196"}],"wp:term":[{"taxonomy":"category","embeddable":true,"href":"https:\/\/www.europesays.com\/fr\/wp-json\/wp\/v2\/categories?post=491196"},{"taxonomy":"post_tag","embeddable":true,"href":"https:\/\/www.europesays.com\/fr\/wp-json\/wp\/v2\/tags?post=491196"}],"curies":[{"name":"wp","href":"https:\/\/api.w.org\/{rel}","templated":true}]}}