{"id":491197,"date":"2025-10-26T13:11:20","date_gmt":"2025-10-26T13:11:20","guid":{"rendered":"https:\/\/www.europesays.com\/fr\/491197\/"},"modified":"2025-10-26T13:11:20","modified_gmt":"2025-10-26T13:11:20","slug":"strasbourg-rosenior-va-affronter-une-equipe-exceptionnelle","status":"publish","type":"post","link":"https:\/\/www.europesays.com\/fr\/491197\/","title":{"rendered":"Strasbourg : Rosenior va affronter \u00ab\u00a0une \u00e9quipe exceptionnelle\u00a0\u00bb"},"content":{"rendered":"<p>                            <img width=\"770\" height=\"433\" src=\"https:\/\/www.europesays.com\/fr\/wp-content\/uploads\/2025\/10\/Capture-decran-2025-10-24-102900-770x433.jpg\" class=\"attachment-article size-article wp-post-image\" alt=\"Liam Rosenior, entra\u00eeneur de Strasbourg\" decoding=\"async\" fetchpriority=\"high\"  \/><\/p>\n<p>Liam Rosenior, entra\u00eeneur de Strasbourg (@UEFA)<\/p>\n<p>Malgr\u00e9 les deux d\u00e9faites de suite en championnat de l\u2019OL, Liam Rosenior se m\u00e9fie de la formation rhodanienne. Il est conscient que les derniers r\u00e9sultats ne d\u00e9crivent pas la domination lyonnaise.<\/p>\n<p>Sur le papier, c\u2019est un match plus qu\u2019all\u00e9chant auquel doivent s\u2019attendre les supporters pr\u00e9sents au Parc OL. Entre l\u2019<strong>OL<\/strong>\u00a0et\u00a0<strong>Strasbourg<\/strong>, c\u2019est presque l\u2019assurance de voir du spectacle. Les deux rencontres de la saison pass\u00e9e l\u2019avaient d\u2019ailleurs prouv\u00e9 avec des sc\u00e9narios compl\u00e8tement fous. Cette saison, cette derni\u00e8re rencontre de la 9e journ\u00e9e de Ligue 1 oppose deux \u00e9quipes qui se tiennent en un point et qui ont la possibilit\u00e9 de faire une belle op\u00e9ration en haut du tableau.<\/p>\n<p>Pour l\u2019<strong>OL<\/strong>, cela ne permettra pas de retrouver le podium en cas de succ\u00e8s, mais cela mettrait surtout un terme \u00e0 deux d\u00e9faites de rang contre\u00a0<strong>Toulouse<\/strong>\u00a0et contre\u00a0<strong>Nice<\/strong>. Deux d\u00e9faites frustrantes sur lesquelles s\u2019est peut-\u00eatre appuy\u00e9 Liam\u00a0<strong>Rosenior<\/strong>, le coach alsacien. Quoi que\u2026\u00a0\u00ab\u00a0Les r\u00e9sultats pr\u00e9c\u00e9dents n\u2019ont pas d\u2019importance dans des matchs comme celui-ci. Ils ont eu de la malchance contre Toulouse, en encaissant 2 buts en fin de match. Ils sont vraiment tr\u00e8s bons dans le jeu et ont \u00e9t\u00e9 dominants dans le match. \u00c7a va \u00eatre un match difficile. Ce qui s\u2019est pass\u00e9 par le pass\u00e9, n\u2019influence pas vraiment ce qui se passera lors du match de demain.\u00a0\u00bb<\/p>\n<p>\u00ab\u00a0Je sais tout d&rsquo;eux\u00a0\u00bb<\/p>\n<p>S\u00fbr des forces de son \u00e9quipe,\u00a0<strong>Rosenior<\/strong>\u00a0est \u00e9galement conscient que l\u2019OL aurait certainement m\u00e9rit\u00e9 autre chose contre\u00a0<strong>Toulouse<\/strong>\u00a0et\u00a0<strong>Nice<\/strong>. C\u2019est malheureusement le lot pour toutes les \u00e9quipes et l\u2019OL veut avant tout \u00e9viter la passe de trois ce dimanche face \u00e0 ses supporters. Dans une rencontre qui s\u2019annonce ouverte, la bataille tactique entre\u00a0<strong><a href=\"https:\/\/www.olympique-et-lyonnais.com\/fonseca-ol-dithyrambique-envers-strasbourg,383354.html\" target=\"_blank\" rel=\"noopener\">Fonseca<\/a><\/strong>\u00a0et\u00a0<strong>Rosenior\u00a0<\/strong>devrait \u00eatre l\u2019une des cl\u00e9s dominicales.\u00a0\u00ab\u00a0Nous savons que nous affrontons une \u00e9quipe exceptionnelle. Ils ont \u00e9t\u00e9 impressionnants contre B\u00e2le lors du dernier match. Je connais leurs points forts, je sais tout d\u2019eux. Ce sont de tr\u00e8s bon joueurs.\u00a0\u00bb\u00a0Flatter l\u2019\u00e9go de l\u2019adversaire pour mieux le piquer sur le terrain ? R\u00e9ponse ce dimanche \u00e0 partir de 20h45.<\/p>\n<p>\t\t\t\t\t<a href=\"https:\/\/www.olympique-et-lyonnais.com\/quand-lol-ne-prend-pas-de-but-la-victoire-est-la,383418.html\" title=\"Quand l\u2019OL ne prend pas de but, la victoire est l\u00e0\" target=\"_blank\" rel=\"noopener\"><img loading=\"lazy\" width=\"580\" height=\"326\" src=\"https:\/\/www.europesays.com\/fr\/wp-content\/uploads\/2025\/10\/AFP__20250928__772L364__v1__HighRes__FblFraLigue1LilleLyon-580x326.jpg\" class=\"attachment-actularge size-actularge wp-post-image\" alt=\"Dominik Greif lors de Lille - OL.\" decoding=\"async\"  \/>\t\t\t\t\t<\/a><\/p>\n","protected":false},"excerpt":{"rendered":"Liam Rosenior, entra\u00eeneur de Strasbourg (@UEFA) Malgr\u00e9 les deux d\u00e9faites de suite en championnat de l\u2019OL, Liam Rosenior&hellip;\n","protected":false},"author":2,"featured_media":491198,"comment_status":"","ping_status":"","sticky":false,"template":"","format":"standard","meta":{"footnotes":""},"categories":[2820],"tags":[1111,11,1777,674,1011,27,775,66,12,241,978,25,640],"class_list":{"0":"post-491197","1":"post","2":"type-post","3":"status-publish","4":"format-standard","5":"has-post-thumbnail","7":"category-strasbourg","8":"tag-actu","9":"tag-actualites","10":"tag-eu","11":"tag-europe","12":"tag-fr","13":"tag-france","14":"tag-grand-est","15":"tag-ligue-1","16":"tag-news","17":"tag-ol","18":"tag-olympique-lyonnais","19":"tag-republique-francaise","20":"tag-strasbourg"},"share_on_mastodon":{"url":"https:\/\/pubeurope.com\/@fr\/115440641101533877","error":""},"_links":{"self":[{"href":"https:\/\/www.europesays.com\/fr\/wp-json\/wp\/v2\/posts\/491197","targetHints":{"allow":["GET"]}}],"collection":[{"href":"https:\/\/www.europesays.com\/fr\/wp-json\/wp\/v2\/posts"}],"about":[{"href":"https:\/\/www.europesays.com\/fr\/wp-json\/wp\/v2\/types\/post"}],"author":[{"embeddable":true,"href":"https:\/\/www.europesays.com\/fr\/wp-json\/wp\/v2\/users\/2"}],"replies":[{"embeddable":true,"href":"https:\/\/www.europesays.com\/fr\/wp-json\/wp\/v2\/comments?post=491197"}],"version-history":[{"count":0,"href":"https:\/\/www.europesays.com\/fr\/wp-json\/wp\/v2\/posts\/491197\/revisions"}],"wp:featuredmedia":[{"embeddable":true,"href":"https:\/\/www.europesays.com\/fr\/wp-json\/wp\/v2\/media\/491198"}],"wp:attachment":[{"href":"https:\/\/www.europesays.com\/fr\/wp-json\/wp\/v2\/media?parent=491197"}],"wp:term":[{"taxonomy":"category","embeddable":true,"href":"https:\/\/www.europesays.com\/fr\/wp-json\/wp\/v2\/categories?post=491197"},{"taxonomy":"post_tag","embeddable":true,"href":"https:\/\/www.europesays.com\/fr\/wp-json\/wp\/v2\/tags?post=491197"}],"curies":[{"name":"wp","href":"https:\/\/api.w.org\/{rel}","templated":true}]}}