{"id":491201,"date":"2025-10-26T13:14:24","date_gmt":"2025-10-26T13:14:24","guid":{"rendered":"https:\/\/www.europesays.com\/fr\/491201\/"},"modified":"2025-10-26T13:14:24","modified_gmt":"2025-10-26T13:14:24","slug":"lheure-solidaire-quand-un-celebre-patissier-nantais-donne-de-son-temps","status":"publish","type":"post","link":"https:\/\/www.europesays.com\/fr\/491201\/","title":{"rendered":"L&rsquo;heure solidaire : quand un c\u00e9l\u00e8bre p\u00e2tissier nantais donne de son temps !"},"content":{"rendered":"\n<p>Dans la nuit de samedi \u00e0 dimanche, on va changer d\u2019heure et gagner une heure de sommeil. <strong>60 minutes de plus qui pourraient \u00eatre utilis\u00e9es pour les autres.<\/strong> C\u2019est le pari de l\u2019association <a href=\"https:\/\/www.habitat-humanisme.org\/\" rel=\"noopener\" target=\"_blank\">Habitat et Humanisme<\/a> qui agit en faveur de l\u2019insertion des personnes en pr\u00e9carit\u00e9 et pour la cr\u00e9ation de liens sociaux.<\/p>\n<p>A Nantes, ses b\u00e9n\u00e9voles ont propos\u00e9 une journ\u00e9e particuli\u00e8re, mercredi dernier. Les b\u00e9n\u00e9ficiaires de la r\u00e9sidence interg\u00e9n\u00e9rationnelle Saint-Rogatien pouvaient rencontrer une figure de la p\u00e2tisserie, le Nantais Vincent Guerlais, qui a pris le temps d\u2019\u00e9changer avec chacun d\u2019entre eux et de livrer quelques secrets de chocolatier.<\/p>\n<p>\u00a0<\/p>\n<blockquote><p>\n\u00ab\u00a0Pouvoir partager cette passion, c&rsquo;est toujours quelque chose de sympathique\u00a0\u00bb\n<\/p><\/blockquote>\n<p>\u00a0<\/p>\n<p>\u00ab\u00a0Le but est d&rsquo;essayer de rendre accessible le cacao. Je pense que tous (les b\u00e9n\u00e9ficiaires pr\u00e9sents) avaient go\u00fbt\u00e9 au moins une fois dans leur vie un carr\u00e9 de chocolat mais ils ne savaient pas sp\u00e9cialement ce qu&rsquo;\u00e9tait le chocolat \u00e0 la base, ce qu&rsquo;il y avait derri\u00e8re, les chocolatiers mais aussi les planteurs et de montrer un peu toute la fili\u00e8re. Quand ils mangent un carr\u00e9 de chocolat, il y a une histoire derri\u00e8re. Cest l&rsquo;id\u00e9e de se dire, \u00ab\u00a0on a une heure de plus et de pouvoir la partager avec les autres\u00a0\u00bb<\/p>\n<p>C&rsquo;est toujours int\u00e9ressant parce que mon m\u00e9tier, avant tout, est un m\u00e9tier de passion et pouvoir partager cette passion, c&rsquo;est toujours quelque chose de sympathique. Voir aussi des gens avec lesquels il n\u2019y a pas sp\u00e9cialement toujours des passerelles pour se rencontrer. Je trouve \u00e7a int\u00e9ressant, tr\u00e8s important et tr\u00e8s enrichissant pour tout le monde\u00a0\u00bb.<\/p>\n<p>Enrichissant, notamment pour Enzo, 25 ans, qui \u00e9tudie la cuisine. Ce dernier est pizzaiolo et b\u00e9n\u00e9ficiaire de l&rsquo;association. \u00ab\u00a0Je trouve que c&rsquo;est une personne (Vincent Guerlais) qui met vraiment en valeur tout le monde, que ce soit le cultivateur, la personne qui vend directement. Il met de la lumi\u00e8re sur tout le monde et je trouve \u00e7a hyper int\u00e9ressant et trop cool. C&rsquo;est quelqu&rsquo;un qui cherche toujours \u00e0 s&rsquo;am\u00e9liorer.<\/p>\n<p>\u00a0<\/p>\n<blockquote><p>\nUn atelier enrichissant\n<\/p><\/blockquote>\n<p>\u00a0<\/p>\n<p>Au d\u00e9but, je pensais qu&rsquo;on allait plus cuisiner, du coup je suis venue en tenue (de cuisine). <strong>Au final, j&rsquo;ai peut-\u00eatre pas cuisin\u00e9, mais j&rsquo;ai appris comment le cacao pouvait finir en chocolat.<\/strong> On fait souvent de la mousse au chocolat o\u00f9 je bosse. Je vais essayer de voir si maintenant que j\u2019ai l\u2019explication, je vais voir si le patron la fait de cette fa\u00e7on et s&rsquo;il le fait pas, je lui dirais d&rsquo;essayer de faire comme \u00e7a.\u00a0\u00bb<\/p>\n<p>L\u2019association Habitat et Humanisme, agit aussi, comme son nom l\u2019indique, en faveur du logement.<\/p>\n<p>Depuis sa cr\u00e9ation il y a 40 ans, l\u2019association a log\u00e9 et accompagn\u00e9 plus de 40 000 familles. Vous retrouvez toutes les informations <a href=\"https:\/\/www.habitat-humanisme.org\/heure-solidaire-2025\/\" rel=\"noopener\" target=\"_blank\">ici.<\/a><\/p>\n<p>\u00a0<\/p>\n","protected":false},"excerpt":{"rendered":"Dans la nuit de samedi \u00e0 dimanche, on va changer d\u2019heure et gagner une heure de sommeil. 60&hellip;\n","protected":false},"author":2,"featured_media":491202,"comment_status":"","ping_status":"","sticky":false,"template":"","format":"standard","meta":{"footnotes":""},"categories":[2818],"tags":[1111,11,7334,1777,674,1011,27,4250,61383,61385,766,12,2636,25,61384],"class_list":{"0":"post-491201","1":"post","2":"type-post","3":"status-publish","4":"format-standard","5":"has-post-thumbnail","7":"category-nantes","8":"tag-actu","9":"tag-actualites","10":"tag-chocolat","11":"tag-eu","12":"tag-europe","13":"tag-fr","14":"tag-france","15":"tag-habitat","16":"tag-heure-solidaire","17":"tag-humanisme","18":"tag-nantes","19":"tag-news","20":"tag-pays-de-la-loire","21":"tag-republique-francaise","22":"tag-vincent-guerlais"},"share_on_mastodon":{"url":"https:\/\/pubeurope.com\/@fr\/115440652418755808","error":""},"_links":{"self":[{"href":"https:\/\/www.europesays.com\/fr\/wp-json\/wp\/v2\/posts\/491201","targetHints":{"allow":["GET"]}}],"collection":[{"href":"https:\/\/www.europesays.com\/fr\/wp-json\/wp\/v2\/posts"}],"about":[{"href":"https:\/\/www.europesays.com\/fr\/wp-json\/wp\/v2\/types\/post"}],"author":[{"embeddable":true,"href":"https:\/\/www.europesays.com\/fr\/wp-json\/wp\/v2\/users\/2"}],"replies":[{"embeddable":true,"href":"https:\/\/www.europesays.com\/fr\/wp-json\/wp\/v2\/comments?post=491201"}],"version-history":[{"count":0,"href":"https:\/\/www.europesays.com\/fr\/wp-json\/wp\/v2\/posts\/491201\/revisions"}],"wp:featuredmedia":[{"embeddable":true,"href":"https:\/\/www.europesays.com\/fr\/wp-json\/wp\/v2\/media\/491202"}],"wp:attachment":[{"href":"https:\/\/www.europesays.com\/fr\/wp-json\/wp\/v2\/media?parent=491201"}],"wp:term":[{"taxonomy":"category","embeddable":true,"href":"https:\/\/www.europesays.com\/fr\/wp-json\/wp\/v2\/categories?post=491201"},{"taxonomy":"post_tag","embeddable":true,"href":"https:\/\/www.europesays.com\/fr\/wp-json\/wp\/v2\/tags?post=491201"}],"curies":[{"name":"wp","href":"https:\/\/api.w.org\/{rel}","templated":true}]}}