{"id":491212,"date":"2025-10-26T13:20:30","date_gmt":"2025-10-26T13:20:30","guid":{"rendered":"https:\/\/www.europesays.com\/fr\/491212\/"},"modified":"2025-10-26T13:20:30","modified_gmt":"2025-10-26T13:20:30","slug":"idees-sorties-pour-halloween-2025","status":"publish","type":"post","link":"https:\/\/www.europesays.com\/fr\/491212\/","title":{"rendered":"Id\u00e9es sorties pour Halloween 2025"},"content":{"rendered":"<p class=\"has-text-align-center\"><strong>Zoom Sur Lille<\/strong> vous propose quelques<strong> id\u00e9es sorties<\/strong> pour <strong>Halloween !!!<\/strong><\/p>\n<p class=\"has-text-align-center\">Halloween \u00e0 Cita-Parc \u2013 Lille<\/p>\n<p><a href=\"https:\/\/www.zoomsurlille.fr\/wp-content\/uploads\/2025\/10\/cita_parc_halloween_2025.jpg\" target=\"_blank\" rel=\"noopener\"><img loading=\"lazy\" decoding=\"async\" width=\"1024\" height=\"390\" src=\"https:\/\/www.europesays.com\/fr\/wp-content\/uploads\/2025\/10\/cita_parc_halloween_2025-1024x390.jpg\" alt=\"\" class=\"wp-image-87924\"  \/><\/a><\/p>\n<p style=\"text-align: justify;\">Le <strong>parc d\u2019attractions<\/strong> <strong>\u00ab Cita-Parc \u00bb<\/strong> situ\u00e9 \u00e0 c\u00f4t\u00e9 du zoo de Lille est le <strong>lieu id\u00e9al<\/strong> pour<strong> fl\u00e2ner, s\u2019amuser<\/strong> et <strong>se d\u00e9tendre,<\/strong> avec ses<strong> 8 000 m\u00b2<\/strong> d\u00e9di\u00e9s aux <strong>petits<\/strong> et <strong>grands<\/strong>. Un <strong>floril\u00e8ge d\u2019attractions <\/strong>sur le <strong>th\u00e8me de la nature et des animaux, <\/strong>attend <strong>les enfants,<\/strong> pour les <strong>convier \u00e0 d\u2019incroyables aventures.<\/strong><\/p>\n<p class=\"has-text-align-center\"><strong>Du 18 octobre au 02 novembre 2025, <\/strong><strong>Cita Parc<\/strong><strong> se met \u00e0 l\u2019heure<\/strong> <strong>d\u2019Halloween\u2026<\/strong><\/p>\n<p style=\"text-align: justify;\"><b><strong><img loading=\"lazy\" decoding=\"async\" class=\"size-full wp-image-45 tie-appear\" src=\"https:\/\/www.europesays.com\/fr\/wp-content\/uploads\/2025\/10\/1761484817_294_arrow.png\" alt=\"\" width=\"9\" height=\"9\"\/><\/strong><\/b><strong> Cita-Parc<\/strong><br \/>Avenue Mathias Delobel<br \/><strong><img loading=\"lazy\" decoding=\"async\" class=\"size-full wp-image-45 tie-appear\" src=\"https:\/\/www.europesays.com\/fr\/wp-content\/uploads\/2025\/10\/1761484817_294_arrow.png\" alt=\"\" width=\"9\" height=\"9\"\/> <\/strong><b>Horaires d\u2019ouverture : <\/b>11h \u00e0 18h<br \/><img decoding=\"async\" loading=\"lazy\" class=\"tie-appear\" src=\"https:\/\/www.europesays.com\/fr\/wp-content\/uploads\/2025\/04\/1743937991_452_arrow.png\" alt=\"\" width=\"9\" height=\"9\" data-lazy-src=\"https:\/\/www.europesays.com\/fr\/wp-content\/uploads\/2025\/04\/1743937991_452_arrow.png\"\/> <strong>Tarifs :<\/strong><br \/>1 ticket = 3\u20ac<br \/>Pack D\u00e9couverte \u2013 10 tickets + 1 offert = 25 \u20ac (soit 2,50\u20ac le ticket)<br \/>Pack Aventurier \u2013 20 tickets + 2 offerts = 40 \u20ac (soit 2\u20ac le ticket)<br \/>Pack Lila \u2013 30 tickets + 3 offerts = 50\u20ac (soit 1,66\u20ac le ticket)<br \/>Pass Illimit\u00e9 \u00e0 la journ\u00e9e = 17\u20ac (il est valable pour une personne durant toute une journ\u00e9e d\u2019ouverture du parc. Le Pass comporte un ticket pour la journ\u00e9e ainsi qu\u2019un bracelet avec port obligatoire de ce dernier).<br \/>Carte de Fid\u00e9lit\u00e9 offerte d\u00e8s l\u2019achat d\u2019un pack (uniquement valable \u00e0 la caisse centrale du parc). La carte de fid\u00e9lit\u00e9 remplie = 10 tickets offerts.<br \/>1 ticket = 1 tour de man\u00e8ge. Les billets donnent acc\u00e8s \u00e0 toutes les attractions, quelle que soit la date de visite (selon le calendrier d\u2019ouverture du parc). Le parc dispose \u00e9galement d\u2019offres CE et pour les groupes d\u2019enfants. <br \/><strong><img decoding=\"async\" loading=\"lazy\" class=\"size-full wp-image-45 lazyloaded tie-appear\" src=\"https:\/\/www.europesays.com\/fr\/wp-content\/uploads\/2025\/04\/1743937991_452_arrow.png\" alt=\"\" width=\"9\" height=\"9\" data-lazy-src=\"https:\/\/www.europesays.com\/fr\/wp-content\/uploads\/2025\/04\/1743937991_452_arrow.png\"\/><\/strong> <a href=\"https:\/\/www.cita-parc.fr\/\" target=\"_blank\" rel=\"noopener\">Site internet de Cita Parc<\/a><\/p>\n<p class=\"has-text-align-center\">Halloween \u00e0 Accro lille*<\/p>\n<p><img decoding=\"async\" loading=\"lazy\" width=\"1024\" height=\"683\" src=\"https:\/\/www.europesays.com\/fr\/wp-content\/uploads\/2025\/07\/accrobranches_2022_01-1024x683.jpg\" alt=\"\" class=\"wp-image-61260\" style=\"aspect-ratio:1.499267935578331;object-fit:cover;width:500px\"  \/><\/p>\n<p style=\"text-align: justify;\"><strong>Vendredi 31 octobre 2025 \u00e0 18h, \u00e0 l\u2019occasion d\u2019Halloween,<\/strong> <strong>Accro Lille<\/strong> propose de <strong>l\u2019accrobranche nocturne <\/strong>au c\u0153ur du <strong>Parc de la Citadelle de Lille ! <\/strong><\/p>\n<p><strong><img decoding=\"async\" loading=\"lazy\" data-lazy-src=\"https:\/\/www.europesays.com\/fr\/wp-content\/uploads\/2025\/04\/1743937991_452_arrow.png\" width=\"9\" height=\"9\" class=\"size-full wp-image-45 lazyloaded tie-appear\" src=\"https:\/\/www.europesays.com\/fr\/wp-content\/uploads\/2025\/04\/1743937991_452_arrow.png\" alt=\"\"\/> Accro Lille<\/strong><br \/>Parc de la Citadelle (au croisement de l\u2019all\u00e9e du Train de Loos et de l\u2019all\u00e9e Paul Vallon) <br \/><strong> <img decoding=\"async\" loading=\"lazy\" data-lazy-src=\"https:\/\/www.europesays.com\/fr\/wp-content\/uploads\/2025\/04\/1743937991_452_arrow.png\" width=\"9\" height=\"9\" class=\"size-full wp-image-45 lazyloaded tie-appear\" src=\"https:\/\/www.europesays.com\/fr\/wp-content\/uploads\/2025\/04\/1743937991_452_arrow.png\" alt=\"\"\/> Tarif parcours Halloween : <\/strong>25\u20ac, \u00e0 partir de 1m40 <br \/><strong><img decoding=\"async\" loading=\"lazy\" data-lazy-src=\"https:\/\/www.europesays.com\/fr\/wp-content\/uploads\/2025\/04\/1743937991_452_arrow.png\" width=\"9\" height=\"9\" class=\"size-full wp-image-45 lazyloaded tie-appear\" src=\"https:\/\/www.europesays.com\/fr\/wp-content\/uploads\/2025\/04\/1743937991_452_arrow.png\" alt=\"\"\/> <\/strong><a href=\"https:\/\/www.accro-lille.fr\/accueil\/\" target=\"_blank\" rel=\"noopener noreferrer\">Site internet Accro Lille<\/a><br \/><strong><img decoding=\"async\" loading=\"lazy\" data-lazy-src=\"https:\/\/www.europesays.com\/fr\/wp-content\/uploads\/2025\/04\/1743937991_452_arrow.png\" width=\"9\" height=\"9\" class=\"size-full wp-image-45 lazyloaded tie-appear\" src=\"https:\/\/www.europesays.com\/fr\/wp-content\/uploads\/2025\/04\/1743937991_452_arrow.png\" alt=\"\"\/> Mail :<\/strong> <a href=\"https:\/\/www.zoomsurlille.fr\/actualites\/mailto:contact@accro-lille.fr\" target=\"_blank\" rel=\"noopener noreferrer\">contact@accro-lille.fr<\/a><br \/><strong><img decoding=\"async\" loading=\"lazy\" data-lazy-src=\"https:\/\/www.europesays.com\/fr\/wp-content\/uploads\/2025\/04\/1743937991_452_arrow.png\" width=\"9\" height=\"9\" class=\"size-full wp-image-45 lazyloaded tie-appear\" src=\"https:\/\/www.europesays.com\/fr\/wp-content\/uploads\/2025\/04\/1743937991_452_arrow.png\" alt=\"\"\/> T\u00e9l\u00e9phone :<\/strong> 09 72 33 00 16<\/p>\n<p><strong>\u00a0<\/strong>* en fonction des conditions climatiques.<\/p>\n<p class=\"has-text-align-center\">Mission Hant\u00e9e \u00e0 One Brain \u2013 Live Escape Game 2.0 \u2013 Lille<\/p>\n<p><img decoding=\"async\" loading=\"lazy\" width=\"250\" height=\"135\" class=\"wp-image-47070\" style=\"width: 250px; height: 135px;\" src=\"https:\/\/www.europesays.com\/fr\/wp-content\/uploads\/2025\/10\/one_brain_2020_05.png\" alt=\"\"\/><\/p>\n<p>Dans le local de cet Escape Game de Lille, l\u2019\u00e9quipe juste avant vous est entr\u00e9e pour jouer, mais n\u2019en est jamais ressortie. R\u00e9solvez les \u00e9nigmes du lieu du crime, retrouvez l\u2019identit\u00e9 des victimes et faites la lumi\u00e8re sur ce massacre !<\/p>\n<p style=\"text-align: justify;\">Mission Hant\u00e9e est une salle \u00ab frisson \u00bb plut\u00f4t que \u00ab horreur \u00bb.<\/p>\n<p style=\"text-align: justify;\">C\u2019est une salle sans acteur jouant plus sur l\u2019ambiance que sur les jumpscares\u00a0(sursauts).<\/p>\n<p><strong><img decoding=\"async\" loading=\"lazy\" data-lazy-src=\"https:\/\/www.europesays.com\/fr\/wp-content\/uploads\/2025\/04\/1743937991_452_arrow.png\" width=\"9\" height=\"9\" class=\"size-full wp-image-45 lazyloaded tie-appear\" src=\"https:\/\/www.europesays.com\/fr\/wp-content\/uploads\/2025\/04\/1743937991_452_arrow.png\" alt=\"\"\/> One Brain \u2013 Live Escape Game 2.0<\/strong><br \/>11bis, boulevard Jean-Baptiste Lebas \u2013\u00a0 Lille<br \/><strong><img decoding=\"async\" loading=\"lazy\" data-lazy-src=\"https:\/\/www.europesays.com\/fr\/wp-content\/uploads\/2025\/04\/1743937991_452_arrow.png\" width=\"9\" height=\"9\" class=\"tie-appear\" src=\"https:\/\/www.europesays.com\/fr\/wp-content\/uploads\/2025\/04\/1743937991_452_arrow.png\" alt=\"\"\/><\/strong> <strong>Tarif : <\/strong>\u00e0 partir de 23\u20ac \/ personne<br \/><strong><img decoding=\"async\" loading=\"lazy\" data-lazy-src=\"https:\/\/www.europesays.com\/fr\/wp-content\/uploads\/2025\/04\/1743937991_452_arrow.png\" width=\"9\" height=\"9\" class=\"tie-appear\" src=\"https:\/\/www.europesays.com\/fr\/wp-content\/uploads\/2025\/04\/1743937991_452_arrow.png\" alt=\"\"\/><\/strong> <strong>Infos et r\u00e9servations &gt;&gt;&gt;<\/strong> <a href=\"https:\/\/onebrainlille.com\/reservation\/\" target=\"_blank\" rel=\"noopener\">cliquez ici !!!<\/a><\/p>\n<p class=\"has-text-align-center\">La Nuit Terrible d\u2019Halloween au Palais des Beaux-Arts de Lille <\/p>\n<p><img decoding=\"async\" loading=\"lazy\" width=\"779\" height=\"518\" src=\"https:\/\/www.europesays.com\/fr\/wp-content\/uploads\/2025\/10\/pba_nuit_halloween.jpg\" alt=\"\" class=\"wp-image-87938\" style=\"aspect-ratio:1.5038610038610039;width:500px\"  \/><\/p>\n<p><strong>Vendredi 31 octobre 2025,<\/strong> le <strong>mus\u00e9e<\/strong> vous <strong>ouvre ses portes<\/strong> pour <strong>une soir\u00e9e d\u2019Halloween in\u00e9dite !<\/strong> <\/p>\n<p style=\"text-align: justify;\"><strong>Sorci\u00e8res en cavale, banquet \u00e9trange, musique envo\u00fbtante <\/strong>et <strong>parcours inattendu<\/strong> vous entra\u00eenent dans <strong>une d\u00e9ambulation pleine de myst\u00e8res<\/strong> \u00e0 travers les<strong> collections du mus\u00e9e<\/strong> et son <strong>exposition<\/strong> \u201cUne petite histoire de g\u00e9ants : la l\u00e9gende Lyd\u00e9ric et Phinaert\u201d<\/p>\n<p><strong>Petits et grands, <\/strong>un seul mot d\u2019ordre : <strong>venez curieux\u2026 et d\u00e9guis\u00e9 si le c\u0153ur vous en dit !<br \/><\/strong><\/p>\n<p><strong><img decoding=\"async\" loading=\"lazy\" width=\"9\" height=\"9\" class=\"size-full wp-image-45 tie-appear\" src=\"https:\/\/www.europesays.com\/fr\/wp-content\/uploads\/2025\/10\/1761484817_294_arrow.png\" alt=\"\"\/> Palais des Beaux-Arts de Lille<\/strong><br \/>Place de la R\u00e9publique<br \/><strong><img decoding=\"async\" loading=\"lazy\" width=\"9\" height=\"9\" class=\"tie-appear\" src=\"https:\/\/www.europesays.com\/fr\/wp-content\/uploads\/2025\/04\/1743937991_452_arrow.png\" alt=\"\"\/> Tarifs :<\/strong> 7\u20ac \/ 4\u20ac<br \/><strong><img decoding=\"async\" loading=\"lazy\" width=\"9\" height=\"9\" class=\"tie-appear\" src=\"https:\/\/www.europesays.com\/fr\/wp-content\/uploads\/2025\/04\/1743937991_452_arrow.png\" alt=\"\"\/> Horaires : <\/strong>de 19h \u00e0 22h <\/p>\n<p class=\"has-text-align-center\">Haunted Room \u00e0 l\u2019Escape Game Team Break \u2013 Lille<\/p>\n<p><img decoding=\"async\" loading=\"lazy\" width=\"724\" height=\"1024\" src=\"https:\/\/www.europesays.com\/fr\/wp-content\/uploads\/2025\/10\/halloween_2024_team_break-724x1024.jpg\" alt=\"\" class=\"wp-image-79972\" style=\"aspect-ratio:0.70703125;width:350px;height:auto\"  \/><\/p>\n<p style=\"text-align: justify;\">Les<strong> enqu\u00eateurs paranormaux<\/strong> ont du fil \u00e0 retordre ! <strong>Un h\u00f4tel<\/strong> situ\u00e9 aux alentours de Lille serait\u2026.<strong>hant\u00e9 !<\/strong> <strong>Simple supercherie<\/strong> sign\u00e9e <strong>Pedro<\/strong> et <strong>Olga<\/strong> ou<strong> v\u00e9ritable mal\u00e9fice ?<\/strong> <strong>\u00c0 vous de le d\u00e9couvrir\u2026<\/strong><\/p>\n<p><strong><img decoding=\"async\" loading=\"lazy\" data-lazy-src=\"https:\/\/www.europesays.com\/fr\/wp-content\/uploads\/2025\/04\/1743937991_452_arrow.png\" width=\"9\" height=\"9\" class=\"size-full wp-image-45 lazyloaded tie-appear\" src=\"https:\/\/www.europesays.com\/fr\/wp-content\/uploads\/2025\/04\/1743937991_452_arrow.png\" alt=\"\"\/> Team Break Lille<\/strong><br \/>9, rue d\u2019Amiens \u2013 Lille<br \/><strong><img decoding=\"async\" loading=\"lazy\" data-lazy-src=\"https:\/\/www.europesays.com\/fr\/wp-content\/uploads\/2025\/04\/1743937991_452_arrow.png\" width=\"9\" height=\"9\" class=\"tie-appear\" src=\"https:\/\/www.europesays.com\/fr\/wp-content\/uploads\/2025\/04\/1743937991_452_arrow.png\" alt=\"\"\/><\/strong> <strong>Tarif : <\/strong>\u00e0 partir de 29\u20ac \/ personne<br \/><strong><img decoding=\"async\" loading=\"lazy\" data-lazy-src=\"https:\/\/www.europesays.com\/fr\/wp-content\/uploads\/2025\/04\/1743937991_452_arrow.png\" width=\"9\" height=\"9\" class=\"tie-appear\" src=\"https:\/\/www.europesays.com\/fr\/wp-content\/uploads\/2025\/04\/1743937991_452_arrow.png\" alt=\"\"\/><\/strong> <strong>Infos et r\u00e9servations &gt;&gt;&gt;<\/strong> <a href=\"https:\/\/team-break.fr\/cities\/escape-game-lille\" target=\"_blank\" rel=\"noreferrer noopener\">cliquez ici !!!<\/a><\/p>\n<p class=\"has-text-align-center\">Walking Dead \u00e0 l\u2019Escape Game Team Break \u2013 Lille<\/p>\n<p><img decoding=\"async\" loading=\"lazy\" width=\"530\" height=\"750\" src=\"https:\/\/www.europesays.com\/fr\/wp-content\/uploads\/2025\/10\/team_break_walking_dead.jpg\" alt=\"\" class=\"wp-image-87934\" style=\"aspect-ratio:0.70703125;width:350px\"  \/><\/p>\n<p style=\"text-align: justify;\"><strong>Une invasion de zombies ravage la plan\u00e8te. Toutes les pistes<\/strong> m\u00e8nent \u00e0<strong> Olga,<\/strong> qui serait \u00e0 <strong>l\u2019origine de ce chaos.<\/strong> <strong>Des murmures parlent d\u2019un antidote cach\u00e9<\/strong> au c\u0153ur du<strong> laboratoire ZetaBiotech.<\/strong> Votre mission : le <strong>retrouver pour stopper la propagation\u2026<\/strong> et <strong>sauver l\u2019humanit\u00e9 !<\/strong><\/p>\n<p><strong><img decoding=\"async\" loading=\"lazy\" width=\"9\" height=\"9\" data-lazy-src=\"https:\/\/www.europesays.com\/fr\/wp-content\/uploads\/2025\/04\/1743937991_452_arrow.png\" class=\"size-full wp-image-45 lazyloaded tie-appear\" src=\"https:\/\/www.europesays.com\/fr\/wp-content\/uploads\/2025\/04\/1743937991_452_arrow.png\" alt=\"\"\/> Team Break Lille<\/strong><br \/>9, rue d\u2019Amiens \u2013 Lille<br \/><strong><img decoding=\"async\" loading=\"lazy\" width=\"9\" height=\"9\" data-lazy-src=\"https:\/\/www.europesays.com\/fr\/wp-content\/uploads\/2025\/04\/1743937991_452_arrow.png\" class=\"tie-appear\" src=\"https:\/\/www.europesays.com\/fr\/wp-content\/uploads\/2025\/04\/1743937991_452_arrow.png\" alt=\"\"\/><\/strong> <strong>Tarif : <\/strong>\u00e0 partir de 25\u20ac \/ personne<br \/><strong><img decoding=\"async\" loading=\"lazy\" width=\"9\" height=\"9\" data-lazy-src=\"https:\/\/www.europesays.com\/fr\/wp-content\/uploads\/2025\/04\/1743937991_452_arrow.png\" class=\"tie-appear\" src=\"https:\/\/www.europesays.com\/fr\/wp-content\/uploads\/2025\/04\/1743937991_452_arrow.png\" alt=\"\"\/><\/strong> <strong>Infos et r\u00e9servations &gt;&gt;&gt;<\/strong> <a href=\"https:\/\/team-break.fr\/\/cities\/escape-game-lille\/missions\/walking-dead#\/\" target=\"_blank\" rel=\"noopener\">cliquez ici !!!<\/a><\/p>\n<p class=\"has-text-align-center\">Halloween \u00e0 la Patinoire Serge Charles \u2013 Wasquehal <\/p>\n<p><img decoding=\"async\" loading=\"lazy\" width=\"1024\" height=\"1024\" src=\"https:\/\/www.europesays.com\/fr\/wp-content\/uploads\/2025\/10\/patinoire_halloween_2025-1024x1024.jpg\" alt=\"\" class=\"wp-image-87941\" style=\"aspect-ratio:1;width:374px;height:auto\"  \/><\/p>\n<p style=\"text-align: justify;\"><strong>Pr\u00e9parez-vous \u00e0 frissoner \u00e0 la <\/strong><strong>Patinoire<\/strong> <strong>Serge Charles<\/strong> <strong>\u00e0 l\u2019occasion <\/strong>d\u2019<strong>Halloween !<\/strong><\/p>\n<p>Rendez-vous <strong>vendredi 31 octobre 2025 de 21h \u00e0 23h30<\/strong> pour une <strong>soir\u00e9e\u2026 glaciale<\/strong>.<\/p>\n<p><strong>Au programme :  <\/strong><br \/>\u2013 Vestiaire hant\u00e9 \u201cEsprit, es-tu l\u00e0 ?\u201d <br \/>\u2013 D\u00e9gustation d\u2019insectes (si vous osez\u2026) <br \/>\u2013 Stand de maquillage <br \/>\u2013 Photobooth avec tirage papier souvenir <br \/>\u2013 D\u00e9guisements, jeux de lumi\u00e8re, musique &amp; machine \u00e0 fum\u00e9e<\/p>\n<p>Alors\u2026 pr\u00eat \u00e0 patiner avec les esprits ?<\/p>\n<p><strong><img decoding=\"async\" loading=\"lazy\" data-lazy-src=\"https:\/\/www.europesays.com\/fr\/wp-content\/uploads\/2025\/04\/1743937991_452_arrow.png\" width=\"9\" height=\"9\" class=\"size-full wp-image-45 lazyloaded tie-appear\" src=\"https:\/\/www.europesays.com\/fr\/wp-content\/uploads\/2025\/04\/1743937991_452_arrow.png\" alt=\"\"\/> Patinoire Serge Charles<\/strong><br \/>13, rue du Molinel \u2013 Wasquehal<br \/><strong><img decoding=\"async\" loading=\"lazy\" data-lazy-src=\"https:\/\/www.europesays.com\/fr\/wp-content\/uploads\/2025\/04\/1743937991_452_arrow.png\" width=\"9\" height=\"9\" class=\"tie-appear\" src=\"https:\/\/www.europesays.com\/fr\/wp-content\/uploads\/2025\/04\/1743937991_452_arrow.png\" alt=\"\"\/><\/strong> <strong>Tarif : <\/strong>12\u20ac (patins compris)<br \/><strong><img decoding=\"async\" loading=\"lazy\" data-lazy-src=\"https:\/\/www.europesays.com\/fr\/wp-content\/uploads\/2025\/04\/1743937991_452_arrow.png\" width=\"9\" height=\"9\" class=\"tie-appear\" src=\"https:\/\/www.europesays.com\/fr\/wp-content\/uploads\/2025\/04\/1743937991_452_arrow.png\" alt=\"\"\/><\/strong> <strong>Infos et r\u00e9servations &gt;&gt;&gt;<\/strong> <a href=\"https:\/\/www.patinoire-lillemetropole.fr\/\" target=\"_blank\" rel=\"noreferrer noopener\">cliquez ici !!!<\/a><\/p>\n<p class=\"has-text-align-center\">Halloween \u00e0 Kinepolis Lomme<\/p>\n<p><img decoding=\"async\" loading=\"lazy\" width=\"512\" height=\"640\" src=\"https:\/\/www.europesays.com\/fr\/wp-content\/uploads\/2025\/10\/kinepolis_halloween_2025.jpg\" alt=\"\" class=\"wp-image-87950\" style=\"aspect-ratio:0.8;width:450px;height:auto\"  \/><\/p>\n<p style=\"text-align: justify;\"><strong>Pr\u00e9parez-vous \u00e0 trembler<\/strong> <strong>tout au long d\u2019une journ\u00e9e exceptionnelle<\/strong> plac\u00e9e sous le signe d\u2019<strong>Halloween ! <\/strong><\/p>\n<p><strong>Vendredi 31 octobre 2025 d\u00e8s 14h\u00a0<\/strong><\/p>\n<p style=\"text-align: justify;\">Cette ann\u00e9e pour <strong>Halloween,<\/strong> <strong>Kinepolis <\/strong>vous propose de <strong>composer votre journ\u00e9e<\/strong> <strong>selon vos envies<\/strong>. Que vous soyez <strong>amateur de frissons,<\/strong> de<strong> classiques de l\u2019horreur <\/strong>ou de <strong>moments \u00e0 partager en famille, Halloween<\/strong> chez <strong>Kinepolis <\/strong>s\u2019annonce<strong> inoubliable.<\/strong><\/p>\n<p style=\"text-align: justify;\"><strong>Venez d\u00e9guis\u00e9s <\/strong>et <strong>profitez d\u2019un tarif exceptionnel <\/strong>de <strong>5\u20ac\u00a0au lieu de 7\u20ac<\/strong> sur les<strong> s\u00e9ances <\/strong>de la<strong> s\u00e9lection\u00a0de classiques horrifiques* !<\/strong><\/p>\n<p style=\"text-align: justify;\">*Tarif de 7\u20ac uniquement disponible sur les films suivants : Scream, Vendredi 13, Massacre \u00e0 la tron\u00e7onneuse, Freddy \u2013 chapitre 1 : Les griffes de la nuit, The Descent et Halloween (2018). Venez d\u00e9guis\u00e9s et b\u00e9n\u00e9ficiez d\u2019un tarif r\u00e9duit \u00e0 5\u20ac sur cette s\u00e9lection de films.\u00a0\u00a0<\/p>\n<p><strong><img decoding=\"async\" loading=\"lazy\" data-lazy-src=\"https:\/\/www.europesays.com\/fr\/wp-content\/uploads\/2025\/04\/1743937991_452_arrow.png\" width=\"9\" height=\"9\" class=\"size-full wp-image-45 lazyloaded tie-appear\" src=\"https:\/\/www.europesays.com\/fr\/wp-content\/uploads\/2025\/04\/1743937991_452_arrow.png\" alt=\"\"\/> Kinepolis Lomme<\/strong><br \/>1, rue du Ch\u00e2teau d\u2019Isenghien \u2013 Lomme<br \/><strong><img decoding=\"async\" loading=\"lazy\" data-lazy-src=\"https:\/\/www.europesays.com\/fr\/wp-content\/uploads\/2025\/04\/1743937991_452_arrow.png\" width=\"9\" height=\"9\" class=\"tie-appear\" src=\"https:\/\/www.europesays.com\/fr\/wp-content\/uploads\/2025\/04\/1743937991_452_arrow.png\" alt=\"\"\/><\/strong> <strong>Tarif :<\/strong> \u00e0 partir de 5\u20ac<br \/><strong><img decoding=\"async\" loading=\"lazy\" data-lazy-src=\"https:\/\/www.europesays.com\/fr\/wp-content\/uploads\/2025\/04\/1743937991_452_arrow.png\" width=\"9\" height=\"9\" class=\"tie-appear\" src=\"https:\/\/www.europesays.com\/fr\/wp-content\/uploads\/2025\/04\/1743937991_452_arrow.png\" alt=\"\"\/><\/strong> <strong>Infos et r\u00e9servations &gt;&gt;&gt;<\/strong> <a href=\"https:\/\/kinepolis.fr\/Halloween\/\" target=\"_blank\" rel=\"noreferrer noopener\">cliquez ici !!!<\/a><\/p>\n<p class=\"has-text-align-center\">Halloween Kids : Monstres &amp; Cie \u00e0 Kinepolis Lomme<\/p>\n<p><img decoding=\"async\" loading=\"lazy\" width=\"512\" height=\"640\" src=\"https:\/\/www.europesays.com\/fr\/wp-content\/uploads\/2025\/10\/kinepolis_halloween_2025_02.jpg\" alt=\"\" class=\"wp-image-87954\" style=\"aspect-ratio:0.8;width:450px;height:auto\"  \/><\/p>\n<p style=\"text-align: justify;\">Tarif de 7\u20ac uniquement disponible pour le film Monstres &amp; Cie. Venez d\u00e9guis\u00e9s et b\u00e9n\u00e9ficiez d\u2019un tarif r\u00e9duit \u00e0 5\u20ac sur cette s\u00e9lection de films.\u00a0\u00a0<\/p>\n<p><strong><img decoding=\"async\" loading=\"lazy\" class=\"size-full wp-image-45 lazyloaded tie-appear\" src=\"https:\/\/www.europesays.com\/fr\/wp-content\/uploads\/2025\/04\/1743937991_452_arrow.png\" alt=\"\" width=\"9\" height=\"9\" data-lazy-src=\"https:\/\/www.europesays.com\/fr\/wp-content\/uploads\/2025\/04\/1743937991_452_arrow.png\"\/> Kinepolis Lomme<\/strong><br \/>1, rue du Ch\u00e2teau d\u2019Isenghien \u2013 Lomme<br \/><strong><img decoding=\"async\" loading=\"lazy\" class=\"tie-appear\" src=\"https:\/\/www.europesays.com\/fr\/wp-content\/uploads\/2025\/04\/1743937991_452_arrow.png\" alt=\"\" width=\"9\" height=\"9\" data-lazy-src=\"https:\/\/www.europesays.com\/fr\/wp-content\/uploads\/2025\/04\/1743937991_452_arrow.png\"\/><\/strong> <strong>Tarif :<\/strong> \u00e0 partir de 5\u20ac<br \/><strong><img decoding=\"async\" loading=\"lazy\" class=\"tie-appear\" src=\"https:\/\/www.europesays.com\/fr\/wp-content\/uploads\/2025\/04\/1743937991_452_arrow.png\" alt=\"\" width=\"9\" height=\"9\" data-lazy-src=\"https:\/\/www.europesays.com\/fr\/wp-content\/uploads\/2025\/04\/1743937991_452_arrow.png\"\/><\/strong> <strong>Infos et r\u00e9servations &gt;&gt;&gt;<\/strong> <a href=\"https:\/\/kinepolis.fr\/movies\/detail\/8859\/HO00014708\/0000000032\/halloween-kids-monstres-compagnie#\" target=\"_blank\" rel=\"noopener\">cliquez ici !!!<\/a><\/p>\n<p class=\"has-text-align-center\">Halloween \u00e0 Lille Sud\u00a0<\/p>\n<p><img decoding=\"async\" loading=\"lazy\" width=\"779\" height=\"518\" src=\"https:\/\/www.europesays.com\/fr\/wp-content\/uploads\/2025\/10\/halloween_lille_sud_2025.jpg\" alt=\"\" class=\"wp-image-87967\" style=\"aspect-ratio:1.5038610038610039;width:500px\"  \/><\/p>\n<p><strong>Vendredi 31 octobre 2025 \u2013\u00a0Journ\u00e9e Halloween de la M\u00e9diath\u00e8que de Lille Sud<\/strong> (11, rue de l\u2019Asie)<br \/><strong>14h30 \u00e0 15h<\/strong> : Lectures de contes \u00ab Kilikili sp\u00e9cial Halloween<br \/>\u00c0 partir de 4 ans. Entr\u00e9e libre. Sans inscription.<\/p>\n<p><strong>15h \u00e0 16h<\/strong> : Atelier r\u00e9alit\u00e9 virtuelle sp\u00e9cial Halloween<br \/>\u00c0 partir de 12 ans. Gratuit, sur inscription sur <a href=\"https:\/\/www.bm-lille.fr\" target=\"_blank\" rel=\"noreferrer noopener\">bm-lille.fr<\/a><\/p>\n<p><strong>Vendredi 31 octobre 2025 \u2013 Les Boums d\u2019Halloween \u2013 Le Grand Sud <\/strong>(50, rue de l\u2019Europe)<br \/><strong>15h \u00e0 17h<\/strong> : <strong>Le Bal des Enfants, avec Le Collectif de la Girafe<\/strong><br \/>Johnny Bastringue revisite l\u2019histoire \u00e0 travers la danse et la musique, de la pr\u00e9histoire aux hits actuels.<br \/>Les jeunes clubbers d\u00e9couvriront de nombreuses danses, aid\u00e9s par les chor\u00e9graphies des Tagada\u2019s Sisters et les tutos vid\u00e9o de Ren\u00e9 le Boucher.<\/p>\n<p>Retrouvez aussi un stand maquillage, un stand costumes et le Tunnel de la Jungle Maudite.<\/p>\n<p><strong>19h \u00e0 22h30<\/strong> : <strong>Boum d\u2019Halloween<\/strong> <strong>pour toute la famille<\/strong><br \/>La soir\u00e9e que tout le monde attendait : la boum d\u2019Halloween de Lille-Sud !<br \/>Venez d\u00e9guis\u00e9s et faites-vous maquiller sur place pour l\u2019\u00e9lection du plus beau monstre.<br \/>Profitez-en pour vous faire un tatouage \u00e9ph\u00e9m\u00e8re avant d\u2019aller danser sur les rythmes mal\u00e9fiques des DJs dans la grande salle\u2026<\/p>\n<p><strong><img decoding=\"async\" loading=\"lazy\" class=\"size-full wp-image-45 lazyloaded tie-appear\" src=\"https:\/\/www.europesays.com\/fr\/wp-content\/uploads\/2025\/04\/1743937991_452_arrow.png\" alt=\"\" width=\"9\" height=\"9\" data-lazy-src=\"https:\/\/www.europesays.com\/fr\/wp-content\/uploads\/2025\/04\/1743937991_452_arrow.png\"\/> Lille Sud<\/strong><br \/><img decoding=\"async\" loading=\"lazy\" class=\"size-full wp-image-45 lazyloaded tie-appear\" src=\"https:\/\/www.europesays.com\/fr\/wp-content\/uploads\/2025\/04\/1743937991_452_arrow.png\" alt=\"\" width=\"9\" height=\"9\" data-lazy-src=\"https:\/\/www.europesays.com\/fr\/wp-content\/uploads\/2025\/04\/1743937991_452_arrow.png\"\/> <strong>Jour :<\/strong> 31 octobre 2025<br \/><strong><img decoding=\"async\" loading=\"lazy\" class=\"tie-appear\" src=\"https:\/\/www.europesays.com\/fr\/wp-content\/uploads\/2025\/04\/1743937991_452_arrow.png\" alt=\"\" width=\"9\" height=\"9\" data-lazy-src=\"https:\/\/www.europesays.com\/fr\/wp-content\/uploads\/2025\/04\/1743937991_452_arrow.png\"\/><\/strong> <strong>Tarif :<\/strong> gratuit<\/p>\n<p class=\"has-text-align-center\">\u00ab\u00a0Fais-moi peur\u00a0\u00bb \u00e0 la M\u00e9diath\u00e8que de Bois-Blancs \u2013 Tout public <\/p>\n<p><img decoding=\"async\" loading=\"lazy\" width=\"1024\" height=\"683\" src=\"https:\/\/www.europesays.com\/fr\/wp-content\/uploads\/2025\/10\/halloween_zoo_lille_2020_02-1024x683.jpg\" alt=\"\" class=\"wp-image-48594\" style=\"aspect-ratio:1.499267935578331;width:500px\"  \/><\/p>\n<p style=\"text-align: justify;\">A l\u2019occasion d\u2019<strong>Halloween,<\/strong> rendez-vous \u00e0 la biblioth\u00e8que pour <strong>d\u00e9couvrir une s\u00e9lection de films d\u2019horreur, \u00e9couter des histoires qui font frissonner, jouer \u00e0 se faire peur<\/strong> et<strong> fabriquer des d\u00e9cors horrifiques.<\/strong><\/p>\n<p><strong><img decoding=\"async\" loading=\"lazy\" data-lazy-src=\"https:\/\/www.europesays.com\/fr\/wp-content\/uploads\/2025\/04\/1743937991_452_arrow.png\" width=\"9\" height=\"9\" class=\"size-full wp-image-45 lazyloaded tie-appear\" src=\"https:\/\/www.europesays.com\/fr\/wp-content\/uploads\/2025\/04\/1743937991_452_arrow.png\" alt=\"\"\/> M\u00e9diath\u00e8que de Bois-Blancs<\/strong><br \/>36, avenue Marx Dormoy \u2013 Lille <br \/><img decoding=\"async\" loading=\"lazy\" data-lazy-src=\"https:\/\/www.europesays.com\/fr\/wp-content\/uploads\/2025\/04\/1743937991_452_arrow.png\" width=\"9\" height=\"9\" class=\"size-full wp-image-45 lazyloaded tie-appear\" src=\"https:\/\/www.europesays.com\/fr\/wp-content\/uploads\/2025\/04\/1743937991_452_arrow.png\" alt=\"\"\/> <strong>Jour et horaires :<\/strong> 31 octobre 2025 de 14h \u00e0 18h<br \/><strong><img decoding=\"async\" loading=\"lazy\" data-lazy-src=\"https:\/\/www.europesays.com\/fr\/wp-content\/uploads\/2025\/04\/1743937991_452_arrow.png\" width=\"9\" height=\"9\" class=\"tie-appear\" src=\"https:\/\/www.europesays.com\/fr\/wp-content\/uploads\/2025\/04\/1743937991_452_arrow.png\" alt=\"\"\/><\/strong> <strong>Tarif :<\/strong> gratuit<\/p>\n<p class=\"has-text-align-center\">Invente un monstre \u00e0 la M\u00e9diath\u00e8que de Fives \u2013 Atelier Adulte-Enfant de 7 \u00e0 12 ans <\/p>\n<p><img decoding=\"async\" loading=\"lazy\" width=\"1024\" height=\"683\" src=\"https:\/\/www.europesays.com\/fr\/wp-content\/uploads\/2025\/10\/invente_moi_un-_monstre_halloween_2024-1024x683.jpg\" alt=\"\" class=\"wp-image-80107\" style=\"aspect-ratio:1.499267935578331;width:500px\"  \/><\/p>\n<p style=\"text-align: justify;\">A <strong>Fives,<\/strong> <strong>Observe les sp\u00e9cimens de squelettes<\/strong> du <strong>Mus\u00e9e d\u2019Histoire Naturelle<\/strong> et les <strong>diff\u00e9rentes formes des os,<\/strong> puis <strong>invente ton monstre<\/strong> <strong>en m\u00e9langeant des parties de squelettes<\/strong> de <strong>diff\u00e9rents animaux.<\/strong><\/p>\n<p><strong><img decoding=\"async\" loading=\"lazy\" data-lazy-src=\"https:\/\/www.europesays.com\/fr\/wp-content\/uploads\/2025\/04\/1743937991_452_arrow.png\" width=\"9\" height=\"9\" class=\"tie-appear\" src=\"https:\/\/www.europesays.com\/fr\/wp-content\/uploads\/2025\/04\/1743937991_452_arrow.png\" alt=\"\"\/> M\u00e9diath\u00e8que de Fives<\/strong><br \/>18 rue Bourjembois \u2013 Lille <br \/><img decoding=\"async\" loading=\"lazy\" data-lazy-src=\"https:\/\/www.europesays.com\/fr\/wp-content\/uploads\/2025\/04\/1743937991_452_arrow.png\" width=\"9\" height=\"9\" class=\"size-full wp-image-45 lazyloaded tie-appear\" src=\"https:\/\/www.europesays.com\/fr\/wp-content\/uploads\/2025\/04\/1743937991_452_arrow.png\" alt=\"\"\/> <strong>Jour et horaires :<\/strong> 31 octobre 2025 de 15h \u00e0 16h30<br \/><strong><img decoding=\"async\" loading=\"lazy\" data-lazy-src=\"https:\/\/www.europesays.com\/fr\/wp-content\/uploads\/2025\/04\/1743937991_452_arrow.png\" width=\"9\" height=\"9\" class=\"tie-appear\" src=\"https:\/\/www.europesays.com\/fr\/wp-content\/uploads\/2025\/04\/1743937991_452_arrow.png\" alt=\"\"\/> Inscription &gt;&gt;&gt;<\/strong> <a href=\"https:\/\/bm-lille.fr\/bml\/search.aspx#\/Detail\/(query:(Id:&#039;5_OFFSET_0&#039;,Index:6,NBResults:11,PageRange:3,SearchQuery:(CloudTerms:!(),ExceptTotalFacet:!t,FacetFilter:&#039;%7B%22_714%22:%222025%5C\/10%5C\/31%2000:00%7C2025%5C\/10%5C\/31%2023:59%22%7D&#039;,ForceSearch:!t,HiddenFacetFilter:%7B%7D,InitialSearch:!f,Page:0,PageRange:3,QueryGuid:&#039;99b50f55-00b3-4864-a973-569ae64f6a5b&#039;,QueryString:&#039;*:*&#039;,ResultSize:10,ScenarioCode:CALENDAR_AGDV2,ScenarioDisplayMode:display-VLIL,SearchContext:14,SearchGridFieldsShownOnResultsDTO:!(),SearchLabel:&#039;Tous%20les%20documents&#039;,SearchTerms:&#039;*:*&#039;,SortField:startDate_date,SortOrder:1,TemplateParams:(Scenario:&#039;&#039;,Scope:BMLILLE,Size:!n,Source:&#039;&#039;,Support:&#039;&#039;,UseCompact:!f),UseSpellChecking:!n)))\" target=\"_blank\" rel=\"noopener\">cliquez-i<\/a><a href=\"https:\/\/bm-lille.fr\/bml\/search.aspx#\/Detail\/(query:(Id:&#039;5_OFFSET_0&#039;,Index:6,NBResults:11,PageRange:3,SearchQuery:(CloudTerms:!(),ExceptTotalFacet:!t,FacetFilter:&#039;%7B%22_714%22:%222025%5C\/10%5C\/31%2000:00%7C2025%5C\/10%5C\/31%2023:59%22%7D&#039;,ForceSearch:!t,HiddenFacetFilter:%7B%7D,InitialSearch:!f,Page:0,PageRange:3,QueryGuid:&#039;99b50f55-00b3-4864-a973-569ae64f6a5b&#039;,QueryString:&#039;*:*&#039;,ResultSize:10,ScenarioCode:CALENDAR_AGDV2,ScenarioDisplayMode:display-VLIL,SearchContext:14,SearchGridFieldsShownOnResultsDTO:!(),SearchLabel:&#039;Tous%20les%20documents&#039;,SearchTerms:&#039;*:*&#039;,SortField:startDate_date,SortOrder:1,TemplateParams:(Scenario:&#039;&#039;,Scope:BMLILLE,Size:!n,Source:&#039;&#039;,Support:&#039;&#039;,UseCompact:!f),UseSpellChecking:!n)))\" target=\"_blank\" rel=\"noreferrer noopener\">c<\/a><a href=\"https:\/\/bm-lille.fr\/bml\/search.aspx#\/Detail\/(query:(Id:&#039;5_OFFSET_0&#039;,Index:6,NBResults:11,PageRange:3,SearchQuery:(CloudTerms:!(),ExceptTotalFacet:!t,FacetFilter:&#039;%7B%22_714%22:%222025%5C\/10%5C\/31%2000:00%7C2025%5C\/10%5C\/31%2023:59%22%7D&#039;,ForceSearch:!t,HiddenFacetFilter:%7B%7D,InitialSearch:!f,Page:0,PageRange:3,QueryGuid:&#039;99b50f55-00b3-4864-a973-569ae64f6a5b&#039;,QueryString:&#039;*:*&#039;,ResultSize:10,ScenarioCode:CALENDAR_AGDV2,ScenarioDisplayMode:display-VLIL,SearchContext:14,SearchGridFieldsShownOnResultsDTO:!(),SearchLabel:&#039;Tous%20les%20documents&#039;,SearchTerms:&#039;*:*&#039;,SortField:startDate_date,SortOrder:1,TemplateParams:(Scenario:&#039;&#039;,Scope:BMLILLE,Size:!n,Source:&#039;&#039;,Support:&#039;&#039;,UseCompact:!f),UseSpellChecking:!n)))\" target=\"_blank\" rel=\"noopener\">i !!!<\/a><\/p>\n<p class=\"has-text-align-center\">Projection sp\u00e9ciale Halloween \u00e0 la M\u00e9diath\u00e8que du Vieux-Lille<\/p>\n<p><img decoding=\"async\" loading=\"lazy\" width=\"1024\" height=\"683\" src=\"https:\/\/www.europesays.com\/fr\/wp-content\/uploads\/2025\/10\/halloween_zoo_lille_2020_02-1024x683.jpg\" alt=\"\" class=\"wp-image-48594\" style=\"aspect-ratio:1.499267935578331;width:500px\"  \/><\/p>\n<p>\u00c0 l\u2019occasion d\u2019<strong>Halloween,<\/strong> <strong>venez vous faire peur devant un film<\/strong> <strong>choisi rien que pour vous<\/strong> par <strong>l\u2019\u00e9quipe de la m\u00e9diath\u00e8que. <\/strong>Quand au choix du film ? C\u2019est une surprise !<\/p>\n<p><strong><img decoding=\"async\" loading=\"lazy\" data-lazy-src=\"https:\/\/www.europesays.com\/fr\/wp-content\/uploads\/2025\/04\/1743937991_452_arrow.png\" width=\"9\" height=\"9\" class=\"size-full wp-image-45 lazyloaded tie-appear\" src=\"https:\/\/www.europesays.com\/fr\/wp-content\/uploads\/2025\/04\/1743937991_452_arrow.png\" alt=\"\"\/> M\u00e9diath\u00e8que du Vieux-Lille<\/strong><br \/>25\/27 Place Louise de Bettignies \u2013 Lille<br \/><img decoding=\"async\" loading=\"lazy\" data-lazy-src=\"https:\/\/www.europesays.com\/fr\/wp-content\/uploads\/2025\/04\/1743937991_452_arrow.png\" width=\"9\" height=\"9\" class=\"size-full wp-image-45 lazyloaded tie-appear\" src=\"https:\/\/www.europesays.com\/fr\/wp-content\/uploads\/2025\/04\/1743937991_452_arrow.png\" alt=\"\"\/> <strong>Jour et horaires :<\/strong> 31 octobre 2025 de 16h \u00e0 18h<br \/><strong><img decoding=\"async\" loading=\"lazy\" data-lazy-src=\"https:\/\/www.europesays.com\/fr\/wp-content\/uploads\/2025\/04\/1743937991_452_arrow.png\" width=\"9\" height=\"9\" class=\"tie-appear\" src=\"https:\/\/www.europesays.com\/fr\/wp-content\/uploads\/2025\/04\/1743937991_452_arrow.png\" alt=\"\"\/><\/strong> <strong>Tarif :<\/strong> gratuit<\/p>\n<p class=\"has-text-align-right\">Sources &amp; images : DR \/ \u00a9 Cita Parc \/ \u00a9 Accro Lille \/ \u00a9 One Brain \/ \u00a9 Ville de Lille \/ \u00a9 Team Break \/ \u00a9 Equalia \/ \u00a9 Kinepolis Lomme \/ \u00a9 Zoom Sur Lille<\/p>\n","protected":false},"excerpt":{"rendered":"Zoom Sur Lille vous propose quelques id\u00e9es sorties pour Halloween !!! Halloween \u00e0 Cita-Parc \u2013 Lille Le parc&hellip;\n","protected":false},"author":2,"featured_media":491213,"comment_status":"","ping_status":"","sticky":false,"template":"","format":"standard","meta":{"footnotes":""},"categories":[2815],"tags":[61386,1111,11,1867,5589,61387,61388,16494,1777,674,2081,1011,27,20815,811,1307,8262,12,25,14816],"class_list":{"0":"post-491212","1":"post","2":"type-post","3":"status-publish","4":"format-standard","5":"has-post-thumbnail","7":"category-lille","8":"tag-accrobranche-nocturne","9":"tag-actu","10":"tag-actualites","11":"tag-animaux","12":"tag-attractions","13":"tag-citrouilles","14":"tag-deguisements","15":"tag-escape-game","16":"tag-eu","17":"tag-europe","18":"tag-film","19":"tag-fr","20":"tag-france","21":"tag-halloween","22":"tag-hauts-de-france","23":"tag-lille","24":"tag-maneges","25":"tag-news","26":"tag-republique-francaise","27":"tag-sorcieres"},"share_on_mastodon":{"url":"https:\/\/pubeurope.com\/@fr\/115440679239919313","error":""},"_links":{"self":[{"href":"https:\/\/www.europesays.com\/fr\/wp-json\/wp\/v2\/posts\/491212","targetHints":{"allow":["GET"]}}],"collection":[{"href":"https:\/\/www.europesays.com\/fr\/wp-json\/wp\/v2\/posts"}],"about":[{"href":"https:\/\/www.europesays.com\/fr\/wp-json\/wp\/v2\/types\/post"}],"author":[{"embeddable":true,"href":"https:\/\/www.europesays.com\/fr\/wp-json\/wp\/v2\/users\/2"}],"replies":[{"embeddable":true,"href":"https:\/\/www.europesays.com\/fr\/wp-json\/wp\/v2\/comments?post=491212"}],"version-history":[{"count":0,"href":"https:\/\/www.europesays.com\/fr\/wp-json\/wp\/v2\/posts\/491212\/revisions"}],"wp:featuredmedia":[{"embeddable":true,"href":"https:\/\/www.europesays.com\/fr\/wp-json\/wp\/v2\/media\/491213"}],"wp:attachment":[{"href":"https:\/\/www.europesays.com\/fr\/wp-json\/wp\/v2\/media?parent=491212"}],"wp:term":[{"taxonomy":"category","embeddable":true,"href":"https:\/\/www.europesays.com\/fr\/wp-json\/wp\/v2\/categories?post=491212"},{"taxonomy":"post_tag","embeddable":true,"href":"https:\/\/www.europesays.com\/fr\/wp-json\/wp\/v2\/tags?post=491212"}],"curies":[{"name":"wp","href":"https:\/\/api.w.org\/{rel}","templated":true}]}}