{"id":491215,"date":"2025-10-26T13:22:24","date_gmt":"2025-10-26T13:22:24","guid":{"rendered":"https:\/\/www.europesays.com\/fr\/491215\/"},"modified":"2025-10-26T13:22:24","modified_gmt":"2025-10-26T13:22:24","slug":"terrible-accident-pres-de-marseille-un-motard-tue-par-une-voiture-sur-cette-route-departementale","status":"publish","type":"post","link":"https:\/\/www.europesays.com\/fr\/491215\/","title":{"rendered":"Terrible accident pr\u00e8s de Marseille. Un motard tu\u00e9 par une voiture sur cette route d\u00e9partementale"},"content":{"rendered":"<p>            Par<br \/>\n        <strong><br \/>\n            <a href=\"https:\/\/actu.fr\/auteur\/thibault-nadal-actu-fr\" title=\"Consulter tous les articles de Thibault Nadal\" target=\"_blank\" rel=\"noopener\">Thibault Nadal<\/a><br \/>\n        <\/strong><\/p>\n<p>        Publi\u00e9 le<\/p>\n<p>            23 oct. 2025 \u00e0 15h08        <\/p>\n<p>Journ\u00e9e noire sur les routes des <a href=\"https:\/\/actu.fr\/provence-alpes-cote-d-azur\/bouches-du-rhone_13\" target=\"_blank\" rel=\"noopener\">Bouches-du-Rh\u00f4ne<\/a>. Ce jeudi 23\u00a0octobre 2025, en fin de matin\u00e9e aux <a href=\"https:\/\/actu.fr\/provence-alpes-cote-d-azur\/les-pennes-mirabeau_13071\" target=\"_blank\" rel=\"noopener\">Pennes-Mirabeau<\/a>, un grave <a href=\"https:\/\/actu.fr\/tag\/accident\" target=\"_blank\" rel=\"noopener\">accident<\/a> a eu lieu <strong>entre une moto et un camion<\/strong>. Le motard n\u2019a pas surv\u00e9cu, r\u00e9v\u00e8lent les <a href=\"https:\/\/actu.fr\/tag\/pompiers\" target=\"_blank\" rel=\"noopener\">pompiers<\/a>.<\/p>\n<p>La D113 coup\u00e9e dans les deux sens<\/p>\n<p class=\" wall-content\">Le choc est survenu peu avant midi. Selon les secours, <strong>une dizaine de pompiers<\/strong> \u00e9taient sur place pour venir en aide aux victimes.<\/p>\n<p class=\" wall-content\">Dans un premier temps, ils ont d\u00e9clar\u00e9 que <strong>deux personnes \u00e9taient prises en charge<\/strong>, avant d\u2019indiquer deux heures plus que le motard, un homme d\u2019une quarantaine d\u2019ann\u00e9es, n\u2019avait pas surv\u00e9cu \u00e0 cet accident. Les causes du choc ne sont pas connues.<\/p>\n<p class=\" wall-content\">\n<p class=\" wall-content\">Pour permettre l\u2019intervention des pompiers, la D113 a \u00e9t\u00e9 coup\u00e9e \u00e0 la circulation durant plusieurs heures. Elle est d\u00e9sormais rouverte.<\/p>\n<p>Un chauffeur poids lourd d\u00e9sincarc\u00e9r\u00e9 sur la D69<\/p>\n<p class=\" wall-content\">Quelques heures plus t\u00f4t, vers 9h, un autre accident a eu lieu sur <strong>la D69 \u00e0 Grans<\/strong>, entre Miramas et Salon-de-Provence. Avec des cons\u00e9quences moins dramatiques.<\/p>\n<p class=\" wall-content\">\n<p class=\" wall-content\"><strong>Deux poids lourds sont entr\u00e9s en collision<\/strong>, n\u00e9cessitant l\u2019intervention d\u2019une vingtaine de pompiers. Un des hommes a m\u00eame d\u00fb \u00eatre d\u00e9sincarc\u00e9r\u00e9 par les secours.<\/p>\n<p class=\" wall-content\">La route a \u00e9galement \u00e9t\u00e9 <strong>coup\u00e9e dans les deux sens<\/strong>, mais a fini par rouvrir apr\u00e8s plusieurs heures.<\/p>\n<p class=\" wall-content\">Personnalisez votre actualit\u00e9 en ajoutant vos villes et m\u00e9dias en favori avec <a href=\"https:\/\/moncompte.actu.fr\" title=\"D\u00e9couvez Mon Actu\" rel=\"nofollow noopener\" data-trk=\"{&quot;cta&quot;:{&quot;action&quot;:&quot;https:\\\/\\\/moncompte.actu.fr&quot;,&quot;category&quot;:&quot;mon compte&quot;,&quot;from&quot;:&quot;article footer&quot;,&quot;name&quot;:&quot;Mon actu&quot;,&quot;type&quot;:&quot;cta&quot;}}\" target=\"_blank\">Mon Actu<\/a>.<\/p>\n","protected":false},"excerpt":{"rendered":"Par Thibault Nadal Publi\u00e9 le 23 oct. 2025 \u00e0 15h08 Journ\u00e9e noire sur les routes des Bouches-du-Rh\u00f4ne. Ce&hellip;\n","protected":false},"author":2,"featured_media":491216,"comment_status":"","ping_status":"","sticky":false,"template":"","format":"standard","meta":{"footnotes":""},"categories":[2814],"tags":[119,1111,11,1777,674,118,1011,27,884,12,1311,882,25],"class_list":{"0":"post-491215","1":"post","2":"type-post","3":"status-publish","4":"format-standard","5":"has-post-thumbnail","7":"category-marseille","8":"tag-accident","9":"tag-actu","10":"tag-actualites","11":"tag-eu","12":"tag-europe","13":"tag-faits-divers","14":"tag-fr","15":"tag-france","16":"tag-marseille","17":"tag-news","18":"tag-pompiers","19":"tag-provence-alpes-cote-dazur","20":"tag-republique-francaise"},"share_on_mastodon":{"url":"https:\/\/pubeurope.com\/@fr\/115440683880092565","error":""},"_links":{"self":[{"href":"https:\/\/www.europesays.com\/fr\/wp-json\/wp\/v2\/posts\/491215","targetHints":{"allow":["GET"]}}],"collection":[{"href":"https:\/\/www.europesays.com\/fr\/wp-json\/wp\/v2\/posts"}],"about":[{"href":"https:\/\/www.europesays.com\/fr\/wp-json\/wp\/v2\/types\/post"}],"author":[{"embeddable":true,"href":"https:\/\/www.europesays.com\/fr\/wp-json\/wp\/v2\/users\/2"}],"replies":[{"embeddable":true,"href":"https:\/\/www.europesays.com\/fr\/wp-json\/wp\/v2\/comments?post=491215"}],"version-history":[{"count":0,"href":"https:\/\/www.europesays.com\/fr\/wp-json\/wp\/v2\/posts\/491215\/revisions"}],"wp:featuredmedia":[{"embeddable":true,"href":"https:\/\/www.europesays.com\/fr\/wp-json\/wp\/v2\/media\/491216"}],"wp:attachment":[{"href":"https:\/\/www.europesays.com\/fr\/wp-json\/wp\/v2\/media?parent=491215"}],"wp:term":[{"taxonomy":"category","embeddable":true,"href":"https:\/\/www.europesays.com\/fr\/wp-json\/wp\/v2\/categories?post=491215"},{"taxonomy":"post_tag","embeddable":true,"href":"https:\/\/www.europesays.com\/fr\/wp-json\/wp\/v2\/tags?post=491215"}],"curies":[{"name":"wp","href":"https:\/\/api.w.org\/{rel}","templated":true}]}}