{"id":491217,"date":"2025-10-26T13:23:34","date_gmt":"2025-10-26T13:23:34","guid":{"rendered":"https:\/\/www.europesays.com\/fr\/491217\/"},"modified":"2025-10-26T13:23:34","modified_gmt":"2025-10-26T13:23:34","slug":"marseille-cassis-2025-les-resultats-et-le-classement-complet-du-20-km-mythique","status":"publish","type":"post","link":"https:\/\/www.europesays.com\/fr\/491217\/","title":{"rendered":"Marseille-Cassis 2025\u00a0: les r\u00e9sultats et le classement complet du 20\u00a0km mythique"},"content":{"rendered":"<p>Le d\u00e9part a \u00e9t\u00e9 donn\u00e9 ce dimanche 26\u00a0octobre au matin depuis le boulevard Michelet, au pied de l\u2019Orange V\u00e9lodrome.<br \/>\nConsid\u00e9r\u00e9 comme <strong>l\u2019un des rendez-vous mythiques de la course sur route en France<\/strong>, le Marseille-Cassis a une nouvelle fois r\u00e9uni \u00e9lite mondiale et passionn\u00e9s, venus affronter les <strong>20\u00a0km vallonn\u00e9s<\/strong> ponctu\u00e9s par la mont\u00e9e du <strong>col de la Gineste<\/strong> avant la descente vers la M\u00e9diterran\u00e9e.<\/p>\n<p>Les r\u00e9sultats complets, par coureur ou dossard <a href=\"https:\/\/www.marseille-cassis.com\/fr\/resultats-course\" target=\"_blank\" rel=\"nofollow noopener\">sont \u00e0 retrouver en cliquant ici.<\/a><\/p>\n<p>Ilias Fifa roi de la Gineste<\/p>\n<p>Auteur d\u2019une course parfaitement ma\u00eetris\u00e9e, Ilias Fifa (Espagne) s\u2019est impos\u00e9 en 1\u00a0h 01\u00a0min 09\u00a0s, devan\u00e7ant le Marocain Mohamed El Tahlaoui de cinq secondes seulement. L\u2019Ukrainien Mykola Mevsha compl\u00e8te le podium apr\u00e8s une belle remont\u00e9e dans la derni\u00e8re portion.<\/p>\n<p>Le top 10 du Marseille-Cassis 2025<\/p>\n<p>1 Ilias Fifa Espagne 1\u00a0h\u00a001\u203209\u2033<\/p>\n<p>2 Mohamed El Tahlaoui Maroc 1\u00a0h\u00a001\u203214\u2033<\/p>\n<p>3 Mykola Mevsha Ukraine 1\u00a0h\u00a001\u203237\u2033<\/p>\n<p>4 Chakib Lachgar Espagne 1\u00a0h\u00a002\u203212\u2033<\/p>\n<p>5 Igor Bougot France 1\u00a0h\u00a002\u203212\u2033<\/p>\n<p>6 F\u00e9licien Muhitira Rwanda 1\u00a0h\u00a002\u203223\u2033<\/p>\n<p>7 Martin Perrin France 1\u00a0h\u00a002\u203247\u2033<\/p>\n<p>8 Maxime Bargetto France 1\u00a0h\u00a002\u203258\u2033<\/p>\n<p>9 Abdelilah Elmaimouni Maroc 1\u00a0h\u00a003\u203236\u2033<\/p>\n<p>10 Damien Le Mesnager France 1\u00a0h\u00a003\u203255\u2033<\/p>\n<p>Les Fran\u00e7ais bien plac\u00e9s<\/p>\n<p>Trois tricolores figurent dans le top 10 \u2014 Igor Bougot (5\u1d49), Martin Perrin (7\u1d49) et Maxime Bargetto (8\u1d49).<\/p>\n<p>Chez les femmes, la victoire revient \u00e0 la Kazakh Daisy Jepkemeikaz.<\/p>\n<p>Une 46\u1d49 \u00e9dition populaire et exigeante<\/p>\n<p>Cr\u00e9\u00e9 en 1979, le Marseille-Cassis s\u2019impose chaque ann\u00e9e comme un d\u00e9fi sportif autant qu\u2019une f\u00eate populaire. Plus de 20\u00a0000 participants ont franchi la ligne d\u2019arriv\u00e9e au c\u0153ur du port.<\/p>\n","protected":false},"excerpt":{"rendered":"Le d\u00e9part a \u00e9t\u00e9 donn\u00e9 ce dimanche 26\u00a0octobre au matin depuis le boulevard Michelet, au pied de l\u2019Orange&hellip;\n","protected":false},"author":2,"featured_media":491218,"comment_status":"","ping_status":"","sticky":false,"template":"","format":"standard","meta":{"footnotes":""},"categories":[2814],"tags":[1111,11,1777,674,1011,27,884,12,882,25],"class_list":{"0":"post-491217","1":"post","2":"type-post","3":"status-publish","4":"format-standard","5":"has-post-thumbnail","7":"category-marseille","8":"tag-actu","9":"tag-actualites","10":"tag-eu","11":"tag-europe","12":"tag-fr","13":"tag-france","14":"tag-marseille","15":"tag-news","16":"tag-provence-alpes-cote-dazur","17":"tag-republique-francaise"},"share_on_mastodon":{"url":"https:\/\/pubeurope.com\/@fr\/115440689324842198","error":""},"_links":{"self":[{"href":"https:\/\/www.europesays.com\/fr\/wp-json\/wp\/v2\/posts\/491217","targetHints":{"allow":["GET"]}}],"collection":[{"href":"https:\/\/www.europesays.com\/fr\/wp-json\/wp\/v2\/posts"}],"about":[{"href":"https:\/\/www.europesays.com\/fr\/wp-json\/wp\/v2\/types\/post"}],"author":[{"embeddable":true,"href":"https:\/\/www.europesays.com\/fr\/wp-json\/wp\/v2\/users\/2"}],"replies":[{"embeddable":true,"href":"https:\/\/www.europesays.com\/fr\/wp-json\/wp\/v2\/comments?post=491217"}],"version-history":[{"count":0,"href":"https:\/\/www.europesays.com\/fr\/wp-json\/wp\/v2\/posts\/491217\/revisions"}],"wp:featuredmedia":[{"embeddable":true,"href":"https:\/\/www.europesays.com\/fr\/wp-json\/wp\/v2\/media\/491218"}],"wp:attachment":[{"href":"https:\/\/www.europesays.com\/fr\/wp-json\/wp\/v2\/media?parent=491217"}],"wp:term":[{"taxonomy":"category","embeddable":true,"href":"https:\/\/www.europesays.com\/fr\/wp-json\/wp\/v2\/categories?post=491217"},{"taxonomy":"post_tag","embeddable":true,"href":"https:\/\/www.europesays.com\/fr\/wp-json\/wp\/v2\/tags?post=491217"}],"curies":[{"name":"wp","href":"https:\/\/api.w.org\/{rel}","templated":true}]}}