{"id":491219,"date":"2025-10-26T13:24:29","date_gmt":"2025-10-26T13:24:29","guid":{"rendered":"https:\/\/www.europesays.com\/fr\/491219\/"},"modified":"2025-10-26T13:24:29","modified_gmt":"2025-10-26T13:24:29","slug":"cargo-bike-festival-2025-des-velos-cargo-compacts-et-chers","status":"publish","type":"post","link":"https:\/\/www.europesays.com\/fr\/491219\/","title":{"rendered":"Cargo Bike Festival 2025 : des v\u00e9los cargo + compacts et &#8211; chers"},"content":{"rendered":"<p>Le Cargo Bike Festival s\u2019est tenu les 27 et 28 septembre 2025. 60 stands, 200 marques, une piste d\u2019essai pour les familles, un food corner pour se restaurer, des jeux pour les petits et les grands. Le v\u00e9lo cargo est aujourd\u2019hui \u00e0 la port\u00e9e du plus grand nombre\u2026 au moins le temps du festival.<\/p>\n<p>Bienvenue dans la <strong>saison 3<\/strong> de notre <strong>podcast <a href=\"https:\/\/podcast.ausha.co\/velo-cargo-and-co-le-podcast-dedie-au-velo-cargo-avec-cargo-bike-festival\" target=\"_blank\" rel=\"noreferrer noopener\">V\u00e9lo Cargo &amp; Co<\/a><\/strong>. Nous avons profit\u00e9 de la 7\u00e8me \u00e9dition du cargo Bike Festival pour aller \u00e0 la rencontre des <strong>marques<\/strong>, des <strong>constructeurs<\/strong>, des <strong>revendeurs<\/strong>, et pour vous faire d\u00e9couvrir les <strong>derni\u00e8res innovations dans le monde du v\u00e9lo cargo<\/strong>.<\/p>\n<p>Pour en savoir plus sur le Cargo Bike Festival, c\u2019est <a href=\"https:\/\/cargobikefestival.fr\/\" target=\"_blank\" rel=\"noopener\">ici<\/a><\/p>\n<p>Ecoutez aussi : <a href=\"https:\/\/www.lyondemain.fr\/spectacle-biclou-nicolas-ramond\/\" target=\"_blank\" rel=\"noreferrer noopener\">Biclou : le spectacle qui vous donnera envie de faire du v\u00e9lo<\/a><\/p>\n<p>Le v\u00e9lo cargo pl\u00e9biscit\u00e9 en ville<\/p>\n<p>Car oui, le <strong>v\u00e9lo cargo <\/strong>est omnipr\u00e9sent aujourd\u2019hui dans les rues de nos villes. <strong>Tous les avantages du v\u00e9lo<\/strong> avec en plus, <strong>la capacit\u00e9 \u00e0 porter des charges<\/strong> : enfants, animaux, courses ou mat\u00e9riaux de construction.<\/p>\n<p>C\u00f4t\u00e9 investissement, <strong>les prix des v\u00e9los cargo sont \u00e0 la baisse<\/strong>. Et c\u00f4t\u00e9 volume, nous verrons dans ce podcast que de nombreux constructeurs multiplient les astuces pour <strong>rendre les nouveaux mod\u00e8les plus compac<\/strong>t, voire m\u00eame pliables\u2026<\/p>\n<p>Autant d\u2019arguments qui incitent les v\u00e9lotafeurs \u00e0 passer \u00e0 l\u2019achat. Nous avons rencontr\u00e9 de nombreux testeurs (hommes, femmes, enfants\u2026). Ils nous ont tous confirm\u00e9 leur vif int\u00e9r\u00eat pour ce <strong>nouveau mode de transport plus \u00e9cologique<\/strong> qu\u2019une voiture.<\/p>\n<p>Ecoutez le podcast, abonnez-vous, partagez, commentez\u2026 <\/p>\n<\/p>\n<p><strong>Cargo Bike Festival<\/strong>, un \u00e9v\u00e9nement d\u00e9sormais r\u00e9f\u00e9rence au niveau europ\u00e9en, est rendu possible gr\u00e2ce \u00e0 la <strong><a href=\"https:\/\/www.lyon.fr\/evenement\/festival\/festival-du-velo\" target=\"_blank\" rel=\"noopener\">Ville de Lyon<\/a><\/strong> et \u00e0 la <strong><a href=\"https:\/\/www.grandlyon.com\/mes-services-au-quotidien\/decouvrir-sortir-saerer\/festival-du-velo\" target=\"_blank\" rel=\"noreferrer noopener\">M\u00e9tropole de Lyon<\/a><\/strong>. Et gr\u00e2ce aussi \u00e0 ses nombreux partenaires\u2026<\/p>\n<p>Ecoutez aussi : <a href=\"https:\/\/www.lyondemain.fr\/tendance-velo-cargo-lyon\/\" target=\"_blank\" rel=\"noreferrer noopener\">La tendance v\u00e9lo cargo a le vent en poupe\u2026 surtout \u00e0 Lyon<\/a><\/p>\n<p>Cargo Bike Festival 2025 : des partenaires solides pour un \u00e9v\u00e9nement r\u00e9f\u00e9rence en Europe<\/p>\n<p>Au premier rang desquels, <strong><a href=\"https:\/\/www.bontaz.com\/bontaz-cree-sa-propre-start-up-dediee-au-marche-du-velo-electrique\/\" target=\"_blank\" rel=\"noreferrer noopener\">Bontaz<\/a><\/strong> : la r\u00e9f\u00e9rence du d\u00e9colletage install\u00e9e en Haute-Savoie. Apr\u00e8s avoir travaill\u00e9 durant des d\u00e9cennies au service du secteur automobile, Bontaz s\u2019int\u00e9resse aussi au v\u00e9lo.<strong> (ECOUTEZ LE PODCAST)<\/strong><\/p>\n<p><img fetchpriority=\"high\" decoding=\"async\" width=\"1200\" height=\"675\" src=\"https:\/\/www.europesays.com\/fr\/wp-content\/uploads\/2025\/10\/Cargo-Bike-Festival-2025-Bontaz-freins.jpg\" alt=\"Cargo Bike Festival 2025\" class=\"wp-image-252147\"  \/><\/p>\n<p>Autre partenaire, lui aussi facile \u00e0 rep\u00e9rer \u00e0 l\u2019entr\u00e9e de la piste d\u2019essai, l\u2019<strong>\u00e9quipementier <a href=\"https:\/\/www.ekoi.fr\/fr\/\" target=\"_blank\" rel=\"noreferrer noopener\">Eko\u00ef<\/a><\/strong>. Fabricant de <strong>casques<\/strong>, plut\u00f4t tourn\u00e9 vers le v\u00e9lo de route et le VTT, <strong>Eko\u00ef a sorti sa gamme urbaine<\/strong>. Des casques que les festivaliers ont pu d\u00e9couvrir au moment de rejoindre la piste et d\u2019essayer un <strong>v\u00e9lo cargo<\/strong>. <strong> (ECOUTEZ LE PODCAST)<\/strong><\/p>\n<p><img loading=\"lazy\" decoding=\"async\" width=\"1200\" height=\"675\" src=\"https:\/\/www.europesays.com\/fr\/wp-content\/uploads\/2025\/10\/Cargo-Bike-Festival-2025-casques-velo-urbain.jpg\" alt=\"casques v\u00e9lo urbain Eko\u00ef\" class=\"wp-image-252146\"  \/><\/p>\n<p>Le casque est un accessoire indispensable pour la s\u00e9curit\u00e9 du pilote et des passagers pour un v\u00e9lo cargo. Si elle n\u2019est pas obligatoire, l\u2019<strong>assurance<\/strong> est vivement conseill\u00e9e. La <strong><a href=\"https:\/\/www.maif.fr\/vehicule-mobilite\/assurance-velo\" target=\"_blank\" rel=\"noreferrer noopener\">MAIF<\/a><\/strong> figure aussi parmi les partenaires du Cargo Bike Festival. <strong> (ECOUTEZ LE PODCAST)<\/strong><\/p>\n<blockquote class=\"instagram-media\" data-instgrm-captioned=\"\" data-instgrm-permalink=\"https:\/\/www.instagram.com\/p\/DQMh6pmjQ17\/?utm_source=ig_embed&amp;utm_campaign=loading\" data-instgrm-version=\"14\" style=\" background:#FFF; border:0; border-radius:3px; box-shadow:0 0 1px 0 rgba(0,0,0,0.5),0 1px 10px 0 rgba(0,0,0,0.15); margin: 1px; max-width:540px; min-width:326px; padding:0; width:99.375%; width:-webkit-calc(100% - 2px); width:calc(100% - 2px);\"\/>\n<p>Le Cargo Bike Festival 2025 et le Festival du V\u00e9lo, en g\u00e9n\u00e9ral, mettent tout en oeubre pour bien accueillir les visiteurs. Notamment en leur permettant de stationner leur v\u00e9lo personnel en toute s\u00e9curit\u00e9. Gr\u00e2ce \u00e0 une offre de <strong>parking v\u00e9lo<\/strong> \u00e9v\u00e9nementiel, savamment mise en \u0153uvre par <strong><a href=\"https:\/\/wheelskeep.com\/fr\" target=\"_blank\" rel=\"noreferrer noopener\">Wheelskype<\/a><\/strong>. <strong> (ECOUTEZ LE PODCAST)<\/strong><\/p>\n<p>Ecoutez aussi : <a href=\"https:\/\/www.lyondemain.fr\/douze-cycles-velo-cargo-annee-2025\/\" target=\"_blank\" rel=\"noreferrer noopener\">Douze Cycles d\u00e9croche le prix du \u00ab\u00a0V\u00e9lo cargo de l\u2019ann\u00e9e\u00a0\u00bb 2025<\/a><\/p>\n<p>Des marques de v\u00e9los cargo  toujours plus nombreuses\u2026<\/p>\n<p>Chaque ann\u00e9e, le <strong>Cargo Bike Festival<\/strong> d\u00e9cerne ses troph\u00e9es. <strong><a href=\"https:\/\/www.douze-cycles.com\/\" target=\"_blank\" rel=\"noreferrer noopener\">Douze Cycles<\/a><\/strong>, plusieurs fois, nomin\u00e9 et r\u00e9compens\u00e9 les ann\u00e9es pr\u00e9c\u00e9dentes, s\u2019est vu d\u00e9cerner en 2025 le graal des r\u00e9compenses. Son mod\u00e8le de r\u00e9f\u00e9rence, le <strong>biporteur V2<\/strong> , est le V\u00e9lo cargo de l\u2019Ann\u00e9e. <strong> (ECOUTEZ LE PODCAST)<\/strong><\/p>\n<p>Dans cert \u00e9pisode de <strong>V\u00e9lo Cargo &amp; Co<\/strong>, nous irons \u00e0 la rencontre de trois marques : <strong><a href=\"https:\/\/bastillecycles.com\/\" target=\"_blank\" rel=\"noreferrer noopener\">Bastille<\/a>, <a href=\"https:\/\/jeanfourche.fr\/\" target=\"_blank\" rel=\"noreferrer noopener\">JeanFourche<\/a> et <a href=\"https:\/\/foldride.com\/fr\" target=\"_blank\" rel=\"noreferrer noopener\">Fold<\/a><\/strong>. Leur point commun : imaginer un v\u00e9lo cargo accessible, tant par son prix que par ses dimensions. <strong> (ECOUTEZ LE PODCAST)<\/strong><\/p>\n<p>Mais il existe aussi des <strong>v\u00e9los cargo XXL<\/strong> et qui l\u2019assument. <strong><a href=\"https:\/\/www.bigtetu-cargo.com\/\" target=\"_blank\" rel=\"noreferrer noopener\">Bigtetu<\/a><\/strong> propose un <strong>v\u00e9lo cargo pour les pro<\/strong>, un mod\u00e8le utilitaire et tr\u00e8s modulaire. Et <strong><a href=\"https:\/\/acticycle.fr\/\" target=\"_blank\" rel=\"noreferrer noopener\">Acticycle<\/a><\/strong>\u2026 plus qu\u2019un simple v\u00e9lo. L\u2019engin sur 4 roues se veut, tout \u00e0 la fois, autonome, puissant, \u00e9cologique, l\u00e9ger et frugal. <strong> (ECOUTEZ LE PODCAST)<\/strong><\/p>\n<p><img loading=\"lazy\" decoding=\"async\" width=\"1200\" height=\"675\" src=\"https:\/\/www.europesays.com\/fr\/wp-content\/uploads\/2025\/10\/Cargo-Bike-Festival-2025-acticycle-velo-4-roues.jpg\" alt=\"Cargo Bike Festival 2025\" class=\"wp-image-252145\"  \/><\/p>\n<p>Acticycle est install\u00e9 \u00e0 Villeurbanne, au <strong><a href=\"https:\/\/www.grandplateau.fr\/\" target=\"_blank\" rel=\"noopener\">Grand P<\/a><a href=\"https:\/\/www.grandplateau.fr\/\" target=\"_blank\" rel=\"noreferrer noopener\">l<\/a><a href=\"https:\/\/www.grandplateau.fr\/\" target=\"_blank\" rel=\"noopener\">ateau<\/a><\/strong>, lieu totem du v\u00e9lo. Dans lequel on retrouve aussi <strong><a href=\"https:\/\/vefaa.bike\/\" target=\"_blank\" rel=\"noreferrer noopener\">VEFAA<\/a><\/strong> qui se targue de proposer le v\u00e9lo le plus facile \u00e0 utiliser et le plus difficile \u00e0 voler. <strong> (ECOUTEZ LE PODCAST)<\/strong><\/p>\n<p>Ecoutez aussi : <a href=\"https:\/\/www.lyondemain.fr\/lyon-velo-location\/\" target=\"_blank\" rel=\"noreferrer noopener\">Lyon V\u00e9lo Location : louer un v\u00e9lo pour tester ou voyager<\/a><\/p>\n<p><img loading=\"lazy\" decoding=\"async\" width=\"1200\" height=\"675\" src=\"https:\/\/www.europesays.com\/fr\/wp-content\/uploads\/2025\/10\/Cargo-Bike-Festival-2025-velo-Vefaa.jpg\" alt=\"v\u00e9lo Vefaa\" class=\"wp-image-252148\"  \/><\/p>\n<p>\u2026. pour des usages toujours plus vari\u00e9s<\/p>\n<p><strong>Le v\u00e9lo cargo c\u2019est pour toutes et tous<\/strong>\u2026 et notamment pour les <strong>personnes \u00e0 mobilit\u00e9 r\u00e9duite<\/strong>. <strong><a href=\"https:\/\/www.vanraam.com\/fr-fr\" target=\"_blank\" rel=\"noreferrer noopener\">VanRaam<\/a><\/strong> est le sp\u00e9cialiste des <strong><a href=\"https:\/\/add-bike.com\/velo-pmr\/\" target=\"_blank\" rel=\"noreferrer noopener\">v\u00e9los adapt\u00e9s<\/a><\/strong>. <strong> (ECOUTEZ LE PODCAST)<\/strong><\/p>\n<p>Le <strong>Cargo Bike festival<\/strong> permet au grand public de croiser les <strong>concepteurs de v\u00e9los cargo<\/strong>. Mais aussi des sp\u00e9cialistes de l\u2019<strong>accessoire<\/strong>, en lien avec le <strong>confort<\/strong> ou la <strong>s\u00e9curit\u00e9<\/strong><\/p>\n<p>Le <strong>confort<\/strong> c\u2019est plut\u00f4t l\u2019affaire de <strong><a href=\"https:\/\/rainjoy.eu\/\" target=\"_blank\" rel=\"noreferrer noopener\">Bub Up<\/a><\/strong> qui a invent\u00e9 une <strong>protection de pluie<\/strong> tr\u00e8s innovante. La <strong>s\u00e9curit\u00e9<\/strong> c\u2019est l\u2019affaire de <strong><a href=\"https:\/\/vasimimile.com\/\" target=\"_blank\" rel=\"noreferrer noopener\">Vasimimile<\/a><\/strong>, fabricant de <strong>gilets haute-visiblit\u00e9<\/strong> et pour le moins origiaux. <strong> (ECOUTEZ LE PODCAST)<\/strong><\/p>\n<p><img loading=\"lazy\" decoding=\"async\" width=\"1200\" height=\"675\" src=\"https:\/\/www.europesays.com\/fr\/wp-content\/uploads\/2025\/10\/Cargo-Bike-Festival-2025-gilets-fluorescents.jpg\" alt=\"Cargo Bike Festival 2025\" class=\"wp-image-252149\"  \/><\/p>\n<p>Des gilets haute-visibilit\u00e9 qui n\u2019emp\u00eache pas de contracter une <strong>assurance<\/strong>. <strong><a href=\"https:\/\/www.bicytrust.fr\/\" target=\"_blank\" rel=\"noreferrer noopener\">Bicytrust<\/a><\/strong> est d\u2019ailleurs le sp\u00e9cialiste de l\u2019<strong>assurance v\u00e9lo<\/strong>\u2026 <strong> (ECOUTEZ LE PODCAST)<\/strong><\/p>\n<p>Ecoutez aussi : <a href=\"https:\/\/veloradio.fr\/nouvelles-stations-velov-lyon\/\" target=\"_blank\" rel=\"noreferrer noopener\">33 stations V\u00e9lo\u2019V suppl\u00e9mentaires\u2026 \u00e0 et autour de Lyon<\/a><\/p>\n<p>Toujours plus de s\u00e9curit\u00e9 pour les familles<\/p>\n<p>On a beau avoir les plus belles marques de <strong>v\u00e9los cargo<\/strong> au <strong>Cargo Bike Festival 2025<\/strong>, il n\u2019emp\u00eache que <strong>faire du v\u00e9lo<\/strong> ou <strong>concevoir un v\u00e9lo<\/strong>, n\u2019est pas inn\u00e9. Mais rassurez-vous ! <strong>Se former au v\u00e9lo<\/strong>, c\u2019est possible et m\u00eame conseill\u00e9. Que l\u2019on soit cycliste ou technicien \u2013 tecnicienne. Dans cette optique, nous avons rencontr\u00e9 deux acteurs de la formation. L\u2019<strong><a href=\"https:\/\/www.incm-formation.fr\/\" target=\"_blank\" rel=\"noreferrer noopener\">INCM<\/a><\/strong>, un <strong>centre de formation aux m\u00e9tiers du cycle<\/strong> et l\u2019<strong><a href=\"https:\/\/www.ecolevelo.fr\/\" target=\"_blank\" rel=\"noreferrer noopener\">ECOLE VELO CA ROULE<\/a><\/strong>. <strong> (ECOUTEZ LE PODCAST)<\/strong><\/p>\n<p>La 7\u00e8me \u00e9dition du Cargo Bike Festival s\u2019est termin\u00e9e comme elle avait commenc\u00e9\u2026 sous le soleil ! Et c\u2019est <strong>Alexandre Karsenty<\/strong>, l\u2019organisateur qui dresse le bilan.<\/p>\n<p>Cargo Bike Festival 2025<\/p>\n<p>Rendez-vous en <strong>septembre 2026<\/strong> pour la <strong>8\u00e8me \u00e9dition du Cargo Bike Festival<\/strong><\/p>\n<p>En attendant, abonnez-vous au <strong>podcast V\u00e9lo Cargo and Co<\/strong>, likez. Partagez les diff\u00e9rents \u00e9pisodes que nous vous proposerons au fil des mois pour \u00eatre toujours dans la roue de l\u2019actu\u2026<\/p>\n<p>Ecoutez aussi : <a href=\"https:\/\/www.lyondemain.fr\/1er-festival-du-velo-cargo-bike-festival\/\" target=\"_blank\" rel=\"noreferrer noopener\">Cargo Bike Festival : l\u2019\u00e9dition 2024 coupl\u00e9e au 1er Festival du V\u00e9lo<\/a><\/p>\n<p><img loading=\"lazy\" decoding=\"async\" width=\"1200\" height=\"675\" src=\"https:\/\/www.europesays.com\/fr\/wp-content\/uploads\/2025\/10\/Cargo-Bike-Festival-2025-place-Bellecour.jpg\" alt=\"Cargo Bike Festival 2025\" class=\"wp-image-252140\"  \/><br \/>\nJ\u2019aime \u00e7a\u00a0:<\/p>\n<p>J\u2019aime chargement\u2026<\/p>\n<p><a class=\"sd-link-color\"\/><\/p>\n<p>\n\tArticles similaires\n<\/p>\n<p>\t\t\t\t<img decoding=\"async\" src=\"https:\/\/www.europesays.com\/fr\/wp-content\/uploads\/2025\/10\/1761485069_250_7866158698e17e8ed633c05e8f8e7fe5d9e057ad78661c4dc34e413abb6b9f19\" alt=\"G\u00e9rald Bouchon\"\/><\/p>\n<p>Pionnier des radios libres, passionn\u00e9 de radio, journaliste et dirigeant de m\u00e9dias \u00e9co-responsables..<\/p>\n<p>\t\t\t<script async src=\"\/\/www.instagram.com\/embed.js\"><\/script><\/p>\n","protected":false},"excerpt":{"rendered":"Le Cargo Bike Festival s\u2019est tenu les 27 et 28 septembre 2025. 60 stands, 200 marques, une piste&hellip;\n","protected":false},"author":2,"featured_media":491220,"comment_status":"","ping_status":"","sticky":false,"template":"","format":"standard","meta":{"footnotes":""},"categories":[1889],"tags":[61389,61390,61391,1111,11,61392,47850,61393,2430,61394,61395,61396,61397,61398,61399,39893,61400,61401,55897,61402,1777,674,849,61403,61404,1011,27,61405,61406,61407,5701,61408,2428,61409,12,25283,61410,25,40256,40257,61411,61412,37179,208,27605,16542],"class_list":{"0":"post-491219","1":"post","2":"type-post","3":"status-publish","4":"format-standard","5":"has-post-thumbnail","7":"category-lyon","8":"tag-a-velo-dans-la-metropole","9":"tag-accessoires-velo","10":"tag-acticycle","11":"tag-actu","12":"tag-actualites","13":"tag-addbike","14":"tag-alexandre-karsenty","15":"tag-assurance-velo","16":"tag-auvergne-rhone-alpes","17":"tag-bastlle","18":"tag-bicytrust","19":"tag-bigtetu","20":"tag-bontaz","21":"tag-bub-up","22":"tag-cargo-bike","23":"tag-cargo-bike-festival","24":"tag-casques-velos","25":"tag-douze-cycles","26":"tag-ecole-velo","27":"tag-ekoi","28":"tag-eu","29":"tag-europe","30":"tag-festival","31":"tag-festival-du-velo","32":"tag-fold-bike","33":"tag-fr","34":"tag-france","35":"tag-gilets-de-securite","36":"tag-grand-plateau","37":"tag-incm","38":"tag-innovation","39":"tag-jeanfourche","40":"tag-lyon","41":"tag-mobilites-actives","42":"tag-news","43":"tag-parking-a-velos","44":"tag-protection-pluie","45":"tag-republique-francaise","46":"tag-transport-de-marchandises-a-velo","47":"tag-transport-de-personnes-a-velo","48":"tag-vanraam","49":"tag-vasimimile","50":"tag-vefaa","51":"tag-velo","52":"tag-velo-cargo","53":"tag-velos-a-assistance-electrique"},"share_on_mastodon":{"url":"","error":"Validation failed: Text character limit of 500 exceeded"},"_links":{"self":[{"href":"https:\/\/www.europesays.com\/fr\/wp-json\/wp\/v2\/posts\/491219","targetHints":{"allow":["GET"]}}],"collection":[{"href":"https:\/\/www.europesays.com\/fr\/wp-json\/wp\/v2\/posts"}],"about":[{"href":"https:\/\/www.europesays.com\/fr\/wp-json\/wp\/v2\/types\/post"}],"author":[{"embeddable":true,"href":"https:\/\/www.europesays.com\/fr\/wp-json\/wp\/v2\/users\/2"}],"replies":[{"embeddable":true,"href":"https:\/\/www.europesays.com\/fr\/wp-json\/wp\/v2\/comments?post=491219"}],"version-history":[{"count":0,"href":"https:\/\/www.europesays.com\/fr\/wp-json\/wp\/v2\/posts\/491219\/revisions"}],"wp:featuredmedia":[{"embeddable":true,"href":"https:\/\/www.europesays.com\/fr\/wp-json\/wp\/v2\/media\/491220"}],"wp:attachment":[{"href":"https:\/\/www.europesays.com\/fr\/wp-json\/wp\/v2\/media?parent=491219"}],"wp:term":[{"taxonomy":"category","embeddable":true,"href":"https:\/\/www.europesays.com\/fr\/wp-json\/wp\/v2\/categories?post=491219"},{"taxonomy":"post_tag","embeddable":true,"href":"https:\/\/www.europesays.com\/fr\/wp-json\/wp\/v2\/tags?post=491219"}],"curies":[{"name":"wp","href":"https:\/\/api.w.org\/{rel}","templated":true}]}}