{"id":491223,"date":"2025-10-26T13:27:27","date_gmt":"2025-10-26T13:27:27","guid":{"rendered":"https:\/\/www.europesays.com\/fr\/491223\/"},"modified":"2025-10-26T13:27:27","modified_gmt":"2025-10-26T13:27:27","slug":"certains-biens-perdront-30-de-leur-valeur","status":"publish","type":"post","link":"https:\/\/www.europesays.com\/fr\/491223\/","title":{"rendered":"\u00ab Certains biens perdront 30 % de leur valeur \u00bb"},"content":{"rendered":"<p>            Par<br \/>\n        <strong><br \/>\n            <a href=\"https:\/\/actu.fr\/auteur\/journaliste-cv\" title=\"Consulter tous les articles de R\u00e9daction Challans\" target=\"_blank\" rel=\"noopener\">R\u00e9daction Challans<\/a><br \/>\n        <\/strong><\/p>\n<p>        Publi\u00e9 le<\/p>\n<p>            25 oct. 2025 \u00e0 6h20        <\/p>\n<p>Quelle est la situation du foncier non b\u00e2ti et de l\u2019immobilier sur<b> <a href=\"https:\/\/actu.fr\/tag\/ile-de-noirmoutier\" target=\"_blank\" rel=\"noopener\">l\u2019\u00eele de Noirmoutier<\/a> (Vend\u00e9e)<\/b> ? Une p\u00e9riode d\u2019incertitude se profile. Plusieurs raisons expliquent la fragilit\u00e9 du march\u00e9 : les incertitudes autour du PPRL et le contexte national, avec une baisse du nombre de ventes.<\/p>\n<p>En dessous de 4,20 m\u00e8tres<\/p>\n<p class=\" wall-content\">Le nouveau PPRL (Plan de pr\u00e9vention des risques littoraux) qualifiera<b> les zones rouges, les zones bleues et les zones blanches de l\u2019\u00eele.<\/b> Ces attributions se feront en fonction de la situation g\u00e9ographique et de la hauteur par rapport au niveau de la mer des terrains et des maisons de l\u2019\u00eele. Cette hauteur calcul\u00e9e par les experts est le r\u00e9sultat de l\u2019addition de la hauteur atteinte par les vagues lors de la temp\u00eate Xynthia \u00e0 laquelle les experts ont ajout\u00e9 une marge de 20 cm, estimation de la mont\u00e9e des eaux des oc\u00e9ans d\u2019ici 2100. De ce calcul r\u00e9sulte une hauteur de 4,20 m. Tous les terrains et b\u00e2timents situ\u00e9s <b>en dessous de 4,20\u00a0m seraient en zone rouge.<\/b><\/p>\n<blockquote class=\"ac-article-quote wall-content\">\n<p>\u00ab Cependant, tant que le d\u00e9cret gouvernemental sur ce nouveau PPRL ne sera pas promulgu\u00e9 officiellement, nous ne pouvons nous avancer sur la r\u00e9partition d\u00e9finitive des zones \u00e0 risque de l\u2019\u00eele. Cet arr\u00eat\u00e9 est attendu avant la fin de cette ann\u00e9e \u00bb<\/p>\n<p>Fabien Gaborit, pr\u00e9sident de la Communaut\u00e9 de communes de Noirmoutier.<\/p><\/blockquote>\n<p>\u00ab Les biens en zone rouge perdront 30 % de leur valeur \u00bb<\/p>\n<p class=\" wall-content\">Les agences immobili\u00e8res sont dans l\u2019attente de ce d\u00e9cret, cette attente fragilise le march\u00e9. \u00ab Quand le d\u00e9cret sera paru, les biens en zone rouge perdront 30 % de leur valeur \u00bb, assure Annabelle Dufief, agent immobilier depuis 20\u00a0ans et propri\u00e9taire du cabinet Atlantide \u00e0 Barb\u00e2tre. D\u2019apr\u00e8s Karine Raimondeau, propri\u00e9taire de Mon Agence \u00e0 Noirmoutier-en-L\u2019\u00eele, les prix vont baisser \u00e0 l\u2019annonce de ce nouveau PPRL.<\/p>\n<blockquote class=\"ac-article-quote wall-content\">\n<p>\u00ab Je conseillerai \u00e0 mes clients vendeurs, s\u2019ils n\u2019ont pas d\u2019urgence, d\u2019attendre. Je pense, que dans deux ou trois ans, les prix remonteront car si certains terrains ne sont plus constructibles, les maisons, quelle que soit la couleur de la zone, se feront plus rares. L\u2019attractivit\u00e9 touristique de l\u2019\u00eele ne faiblira pas, et beaucoup r\u00eavent de s\u2019y installer \u00bb.<\/p>\n<p>Karine Raimondeau, agente immobili\u00e8re<\/p><\/blockquote>\n<p class=\" wall-content\">Pour Fabien Gaborit, cette nouvelle situation est aussi \u00ab une opportunit\u00e9 pour l\u2019avenir de l\u2019\u00eele \u00bb.<\/p>\n<p class=\" wall-content\">La Communaut\u00e9 de communes \u00ab se portera acqu\u00e9reur, chaque fois qu\u2019il sera possible, des terrains en zone blanche afin d\u2019y construire des logements pour les habitants vivant \u00e0 l\u2019ann\u00e9e sur l\u2019\u00eele. Cette opportunit\u00e9 compensera <b>les contraintes du ZAN (Zone d\u2019Artificialisation Nette)<\/b> qui r\u00e9duit le potentiel de terrains \u00e0 b\u00e2tir de 21 hectares \u00e0 10 hectares chaque ann\u00e9e pendant 10\u00a0ans \u00bb.<\/p>\n<p>Votre r\u00e9gion, votre actu !<\/p>\n<p>Recevez chaque jour les infos qui comptent pour vous.<\/p>\n<p>\t<a href=\"https:\/\/actu.fr\/newsletter\" class=\"ac-btn ac-btn--corner ac-btn--medium ac-btn--blue800\" target=\"_blank\" rel=\"noopener\">S&rsquo;incrire<\/a><br \/>\nImpact du contexte national<\/p>\n<p class=\" wall-content\">Le deuxi\u00e8me facteur de la fragilisation du march\u00e9 de l\u2019immobilier \u00e0 Noirmoutier et certainement pour toutes les r\u00e9gions de France r\u00e9side dans le contexte incertain politique, \u00e9conomique et g\u00e9opolitique.<\/p>\n<p class=\" wall-content\">Actuellement pour Annabelle \u00ab il y a plus d\u2019offres que de demandes, les ventes ont baiss\u00e9 de 20 % en volume. La situation est revenue \u00e0 celle que nous avons connue d\u2019avant Covid. Apr\u00e8s cette pand\u00e9mie, les prix et la demande de l\u2019immobilier sur l\u2019\u00eele avaient grimp\u00e9 de 20 % \u00bb se rappelle Karine.<\/p>\n<p class=\" wall-content\">De plus les propri\u00e9taires de r\u00e9sidences secondaires des ann\u00e9es 1970 sont d\u00e9c\u00e9d\u00e9s ou ont vieilli et ne viennent plus \u00e0 Noirmoutier. \u00ab Leurs enfants ne sont pas automatiquement int\u00e9ress\u00e9s par la reprise des biens parentaux et les mettent en vente, ce qui augmente le parc de maisons \u00e0 vendre \u00bb constate Karine.<\/p>\n<p>    <img   decoding=\"async\" loading=\"lazy\" class=\"size-large\" src=\"https:\/\/www.europesays.com\/fr\/wp-content\/uploads\/2025\/10\/b180bef027986f580bef02798c980bv-960x640.jpeg\" alt=\"Karine RAIMONDEAU, propri\u00e9taire de Mon Agence\" width=\"960\" height=\"640\"\/><br \/>\n    Karine Raimondeau, propri\u00e9taire de Mon Agence. \u00a9Courrier vend\u00e9en<\/p>\n<p class=\" wall-content\">Parall\u00e8lement \u00e0 cette incertitude, les banques freinent les pr\u00eats : \u00ab Si les clients potentiels<b> n\u2019ont pas un apport de 30 \u00e0 40 % du co\u00fbt total de l\u2019acquisition, <\/b>les banques souvent n\u2019accordent pas le pr\u00eat \u00bb, constate Annabelle Dufief de Barb\u00e2tre. \u00ab Souvent, ils doivent attendre de vendre leur r\u00e9sidence principale pour disposer d\u2019une somme suffisante afin de pouvoir acheter une autre vill\u00e9giature \u00bb.<\/p>\n<p class=\" wall-content\">Ce qui n\u2019est pas le cas des clients de Karine Raimondeau : \u00ab Les clients achetant un bien \u00e0 Noirmoutier-en-L\u2019\u00cele paient souvent en cash ou obtiennent facilement leurs pr\u00eats \u00bb.<\/p>\n<p>Le profil contrast\u00e9 des acheteurs<\/p>\n<p class=\" wall-content\">Les acheteurs sont en majorit\u00e9 des retrait\u00e9s originaires des Pays de la Loire ou de la r\u00e9gion parisienne. \u00ab Il y a de plus en plus de Belges, Hollandais et Allemands \u00bb pr\u00e9cise Annabelle Dufief. \u00ab Dans ce panel de clients, tr\u00e8s peu sont des primo acc\u00e9dants souhaitant vivre et travailler sur l\u2019\u00eele. S\u2019il n\u2019y a pas d\u2019h\u00e9ritage, le co\u00fbt moyen d\u2019acquisition est trop \u00e9lev\u00e9 \u00e0 Noirmoutier pour une jeune famille. G\u00e9n\u00e9ralement elles s\u2019installent sur le continent, un terrain qui vaut 300 000 \u20ac \u00e0 Noirmoutier vaut 150 000 \u20ac dans les communes du continent proches de l\u2019\u00eele \u00bb<\/p>\n<p>Ne pas \u00ab propager l\u2019angoisse en permanence \u00bb<\/p>\n<p class=\" wall-content\">Cependant Karine Raimondeau veut porter un message optimiste : \u00ab Il faut arr\u00eater de propager l\u2019angoisse en permanence. Bien s\u00fbr, les risques littoraux sont plausibles, j\u2019ai 56\u00a0ans j\u2019ai toujours v\u00e9cu avec cette menace, mais depuis des d\u00e9cennies les responsables politiques ont anticip\u00e9 le risque de submersion en construisant des digues et autres protections contre la mer. L\u2019homme ne laisse pas faire la nature, il intervient. La preuve, nous n\u2019avons pas \u00e9t\u00e9 r\u00e9ellement impact\u00e9s \u00e0 Noirmoutier par la temp\u00eate Xynthia \u00bb.<\/p>\n<p class=\" wall-content\">C\u00f4t\u00e9 \u00e9lus, en effet, la Communaut\u00e9 de communes consacre 30 % de son budget total pour la d\u00e9fense contre les risques littoraux. \u00ab 60\u00a0millions d\u2019euros sont pr\u00e9vus dans les dix ans \u00e0 venir dans ce chapitre \u00bb, souligne Fabien Gaborit.<\/p>\n<p class=\" wall-content\">Personnalisez votre actualit\u00e9 en ajoutant vos villes et m\u00e9dias en favori avec <a href=\"https:\/\/moncompte.actu.fr\" title=\"D\u00e9couvez Mon Actu\" rel=\"nofollow noopener\" data-trk=\"{&quot;cta&quot;:{&quot;action&quot;:&quot;https:\\\/\\\/moncompte.actu.fr&quot;,&quot;category&quot;:&quot;mon compte&quot;,&quot;from&quot;:&quot;article footer&quot;,&quot;name&quot;:&quot;Mon actu&quot;,&quot;type&quot;:&quot;cta&quot;}}\" target=\"_blank\">Mon Actu<\/a>.<\/p>\n","protected":false},"excerpt":{"rendered":"Par R\u00e9daction Challans Publi\u00e9 le 25 oct. 2025 \u00e0 6h20 Quelle est la situation du foncier non b\u00e2ti&hellip;\n","protected":false},"author":2,"featured_media":491224,"comment_status":"","ping_status":"","sticky":false,"template":"","format":"standard","meta":{"footnotes":""},"categories":[1592],"tags":[1111,11,1777,674,1011,27,42736,662,1116,12,20971,626,25,104],"class_list":{"0":"post-491223","1":"post","2":"type-post","3":"status-publish","4":"format-standard","5":"has-post-thumbnail","7":"category-ile-de-france","8":"tag-actu","9":"tag-actualites","10":"tag-eu","11":"tag-europe","12":"tag-fr","13":"tag-france","14":"tag-ile-de-noirmoutier","15":"tag-ile-de-france","16":"tag-immobilier","17":"tag-news","18":"tag-nord-ouest-vendee","19":"tag-paris","20":"tag-republique-francaise","21":"tag-societe"},"share_on_mastodon":{"url":"https:\/\/pubeurope.com\/@fr\/115440704055637720","error":""},"_links":{"self":[{"href":"https:\/\/www.europesays.com\/fr\/wp-json\/wp\/v2\/posts\/491223","targetHints":{"allow":["GET"]}}],"collection":[{"href":"https:\/\/www.europesays.com\/fr\/wp-json\/wp\/v2\/posts"}],"about":[{"href":"https:\/\/www.europesays.com\/fr\/wp-json\/wp\/v2\/types\/post"}],"author":[{"embeddable":true,"href":"https:\/\/www.europesays.com\/fr\/wp-json\/wp\/v2\/users\/2"}],"replies":[{"embeddable":true,"href":"https:\/\/www.europesays.com\/fr\/wp-json\/wp\/v2\/comments?post=491223"}],"version-history":[{"count":0,"href":"https:\/\/www.europesays.com\/fr\/wp-json\/wp\/v2\/posts\/491223\/revisions"}],"wp:featuredmedia":[{"embeddable":true,"href":"https:\/\/www.europesays.com\/fr\/wp-json\/wp\/v2\/media\/491224"}],"wp:attachment":[{"href":"https:\/\/www.europesays.com\/fr\/wp-json\/wp\/v2\/media?parent=491223"}],"wp:term":[{"taxonomy":"category","embeddable":true,"href":"https:\/\/www.europesays.com\/fr\/wp-json\/wp\/v2\/categories?post=491223"},{"taxonomy":"post_tag","embeddable":true,"href":"https:\/\/www.europesays.com\/fr\/wp-json\/wp\/v2\/tags?post=491223"}],"curies":[{"name":"wp","href":"https:\/\/api.w.org\/{rel}","templated":true}]}}