{"id":491227,"date":"2025-10-26T13:29:11","date_gmt":"2025-10-26T13:29:11","guid":{"rendered":"https:\/\/www.europesays.com\/fr\/491227\/"},"modified":"2025-10-26T13:29:11","modified_gmt":"2025-10-26T13:29:11","slug":"les-deux-suspects-interpelles-seraient-deja-connus-des-services-de-police","status":"publish","type":"post","link":"https:\/\/www.europesays.com\/fr\/491227\/","title":{"rendered":"les deux suspects interpell\u00e9s seraient d\u00e9j\u00e0 connus des services de police"},"content":{"rendered":"<p>Une semaine apr\u00e8s le cambriolage rocambolesque de bijoux du Louvre, dimanche dernier, deux suspects ont \u00e9t\u00e9 interpell\u00e9s et plac\u00e9s en garde \u00e0 vue samedi.<\/p>\n<p>Le vol, qui aura dur\u00e9 en tout sept \u00e0 huit minutes, a soulev\u00e9 la question de la s\u00e9curit\u00e9 du plus c\u00e9l\u00e8bre mus\u00e9e du monde. La pr\u00e9sidente-directrice du mus\u00e9e le plus visit\u00e9 au monde, Laurence des Cars, a \u00e9t\u00e9 auditionn\u00e9e mercredi par la commission des affaires culturelles du S\u00e9nat. En ce qui concerne les lacunes en mati\u00e8re de s\u00e9curit\u00e9, elle a reconnu que le Louvre n&rsquo;a \u00ab pas rep\u00e9r\u00e9 suffisamment \u00e0 l&rsquo;avance l&rsquo;arriv\u00e9e des voleurs \u00bb. Le pr\u00e9judice du vol a \u00e9t\u00e9 \u00e9valu\u00e9 par le mus\u00e9e \u00e0 88 millions d&rsquo;euros.<\/p>\n<p><strong>Suivez avec nous l&rsquo;actualit\u00e9 de ce dimanche\u00a0:<\/strong><\/p>\n","protected":false},"excerpt":{"rendered":"Une semaine apr\u00e8s le cambriolage rocambolesque de bijoux du Louvre, dimanche dernier, deux suspects ont \u00e9t\u00e9 interpell\u00e9s et&hellip;\n","protected":false},"author":2,"featured_media":491228,"comment_status":"","ping_status":"","sticky":false,"template":"","format":"standard","meta":{"footnotes":""},"categories":[1888],"tags":[1111,1928,11,1927,1687,12255,1777,674,274,107,1011,27,329,12,1926,626,1925,316,25],"class_list":{"0":"post-491227","1":"post","2":"type-post","3":"status-publish","4":"format-standard","5":"has-post-thumbnail","7":"category-paris","8":"tag-actu","9":"tag-actu-paris","10":"tag-actualites","11":"tag-actualites-paris","12":"tag-culture-loisirs","13":"tag-direct-actualite","14":"tag-eu","15":"tag-europe","16":"tag-faits-divers-justice","17":"tag-fil-info","18":"tag-fr","19":"tag-france","20":"tag-france-monde","21":"tag-news","22":"tag-news-paris","23":"tag-paris","24":"tag-paris-news","25":"tag-politique","26":"tag-republique-francaise"},"share_on_mastodon":{"url":"https:\/\/pubeurope.com\/@fr\/115440711357170646","error":""},"_links":{"self":[{"href":"https:\/\/www.europesays.com\/fr\/wp-json\/wp\/v2\/posts\/491227","targetHints":{"allow":["GET"]}}],"collection":[{"href":"https:\/\/www.europesays.com\/fr\/wp-json\/wp\/v2\/posts"}],"about":[{"href":"https:\/\/www.europesays.com\/fr\/wp-json\/wp\/v2\/types\/post"}],"author":[{"embeddable":true,"href":"https:\/\/www.europesays.com\/fr\/wp-json\/wp\/v2\/users\/2"}],"replies":[{"embeddable":true,"href":"https:\/\/www.europesays.com\/fr\/wp-json\/wp\/v2\/comments?post=491227"}],"version-history":[{"count":0,"href":"https:\/\/www.europesays.com\/fr\/wp-json\/wp\/v2\/posts\/491227\/revisions"}],"wp:featuredmedia":[{"embeddable":true,"href":"https:\/\/www.europesays.com\/fr\/wp-json\/wp\/v2\/media\/491228"}],"wp:attachment":[{"href":"https:\/\/www.europesays.com\/fr\/wp-json\/wp\/v2\/media?parent=491227"}],"wp:term":[{"taxonomy":"category","embeddable":true,"href":"https:\/\/www.europesays.com\/fr\/wp-json\/wp\/v2\/categories?post=491227"},{"taxonomy":"post_tag","embeddable":true,"href":"https:\/\/www.europesays.com\/fr\/wp-json\/wp\/v2\/tags?post=491227"}],"curies":[{"name":"wp","href":"https:\/\/api.w.org\/{rel}","templated":true}]}}