{"id":491233,"date":"2025-10-26T13:32:12","date_gmt":"2025-10-26T13:32:12","guid":{"rendered":"https:\/\/www.europesays.com\/fr\/491233\/"},"modified":"2025-10-26T13:32:12","modified_gmt":"2025-10-26T13:32:12","slug":"ces-chinois-qui-ont-decide-de-se-battre-pour-lukraine","status":"publish","type":"post","link":"https:\/\/www.europesays.com\/fr\/491233\/","title":{"rendered":"Ces Chinois qui ont d\u00e9cid\u00e9 de se battre pour l\u2019Ukraine"},"content":{"rendered":"\n<p>\u201cEn voyant les membres sectionn\u00e9s, certains appartenant \u00e0 des enfants, j\u2019ai pleur\u00e9.\u201d Ce fut un d\u00e9clic pour Tim, un Chinois <a class=\"ithalc\" data-ithal=\"lien_externe\" data-ithalc=\"[nav_article]\" target=\"_blank\" href=\"https:\/\/www.theguardian.com\/world\/2025\/oct\/20\/i-was-doing-nothing-at-home-the-chinese-nationals-fighting-for-ukraine\" rel=\"noopener\">que\u00a0<strong>The Guardian<\/strong><\/a> appelle par ce pseudonyme anglophone pour prot\u00e9ger son identit\u00e9. C\u2019\u00e9tait le 8\u00a0juillet 2024. Ce jour-l\u00e0, des frappes russes, qui ont fait au moins 43\u00a0morts dans plusieurs villes d\u2019Ukraine, se sont abattues sur l\u2019h\u00f4pital pour enfants de Kiev.<\/p>\n<p>Quelques secondes plus t\u00f4t, Tim, 43\u00a0ans, livrait des produits humanitaires aux abords de la capitale lorsqu\u2019il a entendu un missile passer au-dessus de sa t\u00eate. Il s\u2019est pr\u00e9cipit\u00e9 \u00e0 l\u2019h\u00f4pital pour venir en aide aux victimes. Pour cet homme de 43\u00a0ans, p\u00e8re de deux enfants, ce fut un choc\u00a0:<\/p>\n<blockquote><p>\u201cJ\u2019ai pens\u00e9 \u00e0 la col\u00e8re des Chinois. Une fois enflamm\u00e9e\u2026 C\u2019est intense. Alors j\u2019ai d\u00e9cid\u00e9 de m\u2019engager dans l\u2019arm\u00e9e.\u201d<\/p><\/blockquote>\n<p>Aujourd\u2019hui, Tim est affect\u00e9 dans une caserne du sud de l\u2019Ukraine, o\u00f9 il con\u00e7oit des drones pour les forces terrestres de l\u2019arm\u00e9e. \u201cIl fait partie des quelques Chinois qui ont d\u00e9fi\u00e9 leur gouvernement et l\u2019opinion publique g\u00e9n\u00e9rale en risquant leur vie pour lutter contre l\u2019invasion [de l\u2019Ukraine par le] principal partenaire g\u00e9opolitique de P\u00e9kin, la Russie\u201d, r\u00e9sume le Guardian, qui a rencontr\u00e9 un autre volontaire chinois, affect\u00e9 comme op\u00e9rateur de drones sur le front dans l\u2019Est.<\/p>\n<p>                    \u201cQue le monde ne renonce pas \u00e0 la Chine\u201d       <\/p>\n<p>M\u00e9canicien automobile \u00e0 la recherche d\u2019un emploi, Tim suivait la situation en Ukraine de pr\u00e8s, et envoyait occasionnellement de l\u2019argent pour des collectes de fonds. Mais il voulait faire plus\u00a0: \u201c\u00c0 l\u2019\u00e9poque, j\u2019\u00e9tais au ch\u00f4mage en Chine. Au lieu de me morfondre, je voulais simplement aller en Ukraine comme b\u00e9n\u00e9vole [\u2026] et distribuer les dons que nombre de mes amis proches m\u2019avaient confi\u00e9s pour aider les personnes dans le besoin.\u201d<\/p>\n<p>Apr\u00e8s avoir demand\u00e9 un visa d\u2019affaires, il est arriv\u00e9 en Ukraine en juillet 2023 pour s\u2019engager dans des missions humanitaires. Un peu plus d\u2019un an plus tard, il a rev\u00eatu l\u2019uniforme.<\/p>\n<p>Les \u00e9trangers peuvent servir dans les unit\u00e9s r\u00e9guli\u00e8res de l\u2019arm\u00e9e ukrainienne ou dans l\u2019une des deux l\u00e9gions internationales pr\u00e9vues \u00e0 cet effet, explique le Guardian. Ils seraient environ 8\u00a0000\u00a0engag\u00e9s dans les forces terrestres \u201cet peut-\u00eatre le double de ce chiffre pour l\u2019ensemble des forces arm\u00e9es\u201d. Parmi eux, \u201cquelques dizaines de soldats sont originaires de Chine continentale\u201d, selon les volontaires chinois cit\u00e9s par le quotidien britannique.<\/p>\n<p>En face, selon le pr\u00e9sident ukrainien, Volodymyr Zelensky, on compterait 150\u00a0combattants volontaires chinois engag\u00e9s c\u00f4t\u00e9 russe \u2013 <a href=\"https:\/\/www.courrierinternational.com\/article\/zelensky-annonce-la-capture-de-deux-combattants-chinois-et-interpelle-pekin_229680\" target=\"_blank\" rel=\"noopener\">dont deux ont \u00e9t\u00e9 captur\u00e9s<\/a> pr\u00e8s de Donetsk en avril dernier.<\/p>\n<p>C\u2019est aussi l\u00e0 l\u2019une des motivations qui ont pouss\u00e9 Tim \u00e0 s\u2019engager en Ukraine. \u201cJe veux montrer au monde qu\u2019il y a beaucoup de personnes comme moi. Je veux que le monde ne renonce pas \u00e0 la Chine. Il y a plein de gens bien en Chine, et beaucoup d\u2019id\u00e9es positives.\u201d<\/p>\n","protected":false},"excerpt":{"rendered":"\u201cEn voyant les membres sectionn\u00e9s, certains appartenant \u00e0 des enfants, j\u2019ai pleur\u00e9.\u201d Ce fut un d\u00e9clic pour Tim,&hellip;\n","protected":false},"author":2,"featured_media":491234,"comment_status":"","ping_status":"","sticky":false,"template":"","format":"standard","meta":{"footnotes":""},"categories":[1591],"tags":[11,6060,309,674,1887,1892,131,12,1885,1886,132,220],"class_list":{"0":"post-491233","1":"post","2":"type-post","3":"status-publish","4":"format-standard","5":"has-post-thumbnail","7":"category-russie","8":"tag-actualites","9":"tag-asie","10":"tag-chine","11":"tag-europe","12":"tag-federation-de-russie","13":"tag-gu00e9opolitique","14":"tag-guerre-en-ukraine","15":"tag-news","16":"tag-russia","17":"tag-russian-federation","18":"tag-russie","19":"tag-ukraine"},"share_on_mastodon":{"url":"https:\/\/pubeurope.com\/@fr\/115440723133677600","error":""},"_links":{"self":[{"href":"https:\/\/www.europesays.com\/fr\/wp-json\/wp\/v2\/posts\/491233","targetHints":{"allow":["GET"]}}],"collection":[{"href":"https:\/\/www.europesays.com\/fr\/wp-json\/wp\/v2\/posts"}],"about":[{"href":"https:\/\/www.europesays.com\/fr\/wp-json\/wp\/v2\/types\/post"}],"author":[{"embeddable":true,"href":"https:\/\/www.europesays.com\/fr\/wp-json\/wp\/v2\/users\/2"}],"replies":[{"embeddable":true,"href":"https:\/\/www.europesays.com\/fr\/wp-json\/wp\/v2\/comments?post=491233"}],"version-history":[{"count":0,"href":"https:\/\/www.europesays.com\/fr\/wp-json\/wp\/v2\/posts\/491233\/revisions"}],"wp:featuredmedia":[{"embeddable":true,"href":"https:\/\/www.europesays.com\/fr\/wp-json\/wp\/v2\/media\/491234"}],"wp:attachment":[{"href":"https:\/\/www.europesays.com\/fr\/wp-json\/wp\/v2\/media?parent=491233"}],"wp:term":[{"taxonomy":"category","embeddable":true,"href":"https:\/\/www.europesays.com\/fr\/wp-json\/wp\/v2\/categories?post=491233"},{"taxonomy":"post_tag","embeddable":true,"href":"https:\/\/www.europesays.com\/fr\/wp-json\/wp\/v2\/tags?post=491233"}],"curies":[{"name":"wp","href":"https:\/\/api.w.org\/{rel}","templated":true}]}}