{"id":491235,"date":"2025-10-26T13:33:13","date_gmt":"2025-10-26T13:33:13","guid":{"rendered":"https:\/\/www.europesays.com\/fr\/491235\/"},"modified":"2025-10-26T13:33:13","modified_gmt":"2025-10-26T13:33:13","slug":"apres-avoir-fui-la-guerre-en-ukraine-ils-se-sont-formes-a-la-taille-de-pierre-au-chateau-de-glenay","status":"publish","type":"post","link":"https:\/\/www.europesays.com\/fr\/491235\/","title":{"rendered":"apr\u00e8s avoir fui la guerre en Ukraine, ils se sont form\u00e9s \u00e0 la taille de pierre au ch\u00e2teau de Gl\u00e9nay"},"content":{"rendered":"<p>Cette matin\u00e9e d\u2019octobre\u00a02025 est d\u00e9j\u00e0 bien avanc\u00e9e lorsque le soleil commence enfin \u00e0 percer, inondant de lumi\u00e8re les v\u00e9n\u00e9rables pierres du ch\u00e2teau de Gl\u00e9nay, pr\u00e8s de Thouars. Juste \u00e0 c\u00f4t\u00e9, \u00e0 l\u2019abri d\u2019un hangar, cinq stagiaires s\u00e9lectionnent des cailloux avec soin et s\u2019affairent autour de leurs murets.<\/p>\n<p>\u00ab\u00a0C\u2019est un exercice de mise en situation pour pr\u00e9parer les examens pr\u00e9vus \u00e0 la fin du mois\u00a0\u00bb, explique Christophe Vallade, tout en gardant un \u0153il sur le chrono. Formateur certifi\u00e9 \u00ab\u00a0b\u00e2timent de France\u00a0\u00bb, il encadre cette nouvelle session de sept mois, <a title=\"Pr\u00e8s de Thouars : apprentissage singulier au pied du ch\u00e2teau de Gl\u00e9nay pour ces futurs ma\u00e7ons et tailleurs de pierre\" target=\"_blank\" href=\"https:\/\/www.lanouvellerepublique.fr\/deux-sevres\/commune\/glenay\/pres-de-thouars-apprentissage-singulier-au-pied-du-chateau-de-glenay-pour-ces-futurs-macons-et-tailleurs-de-pierre-1745338776\" rel=\"noopener\">destin\u00e9e \u00e0 obtenir les dipl\u00f4mes de \u00ab\u00a0ma\u00e7on b\u00e2ti ancien\u00a0\u00bb et \u00ab\u00a0tailleur de pierre\u00a0\u00bb<\/a>.<\/p>\n<p>\u00ab\u00a0C\u2019est important de profiter des belles choses\u00a0\u00bb<\/p>\n<p><a title=\"Les propri\u00e9taires de ce ch\u00e2teau \u00e0 Gl\u00e9nay m\u00e8nent des exp\u00e9riences dans leur jardin en faveur de la biodiversit\u00e9\" target=\"_blank\" href=\"https:\/\/www.lanouvellerepublique.fr\/deux-sevres\/commune\/glenay\/les-proprietaires-de-ce-chateau-a-glenay-menent-des-experiences-dans-leur-jardin-en-faveur-de-la-biodiversite-1759413769\" rel=\"noopener\">Au-del\u00e0 du d\u00e9cor unique dans lequel elle prend place<\/a>, au pied d\u2019un ch\u00e2teau m\u00e9di\u00e9val en pleine renaissance, cette formation dispens\u00e9e par l\u2019Afpa 79 (Association pour la formation professionnelle) a pour particularit\u00e9 d\u2019accueillir des profils de demandeurs d\u2019emploi tr\u00e8s vari\u00e9s, pour la plupart en reconversion. Mais les parcours de Sergue\u00ef Yesypchuk et Oleg Kravchenko sont encore plus singuliers&#8230;. <\/p>\n<p>    Cet article a \u00e9t\u00e9 tronqu\u00e9. Abonnez-vous pour lire l&rsquo;article complet sur notre site.<\/p>\n<p style=\"margin: 0 !important; padding: 0 !important; font-size: 12px !important;\">Cet article a \u00e9t\u00e9 tronqu\u00e9. Abonnez-vous pour lire l&rsquo;article complet.<\/p>\n<p>    <a href=\"https:\/\/www.lanouvellerepublique.fr\/abonnements\" style=\"display: inline-block; margin-top: 5px !important; padding: 6px 12px !important; background: #cb1c27; color: white; text-decoration: none; border-radius: 4px; font-size: 12px !important;\" target=\"_blank\" rel=\"noopener\"><br \/>\n      S&rsquo;abonner<br \/>\n    <\/a><\/p>\n","protected":false},"excerpt":{"rendered":"Cette matin\u00e9e d\u2019octobre\u00a02025 est d\u00e9j\u00e0 bien avanc\u00e9e lorsque le soleil commence enfin \u00e0 percer, inondant de lumi\u00e8re les&hellip;\n","protected":false},"author":2,"featured_media":491236,"comment_status":"","ping_status":"","sticky":false,"template":"","format":"standard","meta":{"footnotes":""},"categories":[1590],"tags":[1392,11,1674,2545,341,1777,674,1119,61413,12,2665,220],"class_list":{"0":"post-491235","1":"post","2":"type-post","3":"status-publish","4":"format-standard","5":"has-post-thumbnail","7":"category-ukraine","8":"tag-a-la-une-local","9":"tag-actualites","10":"tag-communes","11":"tag-deux-sevres","12":"tag-emploi","13":"tag-eu","14":"tag-europe","15":"tag-formation","16":"tag-glenay","17":"tag-news","18":"tag-thouars","19":"tag-ukraine"},"share_on_mastodon":{"url":"https:\/\/pubeurope.com\/@fr\/115440727079337907","error":""},"_links":{"self":[{"href":"https:\/\/www.europesays.com\/fr\/wp-json\/wp\/v2\/posts\/491235","targetHints":{"allow":["GET"]}}],"collection":[{"href":"https:\/\/www.europesays.com\/fr\/wp-json\/wp\/v2\/posts"}],"about":[{"href":"https:\/\/www.europesays.com\/fr\/wp-json\/wp\/v2\/types\/post"}],"author":[{"embeddable":true,"href":"https:\/\/www.europesays.com\/fr\/wp-json\/wp\/v2\/users\/2"}],"replies":[{"embeddable":true,"href":"https:\/\/www.europesays.com\/fr\/wp-json\/wp\/v2\/comments?post=491235"}],"version-history":[{"count":0,"href":"https:\/\/www.europesays.com\/fr\/wp-json\/wp\/v2\/posts\/491235\/revisions"}],"wp:featuredmedia":[{"embeddable":true,"href":"https:\/\/www.europesays.com\/fr\/wp-json\/wp\/v2\/media\/491236"}],"wp:attachment":[{"href":"https:\/\/www.europesays.com\/fr\/wp-json\/wp\/v2\/media?parent=491235"}],"wp:term":[{"taxonomy":"category","embeddable":true,"href":"https:\/\/www.europesays.com\/fr\/wp-json\/wp\/v2\/categories?post=491235"},{"taxonomy":"post_tag","embeddable":true,"href":"https:\/\/www.europesays.com\/fr\/wp-json\/wp\/v2\/tags?post=491235"}],"curies":[{"name":"wp","href":"https:\/\/api.w.org\/{rel}","templated":true}]}}