{"id":49125,"date":"2025-04-24T12:10:09","date_gmt":"2025-04-24T12:10:09","guid":{"rendered":"https:\/\/www.europesays.com\/fr\/49125\/"},"modified":"2025-04-24T12:10:09","modified_gmt":"2025-04-24T12:10:09","slug":"strasbourg-olivier-claudon-en-dedicace-a-la-librairie-la-parenthese-pour-son-roman-lhiver-dure-mille-ans","status":"publish","type":"post","link":"https:\/\/www.europesays.com\/fr\/49125\/","title":{"rendered":"Strasbourg. Olivier Claudon en d\u00e9dicace \u00e0 la librairie La Parenth\u00e8se pour son roman \u201cL\u2019hiver dure mille ans\u201d"},"content":{"rendered":"<p>Olivier Claudon sera pr\u00e9sent \u00e0 la librairie \u00a0La Parenth\u00e8se au \u00a063, rue Boecklin \u00e0 Strasbourg, le vendredi 25\u00a0avril \u00e0 18\u00a0h, pour pr\u00e9senter son dernier roman,  L\u2019hiver dure mille ans  , paru aux \u00e9ditions de La Nu\u00e9e Bleue. <\/p>\n<p>Ce contenu est bloqu\u00e9 car vous n&rsquo;avez pas accept\u00e9 les cookies et autres traceurs.<\/p>\n<p>En cliquant sur \u00ab J\u2019accepte \u00bb, les cookies et autres traceurs seront d\u00e9pos\u00e9s et vous pourrez visualiser les contenus  (<a href=\"\" class=\"consentModule_policy\" target=\"_blank\" title=\"Consulter la politique de protection des donn\u00e9es du fournisseur\">plus d&rsquo;informations<\/a>).<\/p>\n<p>En cliquant sur \u00ab J\u2019accepte tous les cookies \u00bb, vous autorisez des d\u00e9p\u00f4ts de cookies et autres traceurs pour le stockage de vos donn\u00e9es sur nos sites et applications \u00e0 des fins de personnalisation et de ciblage publicitaire.<\/p>\n<p class=\"consentModule_secondaryText\">Vous gardez la possibilit\u00e9 de retirer votre consentement \u00e0 tout moment en consultant notre <a href=\"https:\/\/www.dna.fr\/protection-des-donnees\" target=\"_blank\" title=\"Consulter notre politique de protection des donn\u00e9es\" rel=\"noopener\">politique de protection des donn\u00e9es<\/a>. <br \/>&#13;<br \/>\n            <a href=\"https:\/\/www.dna.fr\/culture-loisirs\/2025\/04\/24\/javascript:Didomi.notice.show()\" class=\"consentModule_cmp\" target=\"_blank\" rel=\"noopener\">G\u00e9rer mes choix<\/a>&#13;\n        <\/p>\n<p>&#13;<br \/>\n                        J&rsquo;accepte&#13;<br \/>\n            J&rsquo;accepte tous les cookies&#13;\n        <\/p>\n<p>Journaliste aux Derni\u00e8res Nouvelles d\u2019Alsace , <a href=\"https:\/\/www.dna.fr\/culture-loisirs\/2022\/02\/20\/olivier-claudon-le-thriller-pour-horizon\" target=\"_blank\" rel=\"noopener\">l\u2019auteur<\/a> vient de publier le premier opus d\u2019une trilogie polici\u00e8re mettant en sc\u00e8ne le commissaire Willer.<\/p>\n<p>  Un assassinat au ch\u00e2teau de Pourtal\u00e8s<\/p>\n<p>En 1953 \u00e0 Strasbourg, un professeur du Coll\u00e8ge de l\u2019Europe libre est assassin\u00e9 au ch\u00e2teau de Pourtal\u00e8s \u2026 <a href=\"https:\/\/www.dna.fr\/culture-loisirs\/2025\/01\/29\/olivier-claudon-reprend-avec-brio-le-flambeau-de-simenon\" target=\"_blank\" rel=\"noopener\">Ce roman<\/a> plonge le lecteur dans une ville qui panse ses plaies apr\u00e8s la guerre et participe \u00e0 la construction europ\u00e9enne.<\/p>\n<p>En d\u00e9jouant les pi\u00e8ges du manich\u00e9isme, il ouvre des pistes de r\u00e9flexions passionnantes sur l\u2019histoire de l\u2019Alsace.<\/p>\n<p class=\"note\">Le 25\u00a0avril \u00e0 18\u00a0h. Librairie La Parenth\u00e8se au 63, rue Boecklin \u00e0 Strasbourg. Son roman\u00a0:  L\u2019hiver dure mille ans , \u00e9d. La Nu\u00e9e Bleue. 21\u00a0euros.<\/p>\n","protected":false},"excerpt":{"rendered":"Olivier Claudon sera pr\u00e9sent \u00e0 la librairie \u00a0La Parenth\u00e8se au \u00a063, rue Boecklin \u00e0 Strasbourg, le vendredi 25\u00a0avril&hellip;\n","protected":false},"author":2,"featured_media":49126,"comment_status":"","ping_status":"","sticky":false,"template":"","format":"standard","meta":{"footnotes":""},"categories":[2820],"tags":[1111,11,6211,1687,2880,1777,674,107,1011,27,775,2410,12,5486,25,640,2879],"class_list":{"0":"post-49125","1":"post","2":"type-post","3":"status-publish","4":"format-standard","5":"has-post-thumbnail","7":"category-strasbourg","8":"tag-actu","9":"tag-actualites","10":"tag-conference","11":"tag-culture-loisirs","12":"tag-edition-strasbourg","13":"tag-eu","14":"tag-europe","15":"tag-fil-info","16":"tag-fr","17":"tag-france","18":"tag-grand-est","19":"tag-livres-bd","20":"tag-news","21":"tag-rencontre","22":"tag-republique-francaise","23":"tag-strasbourg","24":"tag-strasbourg-ville"},"share_on_mastodon":{"url":"https:\/\/pubeurope.com\/@fr\/114392873300107457","error":""},"_links":{"self":[{"href":"https:\/\/www.europesays.com\/fr\/wp-json\/wp\/v2\/posts\/49125","targetHints":{"allow":["GET"]}}],"collection":[{"href":"https:\/\/www.europesays.com\/fr\/wp-json\/wp\/v2\/posts"}],"about":[{"href":"https:\/\/www.europesays.com\/fr\/wp-json\/wp\/v2\/types\/post"}],"author":[{"embeddable":true,"href":"https:\/\/www.europesays.com\/fr\/wp-json\/wp\/v2\/users\/2"}],"replies":[{"embeddable":true,"href":"https:\/\/www.europesays.com\/fr\/wp-json\/wp\/v2\/comments?post=49125"}],"version-history":[{"count":0,"href":"https:\/\/www.europesays.com\/fr\/wp-json\/wp\/v2\/posts\/49125\/revisions"}],"wp:featuredmedia":[{"embeddable":true,"href":"https:\/\/www.europesays.com\/fr\/wp-json\/wp\/v2\/media\/49126"}],"wp:attachment":[{"href":"https:\/\/www.europesays.com\/fr\/wp-json\/wp\/v2\/media?parent=49125"}],"wp:term":[{"taxonomy":"category","embeddable":true,"href":"https:\/\/www.europesays.com\/fr\/wp-json\/wp\/v2\/categories?post=49125"},{"taxonomy":"post_tag","embeddable":true,"href":"https:\/\/www.europesays.com\/fr\/wp-json\/wp\/v2\/tags?post=49125"}],"curies":[{"name":"wp","href":"https:\/\/api.w.org\/{rel}","templated":true}]}}