{"id":491257,"date":"2025-10-26T13:46:11","date_gmt":"2025-10-26T13:46:11","guid":{"rendered":"https:\/\/www.europesays.com\/fr\/491257\/"},"modified":"2025-10-26T13:46:11","modified_gmt":"2025-10-26T13:46:11","slug":"valentin-royer-elimine-par-sebastian-korda-aucun-francais-na-reussi-a-sextirper-des-qualifications-du-rolex-paris-masters-lequipe","status":"publish","type":"post","link":"https:\/\/www.europesays.com\/fr\/491257\/","title":{"rendered":"Valentin Royer \u00e9limin\u00e9 par Sebastian Korda, aucun Fran\u00e7ais n&#039;a r\u00e9ussi \u00e0 s&#039;extirper des qualifications du Rolex Paris Masters &#8211; L&#039;\u00c9quipe"},"content":{"rendered":"<ol>\n<li><a href=\"https:\/\/news.google.com\/rss\/articles\/CBMiggJBVV95cUxOdW5rMEU2M04td3dYY1YxYktDQlhSNTVsREdkVXJ2Smx6RzRQc2p3UkNwemZiZGo5aUNiVEs0VFpXZURmN2F2V0prZ0s5aEp3X1kxb2RBR1dkR3JlN3dscDh3TTNGY1JWazlNaG1qNS1UamJnZnFMNXAxUVZyN1dnV2xZd0xlaVRjbHQ4VVFwYUEzRENqdHl6YUtvUXkyN0g2dUJkRGkzeEw3VGZReW40TGUwMzJrM19TMTVZN211ZjF4bmZkV1dYbHA0RnhOMGhrNm90YXFRc25DMERBWDNkTy16ZlF3U0REWjljc01PVk1KbElrUGRPTXYwMHN4ekpxX3c?oc=5\" target=\"_blank\" rel=\"nofollow noopener\">Valentin Royer \u00e9limin\u00e9 par Sebastian Korda, aucun Fran\u00e7ais n&rsquo;a r\u00e9ussi \u00e0 s&rsquo;extirper des qualifications du Rolex Paris Masters<\/a>&nbsp;&nbsp;L&rsquo;\u00c9quipe<\/li>\n<li><a href=\"https:\/\/news.google.com\/rss\/articles\/CBMingFBVV95cUxNS1FvQ2M3Mm9oRlZULVFaamk5cWJpRlNyR2hGVHV5bndobngwOHE4bkV0X190UkpOcDNqdklPcVBFNjRkZ095eXNDZnJxcXk1Wlg0MmRnRDR4Y29WSlZpamNJZGd0Zk9QUEo1Qmt0VGdRYXl2Q1YzU2x3cXIweVo0QklhVHd0RWFVSEhZVG82dElPYlRPNGVlNUhKTzBtZw?oc=5\" target=\"_blank\" rel=\"nofollow noopener\">Qualifications &#8211; 2eme tour : Korda &#8211; Royer en replay &#8211; Rolex Paris Masters<\/a>&nbsp;&nbsp;France TV<\/li>\n<li><a href=\"https:\/\/news.google.com\/rss\/articles\/CBMi3gFBVV95cUxOMUJFSl9ITTc5amdsZDZPZXhSUUE4WkUwUjVFZXhuc3VUX2VKU2tUZUN4UXFUR0owZ0Fta2d4SDk5akFJblFiZk8zeUN3UGFYeUtYN1BuVkRjNzZxUDBVc0N5NDVuZTA5LUw2NnFKTjh5bks5ZGZVbjFLa2ktOVJmZkU5OUEwMmY0TGY3TzVxQ1psN1JHSVVTSXdpQXpTVTBTblRWbHpaX0dBTUg2OE5vRGRoVUJIYVl1aXZVUXQ5UzA0OHJPdTExVmFYTjFtQV9GUU9ZRVBSZ2k0N0hhTFHSAdwBQVVfeXFMUGkxMUxrWHdsNUlDWnB6VWVab0ZEV0pQYllsVmZmdHEteTduV3djRFpHNjV1UlRnYnNhUWgwQlJrZWRtUmRDMlVwaUQtNjN4WVVGQ2hoME8wVWY0aGN3eUViYlFDT2pzclhEQTFkTlBYOHBUV2VkMk5fc3UxYUVfSklTLTk3OHN3T2lBVjlhbWxTTHNNRmhSazRfZ1RTNVpBbTh5QWhxQUI2ZFYzQklka0hsVjB4Q1EtNGZQbEUxZXhxbjlGOFZOX1BsTW5vR0MzaURXYXpyY3ZBT19lXw?oc=5\" target=\"_blank\" rel=\"nofollow noopener\">ATP &#8211; Rolex Paris Masters : Alcaraz \u00ab aime ce nouvel endroit, c&rsquo;est impressionnant \u00bb : Sports &#8211; Orange<\/a>&nbsp;&nbsp;Sports &#8211; Orange<\/li>\n<li><a href=\"https:\/\/news.google.com\/rss\/articles\/CBMixAFBVV95cUxNeW10eWVORG5KeUp0NmtOOEswX0hvSDdGaGNVTGZscWVDaTB1T1V1bEtISTlUaTk5ZFQzVkpVNzkwb041QnI2Q0w2QXVGZHcwMmx0elE0SWExT0tKSFhjWHVHWGJiYUUyVlVvM2FtNUZPMGVzdEE0dmtCLVBqVWEweFQ3di1NdFA0S0FvUFFMOHJGdldHZXVWV2ZObHVoSjZYM1U0cUd5TEpIdExkd296WG1GbmswS2p1Q0llSGFwTldIbDh2?oc=5\" target=\"_blank\" rel=\"nofollow noopener\">Rolex Paris Masters : Valentin Vacherot veut garder son \u00ab\u0153il d&rsquo;enfant\u00bb<\/a>&nbsp;&nbsp;Le Figaro<\/li>\n<li><a href=\"https:\/\/news.google.com\/rss\/articles\/CBMi_gFBVV95cUxQZC0zUEFMYU9mUThFNTFyMy1tQmJSTlVtVURMR2E4SXY1OXB6ZkFwOUd4WjNVcG5IdEEzYWFCQVRjanFSSGFUSTVqQl9qRjNUWWhwWmxuTFpBOTd2bUhwMVZqMDN5OWI1NkFZb1BoVzBxWHp1OGdGd1JuSkFkNlpGaTZIXzlaS0x5MHFmcTBTbE41dTI3Nm16ajNWd1RBT0QzeDlyX1BvTHZqWTFQMEFEODlrc1d2ZmtzSXNKRWp3MkpUWlVrU003WVp2LWZ1ZVZ0TEVRT1N0U0pEbXk3TWlJanJlaThjOGJSbTQ2eTV6am05NlI0MUpJWTJYa1hxZw?oc=5\" target=\"_blank\" rel=\"nofollow noopener\">Valentin Royer battu par Sebastian Korda, 0 sur 7 pour les Fran\u00e7ais en qualifications<\/a>&nbsp;&nbsp;Eurosport<\/li>\n<\/ol>\n","protected":false},"excerpt":{"rendered":"Valentin Royer \u00e9limin\u00e9 par Sebastian Korda, aucun Fran\u00e7ais n&rsquo;a r\u00e9ussi \u00e0 s&rsquo;extirper des qualifications du Rolex Paris Masters&nbsp;&nbsp;L&rsquo;\u00c9quipe&hellip;\n","protected":false},"author":2,"featured_media":491258,"comment_status":"","ping_status":"","sticky":false,"template":"","format":"standard","meta":{"footnotes":""},"categories":[1415],"tags":[1011,27,60,1467],"class_list":{"0":"post-491257","1":"post","2":"type-post","3":"status-publish","4":"format-standard","5":"has-post-thumbnail","7":"category-tennis","8":"tag-fr","9":"tag-france","10":"tag-sports","11":"tag-tennis"},"share_on_mastodon":{"url":"https:\/\/pubeurope.com\/@fr\/115440778118826067","error":""},"_links":{"self":[{"href":"https:\/\/www.europesays.com\/fr\/wp-json\/wp\/v2\/posts\/491257","targetHints":{"allow":["GET"]}}],"collection":[{"href":"https:\/\/www.europesays.com\/fr\/wp-json\/wp\/v2\/posts"}],"about":[{"href":"https:\/\/www.europesays.com\/fr\/wp-json\/wp\/v2\/types\/post"}],"author":[{"embeddable":true,"href":"https:\/\/www.europesays.com\/fr\/wp-json\/wp\/v2\/users\/2"}],"replies":[{"embeddable":true,"href":"https:\/\/www.europesays.com\/fr\/wp-json\/wp\/v2\/comments?post=491257"}],"version-history":[{"count":0,"href":"https:\/\/www.europesays.com\/fr\/wp-json\/wp\/v2\/posts\/491257\/revisions"}],"wp:featuredmedia":[{"embeddable":true,"href":"https:\/\/www.europesays.com\/fr\/wp-json\/wp\/v2\/media\/491258"}],"wp:attachment":[{"href":"https:\/\/www.europesays.com\/fr\/wp-json\/wp\/v2\/media?parent=491257"}],"wp:term":[{"taxonomy":"category","embeddable":true,"href":"https:\/\/www.europesays.com\/fr\/wp-json\/wp\/v2\/categories?post=491257"},{"taxonomy":"post_tag","embeddable":true,"href":"https:\/\/www.europesays.com\/fr\/wp-json\/wp\/v2\/tags?post=491257"}],"curies":[{"name":"wp","href":"https:\/\/api.w.org\/{rel}","templated":true}]}}