{"id":491259,"date":"2025-10-26T13:50:11","date_gmt":"2025-10-26T13:50:11","guid":{"rendered":"https:\/\/www.europesays.com\/fr\/491259\/"},"modified":"2025-10-26T13:50:11","modified_gmt":"2025-10-26T13:50:11","slug":"caliste-chainel-jessaie-de-lacher-la-play-actualite","status":"publish","type":"post","link":"https:\/\/www.europesays.com\/fr\/491259\/","title":{"rendered":"Caliste Chainel : \u00ab J&rsquo;essaie de l\u00e2cher la Play \u00bb &#8211; Actualit\u00e9"},"content":{"rendered":"<p style=\"text-align: justify;\">\u00ab\u00a0Premier podium de ma vie en Coupe de France !\u00a0\u00bb. Pas besoin de d\u00e9crire la joie de Caliste Chainel apr\u00e8s la ligne d&rsquo;arriv\u00e9e de <a href=\"https:\/\/www.directvelo.com\/actualite\/124931\/cc-coupe-de-france-albi-u19-hommes-2-soren-bruyere-joumard-1er\" target=\"_blank\" rel=\"noopener\"><strong>la 2e manche de la Coupe de France de cyclo-cross \u00e0 Albi<\/strong><\/a>, ce dimanche midi. \u00ab\u00a0Le dimanche, c&rsquo;est toujours mon jour\u00a0\u00bb, indique-t-il \u00e0 DirectVelo. En effet, son week-end de Coupe de France avait mal commenc\u00e9 samedi. \u00ab\u00a0J&rsquo;\u00e9tais dans la roue de Paul Goux, qui finit 3e, quand je casse ma p\u00e9dale sous ma chaussure. J&rsquo;ai fait deux tours sans pouvoir clipser. J&rsquo;ai perdu des places et je me suis arr\u00eat\u00e9 au poste pour changer de chaussures\u00a0\u00bb, raconte-t-il. L&rsquo;\u00e9lan \u00e9tait cass\u00e9 et il termine 11e, \u00ab\u00a0tr\u00e8s d\u00e9\u00e7u\u00a0\u00bb.<\/p>\n<p>Alors ce dimanche midi, le coureur du Club Cycliste a pris le mors aux dents d\u00e8s le feu vert allum\u00e9. \u00ab\u00a0J&rsquo;ai fait un gros d\u00e9part. J&rsquo;\u00e9tais \u00e0 Lucas Bulteau (VC Essartais) et Joseph Raffo (US Colomiers) au premier tour. Je n&rsquo;aime pas trop frotter alors j&rsquo;ai essay\u00e9 de vite me tirer de l\u00e0, ce qui m&rsquo;a mis dans le dur\u00a0\u00bb. Dans le troisi\u00e8me tour, <a href=\"https:\/\/www.directvelo.com\/epreuve\/48623\/cyclo-cross-de-schneisingen-juniors-2025\" target=\"_blank\" rel=\"noopener\"><strong>le 5e du Cyclo-cross de Schneisingen<\/strong><\/a> en Coupe de Suisse, voit le retour de Victor Devos (Flandre Elite Cyclisme). \u00ab\u00a0Il m&rsquo;a fait tr\u00e8s mal, on a fait toute la course ensemble\u00a0\u00bb. Mais les derni\u00e8res minutes commencent \u00e0 lui peser dans les jambes. \u00ab\u00a0Je commen\u00e7ais \u00e0 cramper. Ce n&rsquo;est que le d\u00e9but de saison, les fins de course sont dures. Il m&rsquo;a fait p\u00e9ter\u00a0\u00bb. Le coureur de 17 ans doit encore r\u00e9sister au retour de Pierre Le Bourhis (VC Pays de Loud\u00e9ac). \u00ab\u00a0J&rsquo;ai tout mis avant la ligne droite de route parce que je savais qu&rsquo;en cas de sprint, avec les crampes, j&rsquo;\u00e9tais battu. J&rsquo;ai pass\u00e9 les escaliers \u00e0 fond et je suis tr\u00e8s content. \u00c7a commence la saison tr\u00e8s bien en tout cas\u00a0\u00bb, savoure le 3e de cette deuxi\u00e8me manche.\u00a0<\/p>\n<p><strong>OBJECTIF \u00c9QUIPE DE FRANCE<\/strong><\/p>\n<p>Pour bien d\u00e9marrer cette saison, Caliste Chainel se fait violence. \u00ab\u00a0Apr\u00e8s ma saison de VTT,\u00a0 \u00e7a a \u00e9t\u00e9 dur de reprendre le v\u00e9lo. J&rsquo;essaye de l\u00e2cher la Play et de me mettre vraiment minable \u00e0 l&rsquo;entra\u00eenement pour pouvoir continuer \u00e0 progresser avec la saison qui est encore longue. C&rsquo;est tentant de se poser et de jouer \u00e0 la console en rentrant des cours, mais heureusement, j&rsquo;ai les entra\u00eenements\u00a0\u00bb. Et il est soutenu. \u00ab\u00a0Mon beau-p\u00e8re Niels Brouze, mon entra\u00eeneur, et ma m\u00e8re Lucie Lef\u00e8vre sont \u00e0 fond derri\u00e8re moi et c&rsquo;est \u00e7a qui me pousse vraiment. Sans eux, je n&rsquo;arriverais jamais \u00e0 m&rsquo;entra\u00eener et \u00e0 progresser autant. C&rsquo;est vraiment gr\u00e2ce \u00e0 eux aussi\u00a0\u00bb.<\/p>\n<p>Le Lorrain veut poursuivre sa progression avec un objectif en bleu. \u00ab\u00a0\u00c7a serait un objectif d&rsquo;aller en \u00e9quipe de France, porter un jour le maillot de l&rsquo;\u00e9quipe de France comme ma m\u00e8re\u00a0\u00bb, esp\u00e8re-t-il. Sans oublier de s&rsquo;amuser, sur le v\u00e9lo, avec ses copains. \u00ab\u00a0Notamment Maxime Brisson qui fait 2e en Cadets et Julien Griesbaecher. \u00c7a me motive d&rsquo;\u00eatre avec eux, \u00e7a me donne le sourire. Et c&rsquo;est \u00e7a qui me fait plaisir aussi quand je viens aux Coupes de France\u00a0\u00bb. Prochaines retrouvailles \u00e0 Quelneuc pour la suite de la Coupe de France.<\/p>\n","protected":false},"excerpt":{"rendered":"\u00ab\u00a0Premier podium de ma vie en Coupe de France !\u00a0\u00bb. Pas besoin de d\u00e9crire la joie de Caliste&hellip;\n","protected":false},"author":2,"featured_media":491260,"comment_status":"","ping_status":"","sticky":false,"template":"","format":"standard","meta":{"footnotes":""},"categories":[1411],"tags":[834,828,836,829,837,827,83,826,824,823,1154,207,814,817,815,816,822,821,832,211,839,1011,27,820,818,819,835,831,830,833,838,60,212,208,825],"class_list":{"0":"post-491259","1":"post","2":"type-post","3":"status-publish","4":"format-standard","5":"has-post-thumbnail","7":"category-cyclisme","8":"tag-attaque","9":"tag-belgique","10":"tag-braquet","11":"tag-bretagne","12":"tag-chute","13":"tag-competition","14":"tag-coupe-de-france","15":"tag-coureur","16":"tag-course-cyclisme","17":"tag-course-cycliste","18":"tag-cycling","19":"tag-cyclisme","20":"tag-direct","21":"tag-direct-velo","22":"tag-directvelo","23":"tag-directvelo-com","24":"tag-epreuve","25":"tag-epreuve-cycliste","26":"tag-federation-francaise-de-cyclisme","27":"tag-ffc","28":"tag-flandres","29":"tag-fr","30":"tag-france","31":"tag-live","32":"tag-live-course","33":"tag-live-epreuve","34":"tag-peloton","35":"tag-radio-peloton","36":"tag-radio-tour","37":"tag-ravitaillement","38":"tag-relance","39":"tag-sports","40":"tag-uci","41":"tag-velo","42":"tag-velos"},"share_on_mastodon":{"url":"https:\/\/pubeurope.com\/@fr\/115440793991776483","error":""},"_links":{"self":[{"href":"https:\/\/www.europesays.com\/fr\/wp-json\/wp\/v2\/posts\/491259","targetHints":{"allow":["GET"]}}],"collection":[{"href":"https:\/\/www.europesays.com\/fr\/wp-json\/wp\/v2\/posts"}],"about":[{"href":"https:\/\/www.europesays.com\/fr\/wp-json\/wp\/v2\/types\/post"}],"author":[{"embeddable":true,"href":"https:\/\/www.europesays.com\/fr\/wp-json\/wp\/v2\/users\/2"}],"replies":[{"embeddable":true,"href":"https:\/\/www.europesays.com\/fr\/wp-json\/wp\/v2\/comments?post=491259"}],"version-history":[{"count":0,"href":"https:\/\/www.europesays.com\/fr\/wp-json\/wp\/v2\/posts\/491259\/revisions"}],"wp:featuredmedia":[{"embeddable":true,"href":"https:\/\/www.europesays.com\/fr\/wp-json\/wp\/v2\/media\/491260"}],"wp:attachment":[{"href":"https:\/\/www.europesays.com\/fr\/wp-json\/wp\/v2\/media?parent=491259"}],"wp:term":[{"taxonomy":"category","embeddable":true,"href":"https:\/\/www.europesays.com\/fr\/wp-json\/wp\/v2\/categories?post=491259"},{"taxonomy":"post_tag","embeddable":true,"href":"https:\/\/www.europesays.com\/fr\/wp-json\/wp\/v2\/tags?post=491259"}],"curies":[{"name":"wp","href":"https:\/\/api.w.org\/{rel}","templated":true}]}}