{"id":491263,"date":"2025-10-26T13:52:14","date_gmt":"2025-10-26T13:52:14","guid":{"rendered":"https:\/\/www.europesays.com\/fr\/491263\/"},"modified":"2025-10-26T13:52:14","modified_gmt":"2025-10-26T13:52:14","slug":"george-clooney-annonce-quil-integre-le-casting-du-film-dix-pour-cent","status":"publish","type":"post","link":"https:\/\/www.europesays.com\/fr\/491263\/","title":{"rendered":"George Clooney annonce qu\u2019il int\u00e8gre le casting du film Dix pour cent"},"content":{"rendered":"<p>                                    <img decoding=\"async\" src=\"https:\/\/www.europesays.com\/fr\/wp-content\/uploads\/2025\/10\/de7428578e359a6c9cfc17f0d5590955d63ed2a99670bfc25337cb4b1a8da78e.jpg\" alt=\"\u00abC\u2019\u00e9tait moi\u00a0!\u00bb\u00a0: George Clooney r\u00e9agit au braquage du Louvre\" class=\"a11y-hidden\" fetchpriority=\"high\"\/><\/p>\n<p>\n    Alors que le film Dix pour cent, pr\u00e9vu pour 2026, est en pr\u00e9paration, George Clooney a r\u00e9v\u00e9l\u00e9 qu\u2019il devrait appara\u00eetre dans le long-m\u00e9trage r\u00e9alis\u00e9 par \u00c9milie Noblet et \u00e9crit par Fanny Herrero.<\/p>\n<p class=\"fig-paragraph\">Alors qu\u2019il est en pleine promotion du film Jay Kelly, r\u00e9alis\u00e9 par Noah Baumbach et disponible sur Netflix le 5 d\u00e9cembre prochain,\u00a0<a href=\"https:\/\/madame.lefigaro.fr\/tag\/george-clooney\" target=\"_blank\" data-fig-type=\"Keyword\" rel=\"sponsored noopener\" data-gtm-custom-categorie=\"navigation\" data-gtm-custom-action=\"crossclick\" data-gtm-custom-label=\"Contextuel\" data-gtm-event=\"customEventSPE\" data-fig-domain=\"MADAME\">George Clooney<\/a>\u00a0pourrait faire un passage en France. Comme l\u2019a r\u00e9v\u00e9l\u00e9 l\u2019acteur au\u00a0<a href=\"https:\/\/www.leparisien.fr\/culture-loisirs\/cinema\/george-clooney-je-vais-jouer-dans-le-film-dix-pour-cent-et-jarrive-a-paris-pour-le-tournage-25-10-2025-4OSGJURQQVCK5K2A45P5NDEISI.php\" target=\"_blank\" rel=\"sponsored noopener\" data-gtm-custom-categorie=\"navigation\" data-gtm-custom-action=\"crossclick\" data-gtm-custom-label=\"Contextuel\" data-gtm-event=\"customEventSPE\">Parisien,<\/a> \u00a0lors de l\u2019avant-premi\u00e8re de Jay Kelly \u00e0 Los Angeles, il devrait passer quelques jours \u00e0 Paris pour un tournage tr\u00e8s sp\u00e9cial. \u00abPuisque vous \u00eates Fran\u00e7ais, je vais vous dire que je pars pour Paris o\u00f9 je serai la semaine prochaine pour participer au tournage du film Dix pour cent. Je n\u2019ai pas h\u00e9sit\u00e9 une seconde\u00bb, a confi\u00e9 l\u2019\u00e9poux d\u2019Amal Clooney au quotidien fran\u00e7ais.\u00a0<a href=\"http:\/\/madame.lefigaro.fr\/celebrites\/actu-people\/fanny-herrero-creatrice-de-drole-et-dix-pour-cent-souvent-dans-ma-carriere-une-serie-arrive-en-reaction-a-une-autre-20220404\" data-fig-type=\"Article\" data-gtm-custom-categorie=\"navigation\" data-gtm-custom-action=\"crossclick\" data-gtm-custom-label=\"Contextuel\" data-gtm-event=\"customEventSPE\" data-fig-domain=\"MADAME\" target=\"_blank\" rel=\"noopener\">C\u00e9l\u00e8bre s\u00e9rie fran\u00e7aise<\/a>\u00a0imagin\u00e9e par Dominique Besnehard et Fanny Herrero, diffus\u00e9e d\u2019abord sur France 2 en 2015, puis sur Netflix en 2020, elle a ensuite \u00e9t\u00e9 adapt\u00e9e aux \u00c9tats-Unis sous le nom Call my agent, et a connu \u00e9galement un franc succ\u00e8s. Rien d\u2019\u00e9tonnant au fait que George Clooney, qui a d\u00e9laiss\u00e9 sa vie hollywoodienne pour le charme de la campagne fran\u00e7aise depuis 2021, a tout de suite accept\u00e9 le r\u00f4le.<\/p>\n<p class=\"fig-body-link&#10;    \">\n            \u00c0 lire aussi<br \/>\n        <a class=\"fig-body-link__link\" href=\"http:\/\/madame.lefigaro.fr\/celebrites\/actu-people\/tout-le-monde-se-faisait-des-lignes-george-clooney-raconte-sans-detour-son-passe-sous-cocaine-20251007\" data-fig-type=\"Article\" data-gtm-custom-categorie=\"navigation\" data-gtm-custom-action=\"crossclick\" data-gtm-custom-label=\"Contextuel\" data-gtm-event=\"customEventSPE\" data-fig-domain=\"MADAME\" target=\"_blank\" rel=\"noopener\"><br \/>\n        \u00abTout le monde se faisait des rails\u00bb\u00a0: George Clooney raconte sans d\u00e9tour son pass\u00e9 sous coca\u00efne<\/a>\n<\/p>\n<p>La France dans les veines<\/p>\n<p class=\"fig-paragraph\">Depuis le d\u00e9but de la promotion de Jay Kelly, la France semble manquer \u00e0 l\u2019acteur.\u00a0<a href=\"http:\/\/madame.lefigaro.fr\/celebrites\/actu-people\/j-avais-peur-d-elever-nos-enfants-a-los-angeles-george-clooney-evoque-sa-vie-de-famille-dans-sa-ferme-de-brignoles-20251008\" data-fig-type=\"Article\" data-gtm-custom-categorie=\"navigation\" data-gtm-custom-action=\"crossclick\" data-gtm-custom-label=\"Contextuel\" data-gtm-event=\"customEventSPE\" data-fig-domain=\"MADAME\" target=\"_blank\" rel=\"noopener\">George Clooney poss\u00e8de un domaine viticole \u00e0 Brignolles dans le Var,\u00a0<\/a>o\u00f9 il vit avec sa femme Amal et leurs deux enfants, Ella et Alexander (8 ans). Devant les journalistes, George Clooney n\u2019h\u00e9site pas \u00e0 faire r\u00e9guli\u00e8rement r\u00e9f\u00e9rence \u00e0 ce pays qu\u2019il aime tant. Mais suit aussi de pr\u00e8s son actualit\u00e9. Jeudi 23 octobre, lors de l\u2019American Film Institue Festival, un journaliste d\u2019Entertainment Tonight a \u00e9voqu\u00e9, face \u00e0 lui,\u00a0<a href=\"http:\/\/madame.lefigaro.fr\/bijoux-et-montres\/la-terrible-histoire-du-regent-ce-diamant-maudit-epargne-lors-du-braquage-du-louvre-20251021\" data-fig-type=\"Article\" data-gtm-custom-categorie=\"navigation\" data-gtm-custom-action=\"crossclick\" data-gtm-custom-label=\"Contextuel\" data-gtm-event=\"customEventSPE\" data-fig-domain=\"MADAME\" target=\"_blank\" rel=\"noopener\">le braquage du mus\u00e9e du Louvre<\/a>, survenu quelques jours plus t\u00f4t.<\/p>\n<p>                                    <a class=\"fig-a11y-skip a11y-hidden\" href=\"#fig-a11y-skip-main-inarticle\"><br \/>\n        Passer la publicit\u00e9<br \/>\n    <\/a><\/p>\n<p class=\"fig-paragraph\">\u00abOui, c\u2019\u00e9tait moi\u00a0!\u00bb,\u00a0<a href=\"http:\/\/madame.lefigaro.fr\/celebrites\/actu-people\/c-etait-moi-george-clooney-reagit-au-braquage-du-louvre-20251024\" data-fig-type=\"Article\" data-gtm-custom-categorie=\"navigation\" data-gtm-custom-action=\"crossclick\" data-gtm-custom-label=\"Contextuel\" data-gtm-event=\"customEventSPE\" data-fig-domain=\"MADAME\" target=\"_blank\" rel=\"noopener\">a tout de suite plaisant\u00e9 l\u2019acteur,<\/a>\u00a0faisant s\u00fbrement r\u00e9f\u00e9rence \u00e0 son r\u00f4le dans Ocean\u2019s Twelve, sortie en 2004, dans lequel une bande de gentlemen cambrioleurs &#8211; men\u00e9e par Brad Pitt et George Clooney &#8211; tente de s\u2019introduire dans un mus\u00e9e parisien pour y subtiliser des \u0153uvres d\u2019art. \u00c0 l\u2019\u00e9poque, le Louvre avait d\u2019ailleurs refus\u00e9 toute autorisation de tournage. \u00abJ\u2019ai \u00e9t\u00e9 choqu\u00e9 que \u00e7a se passe comme \u00e7a en pleine journ\u00e9e. C\u2019est fou\u00a0! Mais vous savez, je suppose que chaque lieu finit un jour par se faire cambrioler\u00bb, a r\u00e9agi l\u2019\u00e9poux d\u2019Amal Clooney.<\/p>\n","protected":false},"excerpt":{"rendered":"Alors que le film Dix pour cent, pr\u00e9vu pour 2026, est en pr\u00e9paration, George Clooney a r\u00e9v\u00e9l\u00e9 qu\u2019il&hellip;\n","protected":false},"author":2,"featured_media":491264,"comment_status":"","ping_status":"","sticky":false,"template":"","format":"standard","meta":{"footnotes":""},"categories":[1359],"tags":[253,58,59,2081,1011,27,6054,973],"class_list":{"0":"post-491263","1":"post","2":"type-post","3":"status-publish","4":"format-standard","5":"has-post-thumbnail","7":"category-people","8":"tag-acteur","9":"tag-divertissement","10":"tag-entertainment","11":"tag-film","12":"tag-fr","13":"tag-france","14":"tag-george-clooney","15":"tag-people"},"share_on_mastodon":{"url":"https:\/\/pubeurope.com\/@fr\/115440802559162507","error":""},"_links":{"self":[{"href":"https:\/\/www.europesays.com\/fr\/wp-json\/wp\/v2\/posts\/491263","targetHints":{"allow":["GET"]}}],"collection":[{"href":"https:\/\/www.europesays.com\/fr\/wp-json\/wp\/v2\/posts"}],"about":[{"href":"https:\/\/www.europesays.com\/fr\/wp-json\/wp\/v2\/types\/post"}],"author":[{"embeddable":true,"href":"https:\/\/www.europesays.com\/fr\/wp-json\/wp\/v2\/users\/2"}],"replies":[{"embeddable":true,"href":"https:\/\/www.europesays.com\/fr\/wp-json\/wp\/v2\/comments?post=491263"}],"version-history":[{"count":0,"href":"https:\/\/www.europesays.com\/fr\/wp-json\/wp\/v2\/posts\/491263\/revisions"}],"wp:featuredmedia":[{"embeddable":true,"href":"https:\/\/www.europesays.com\/fr\/wp-json\/wp\/v2\/media\/491264"}],"wp:attachment":[{"href":"https:\/\/www.europesays.com\/fr\/wp-json\/wp\/v2\/media?parent=491263"}],"wp:term":[{"taxonomy":"category","embeddable":true,"href":"https:\/\/www.europesays.com\/fr\/wp-json\/wp\/v2\/categories?post=491263"},{"taxonomy":"post_tag","embeddable":true,"href":"https:\/\/www.europesays.com\/fr\/wp-json\/wp\/v2\/tags?post=491263"}],"curies":[{"name":"wp","href":"https:\/\/api.w.org\/{rel}","templated":true}]}}