{"id":491265,"date":"2025-10-26T13:53:10","date_gmt":"2025-10-26T13:53:10","guid":{"rendered":"https:\/\/www.europesays.com\/fr\/491265\/"},"modified":"2025-10-26T13:53:10","modified_gmt":"2025-10-26T13:53:10","slug":"quand-le-musee-marmottan-expose-les-plus-beaux-dormeurs-de-lart","status":"publish","type":"post","link":"https:\/\/www.europesays.com\/fr\/491265\/","title":{"rendered":"quand le Mus\u00e9e Marmottan expose les plus beaux dormeurs de l\u2019art"},"content":{"rendered":"<p>\n    <strong>EXPOSITION &#8211; <\/strong>D\u00fcrer, Delacroix, Balthus\u2026 La neurologue Laura Bossi r\u00e9unit \u00e0 Paris de fascinantes repr\u00e9sentations artistiques du sommeil. Du doux songe \u00e0 l\u2019hallucination cauchemardesque, de l\u2019endormi \u00e0 l\u2019insomniaque\u00a0: un parcours parfaitement onirique.<\/p>\n<p class=\"fig-paragraph\">La peinture et la sculpture nous invitent \u00e0 ouvrir les yeux. Sur le monde. Mais aussi sur le sommeil, ce moment o\u00f9, pourtant, nos paupi\u00e8res sont closes. \u00c0 Paris, au Mus\u00e9e Marmottan Monet, la neurologue et historienne des sciences Laura Bossi s\u2019est int\u00e9ress\u00e9e \u00e0 ce paradoxe. Aboutissant \u00e0 une exposition aussi belle qu\u2019originale, qui brasse toutes les \u00e9coles et les si\u00e8cles, et qui a trait moins aux cr\u00e9ations inspir\u00e9es par nos r\u00eaves qu\u2019aux repr\u00e9sentations artistiques du sommeil. Avant de d\u00e9couvrir sa s\u00e9lection de quelque cent trente all\u00e9gories, sc\u00e8nes de repos ou nuit agit\u00e9es, \u0153uvres c\u00e9l\u00e8bres ou pas, on pense bien s\u00fbr \u00e0 Sigmund Freud, \u00e0 son essai L\u2019Interpr\u00e9tation des r\u00eaves, paru en 1900. Et aux surr\u00e9alistes, qui, ouvertement, ont pouss\u00e9 l\u2019exploration des innombrables arcanes du d\u00e9sir inconscient.<\/p>\n<p class=\"fig-paragraph\">Mais la commissaire, sans l\u2019ignorer, a choisi une autre voie que ce sentier rebattu. Elle a construit son parcours en fonction des diff\u00e9rents \u00e9tats du sommeil, elle et ses coll\u00e8gues rappelant que celui-ci\u2026<\/p>\n<p class=\"fig-premium-paywall__infos\">\n        Cet article est r\u00e9serv\u00e9 aux abonn\u00e9s.        Il vous reste 87% \u00e0 d\u00e9couvrir.\n    <\/p>\n<p>                <img  data- alt=\"Le Figaro\" class=\"fig-img--complete fig-img\"\/><\/p>\n<p class=\"fig-premium-paywall__title\">Vous avez envie de lire la suite ?<\/p>\n<p class=\"fig-premium-paywall__subtitle\">D\u00e9bloquez tous les articles imm\u00e9diatement.<\/p>\n<p class=\"fig-premium-paywall__connect\">\n                D\u00e9j\u00e0 abonn\u00e9\u00a0?                <a class=\"fig-premium-paywall__connect-link\" href=\"https:\/\/connect.lefigaro.fr\/login?client=horizon_web&amp;type=main&amp;redirect_uri=https%3A%2F%2Fwww.lefigaro.fr%2Farts-expositions%2Fpeindre-le-sommeil-c-est-peindre-l-intime-quand-le-musee-marmottan-expose-les-plus-beaux-dormeurs-de-l-art-20251026\" data-js-gtm=\"{&quot;customCategorie&quot;: &quot;conversion&quot;, &quot;customAction&quot;: &quot;before_Landing_Connexion_paywall_auto&quot;, &quot;customLabel&quot;: &quot;bGVmaWdhcm8uZnJfXzFmMGFlNTRkLTM5NTktNjMyYy05OTViLTAzNTc4NTNkODFmNF9fQXJ0aWNsZQ==_\u00abPeindre le sommeil, c\u2019est peindre l\u2019intime\u00bb\u00a0: quand le Mus\u00e9e Marmottan expose les plus beaux dormeurs de l\u2019art_197&quot;, &quot;customIDSPE&quot;: &quot;bGVmaWdhcm8uZnJfXzFmMGFlNTRkLTM5NTktNjMyYy05OTViLTAzNTc4NTNkODFmNF9fQXJ0aWNsZQ==&quot;, &quot;event&quot;: &quot;customEventSPE&quot;}\" rel=\"nofollow noopener\" target=\"_blank\"><br \/>\n                    Connectez-vous<br \/>\n                <\/a>\n            <\/p>\n","protected":false},"excerpt":{"rendered":"EXPOSITION &#8211; D\u00fcrer, Delacroix, Balthus\u2026 La neurologue Laura Bossi r\u00e9unit \u00e0 Paris de fascinantes repr\u00e9sentations artistiques du sommeil.&hellip;\n","protected":false},"author":2,"featured_media":491266,"comment_status":"","ping_status":"","sticky":false,"template":"","format":"standard","meta":{"footnotes":""},"categories":[1358],"tags":[3734,1348,1384,1385,1386,58,59,3293,1011,27],"class_list":{"0":"post-491265","1":"post","2":"type-post","3":"status-publish","4":"format-standard","5":"has-post-thumbnail","7":"category-arts-et-design","8":"tag-art","9":"tag-arts","10":"tag-arts-and-design","11":"tag-arts-et-design","12":"tag-design","13":"tag-divertissement","14":"tag-entertainment","15":"tag-exposition","16":"tag-fr","17":"tag-france"},"share_on_mastodon":{"url":"https:\/\/pubeurope.com\/@fr\/115440805683769653","error":""},"_links":{"self":[{"href":"https:\/\/www.europesays.com\/fr\/wp-json\/wp\/v2\/posts\/491265","targetHints":{"allow":["GET"]}}],"collection":[{"href":"https:\/\/www.europesays.com\/fr\/wp-json\/wp\/v2\/posts"}],"about":[{"href":"https:\/\/www.europesays.com\/fr\/wp-json\/wp\/v2\/types\/post"}],"author":[{"embeddable":true,"href":"https:\/\/www.europesays.com\/fr\/wp-json\/wp\/v2\/users\/2"}],"replies":[{"embeddable":true,"href":"https:\/\/www.europesays.com\/fr\/wp-json\/wp\/v2\/comments?post=491265"}],"version-history":[{"count":0,"href":"https:\/\/www.europesays.com\/fr\/wp-json\/wp\/v2\/posts\/491265\/revisions"}],"wp:featuredmedia":[{"embeddable":true,"href":"https:\/\/www.europesays.com\/fr\/wp-json\/wp\/v2\/media\/491266"}],"wp:attachment":[{"href":"https:\/\/www.europesays.com\/fr\/wp-json\/wp\/v2\/media?parent=491265"}],"wp:term":[{"taxonomy":"category","embeddable":true,"href":"https:\/\/www.europesays.com\/fr\/wp-json\/wp\/v2\/categories?post=491265"},{"taxonomy":"post_tag","embeddable":true,"href":"https:\/\/www.europesays.com\/fr\/wp-json\/wp\/v2\/tags?post=491265"}],"curies":[{"name":"wp","href":"https:\/\/api.w.org\/{rel}","templated":true}]}}