{"id":491270,"date":"2025-10-26T13:57:28","date_gmt":"2025-10-26T13:57:28","guid":{"rendered":"https:\/\/www.europesays.com\/fr\/491270\/"},"modified":"2025-10-26T13:57:28","modified_gmt":"2025-10-26T13:57:28","slug":"cest-quoi-cette-embrouille-autour-du-film-sacre-coeur-deprogrammer-puis-reprogrammer","status":"publish","type":"post","link":"https:\/\/www.europesays.com\/fr\/491270\/","title":{"rendered":"C\u2019est quoi cette embrouille autour du film \u00ab Sacr\u00e9-coeur \u00bb, d\u00e9programmer puis reprogrammer ?"},"content":{"rendered":"<p class=\"mb-4 text-lg md:leading-8 break-words\"><strong>Tribunal &#8211; La diffusion de \u00ab Sacr\u00e9-coeur \u00bb, docu-fiction sous forme d\u2019ode \u00e0 la foi chr\u00e9tienne et \u00e0 la figure du Christ, avait \u00e9t\u00e9 d\u00e9programm\u00e9e du cin\u00e9ma municipal en estimant qu\u2019il s\u2019agissait d\u2019une atteinte \u00e0 la la\u00efcit\u00e9<\/strong><\/p>\n<p class=\"mb-4 text-lg md:leading-8 break-words\">Une d\u00e9cision prise au nom de la la\u00efcit\u00e9 par le maire <a href=\"https:\/\/www.20minutes.fr\/marseille\/benoit-payan\/?at_medium=RSS%20feed&amp;at_campaign=ynews&amp;utm_source=yahoo&amp;utm_medium=rss&amp;utm_campaign=news_feed&amp;utm_content=in_article_link\" rel=\"nofollow noopener\" target=\"_blank\" data-ylk=\"slk:Beno\u00eet Payan;elm:context_link;itc:0;sec:content-canvas\" class=\"link \">Beno\u00eet Payan<\/a>, une opposition de droite qui crie au scandale, et la justice qui finit par trancher : Le tribunal administratif de <a href=\"https:\/\/www.20minutes.fr\/marseille\/?at_medium=RSS%20feed&amp;at_campaign=ynews&amp;utm_source=yahoo&amp;utm_medium=rss&amp;utm_campaign=news_feed&amp;utm_content=in_article_link\" rel=\"nofollow noopener\" target=\"_blank\" data-ylk=\"slk:Marseille;elm:context_link;itc:0;sec:content-canvas\" class=\"link \">Marseille <\/a>a ordonn\u00e9 samedi \u00e0 la municipalit\u00e9 de la ville de reprogrammer dans un <a href=\"https:\/\/www.20minutes.fr\/arts-stars\/cinema\/?at_medium=RSS%20feed&amp;at_campaign=ynews&amp;utm_source=yahoo&amp;utm_medium=rss&amp;utm_campaign=news_feed&amp;utm_content=in_article_link\" rel=\"nofollow noopener\" target=\"_blank\" data-ylk=\"slk:cin\u00e9ma;elm:context_link;itc:0;sec:content-canvas\" class=\"link \">cin\u00e9ma <\/a>municipal le film religieux \u00ab Sacr\u00e9-coeur \u00bb dont elle avait annul\u00e9 la diffusion en estimant qu\u2019il s\u2019agissait d\u2019une atteinte \u00e0 la <a href=\"https:\/\/www.20minutes.fr\/dossier\/laicite?at_medium=RSS%20feed&amp;at_campaign=ynews&amp;utm_source=yahoo&amp;utm_medium=rss&amp;utm_campaign=news_feed&amp;utm_content=in_article_link\" rel=\"nofollow noopener\" target=\"_blank\" data-ylk=\"slk:la\u00efcit\u00e9;elm:context_link;itc:0;sec:content-canvas\" class=\"link \">la\u00efcit\u00e9<\/a>.<\/p>\n<p class=\"mb-4 text-lg md:leading-8 break-words\">Ce long-m\u00e9trage, docu-fiction sous forme d\u2019ode \u00e0 la foi chr\u00e9tienne et \u00e0 la figure du Christ, est sorti d\u00e9but octobre, rassemblant depuis presque 200.000 spectateurs.<\/p>\n<p>Le tribunal saisi en r\u00e9f\u00e9r\u00e9-libert\u00e9<\/p>\n<p class=\"mb-4 text-lg md:leading-8 break-words\">Mercredi, peu avant sa projection pr\u00e9vue au ch\u00e2teau de la Buzine, \u00e9tablissement g\u00e9r\u00e9 en r\u00e9gie municipale par la ville de Marseille, la mairie dirig\u00e9e par une coalition gauche-soci\u00e9t\u00e9 civile avait d\u00e9cid\u00e9 d\u2019annuler sa diffusion en invoquant la loi de s\u00e9paration des \u00c9glises et de l\u2019Etat de 1905.<\/p>\n<p class=\"mb-4 text-lg md:leading-8 break-words\">La d\u00e9cision avait \u00e9t\u00e9 tr\u00e8s critiqu\u00e9e, \u00e0 droite notamment, et le s\u00e9nateur d\u2019extr\u00eame droite St\u00e9phane Ravier et le couple de r\u00e9alisateurs du film Sabrina et Steven J. Gunnell avaient saisi la justice via un r\u00e9f\u00e9r\u00e9-libert\u00e9 (proc\u00e9dure d\u2019urgence), d\u00e9non\u00e7ant \u00ab une censure \u00bb.<\/p>\n<p class=\"mb-4 text-lg md:leading-8 break-words\">Le juge leur a donn\u00e9 raison dans une ordonnance de six pages, rappelant qu\u2019outre le ch\u00e2teau de la Buzine, o\u00f9 le film \u00e9tait programm\u00e9 mercredi mais aussi les 25 et 28 octobre, celui-ci n\u2019est diffus\u00e9 quotidiennement que dans une salle de cin\u00e9ma de Marseille. En \u00ab restreignant ainsi sa diffusion \u00bb, cette d\u00e9programmation aurait \u00ab(&#8230;)<\/p>\n<p class=\"mb-4 text-lg md:leading-8 break-words\"><a href=\"https:\/\/www.20minutes.fr\/justice\/4181606-20251026-marseille-quoi-embrouille-autour-film-sacre-coeur-deprogrammer-puis-reprogrammer?at_medium=RSS%20feed&amp;at_campaign=ynews&amp;utm_source=yahoo&amp;utm_medium=rss&amp;utm_campaign=news_feed&amp;utm_content=read_more_link&quot;\" rel=\"nofollow noopener\" target=\"_blank\" data-ylk=\"slk:Lire la suite sur 20minutes;elm:context_link;itc:0;sec:content-canvas\" class=\"link \">Lire la suite sur 20minutes<\/a><\/p>\n<p>\u00c0 lire aussi :<br \/><a href=\"https:\/\/www.20minutes.fr\/arts-stars\/cinema\/4170454-20250901-sacre-cour-2025?at_medium=RSS%20feed&amp;at_campaign=ynews&amp;utm_source=yahoo&amp;utm_medium=rss&amp;utm_campaign=news_feed&amp;utm_content=related_content_link\" rel=\"nofollow noopener\" target=\"_blank\" data-ylk=\"slk:\u00ab Sacr\u00e9 C\u0153ur \u00bb: synopsis et bande-annonce;elm:context_link;itc:0;sec:content-canvas\" class=\"link \">\u00ab Sacr\u00e9 C\u0153ur \u00bb: synopsis et bande-annonce<\/a><br \/><a href=\"https:\/\/www.20minutes.fr\/societe\/4179936-20251017-marseille-bonne-mere-retrouve-couronne-or-tombera-bientot-echafaudage?at_medium=RSS%20feed&amp;at_campaign=ynews&amp;utm_source=yahoo&amp;utm_medium=rss&amp;utm_campaign=news_feed&amp;utm_content=related_content_link\" rel=\"nofollow noopener\" target=\"_blank\" data-ylk=\"slk:Marseille : La Bonne M\u00e8re retrouve sa couronne d\u2019or et tombera bient\u00f4t son \u00e9chafaudage;elm:context_link;itc:0;sec:content-canvas\" class=\"link \">Marseille : La Bonne M\u00e8re retrouve sa couronne d\u2019or et tombera bient\u00f4t son \u00e9chafaudage<\/a><\/p>\n","protected":false},"excerpt":{"rendered":"Tribunal &#8211; La diffusion de \u00ab Sacr\u00e9-coeur \u00bb, docu-fiction sous forme d\u2019ode \u00e0 la foi chr\u00e9tienne et \u00e0&hellip;\n","protected":false},"author":2,"featured_media":491271,"comment_status":"","ping_status":"","sticky":false,"template":"","format":"standard","meta":{"footnotes":""},"categories":[1354],"tags":[61414,16112,58,59,61415,1346,1011,27,1360,61084,47640],"class_list":{"0":"post-491270","1":"post","2":"type-post","3":"status-publish","4":"format-standard","5":"has-post-thumbnail","7":"category-films","8":"tag-chateau-de-la-buzine","9":"tag-debut-octobre","10":"tag-divertissement","11":"tag-entertainment","12":"tag-film-sabrina","13":"tag-films","14":"tag-fr","15":"tag-france","16":"tag-movies","17":"tag-sacre-coeur","18":"tag-salle-de-cinema"},"share_on_mastodon":{"url":"https:\/\/pubeurope.com\/@fr\/115440821548192483","error":""},"_links":{"self":[{"href":"https:\/\/www.europesays.com\/fr\/wp-json\/wp\/v2\/posts\/491270","targetHints":{"allow":["GET"]}}],"collection":[{"href":"https:\/\/www.europesays.com\/fr\/wp-json\/wp\/v2\/posts"}],"about":[{"href":"https:\/\/www.europesays.com\/fr\/wp-json\/wp\/v2\/types\/post"}],"author":[{"embeddable":true,"href":"https:\/\/www.europesays.com\/fr\/wp-json\/wp\/v2\/users\/2"}],"replies":[{"embeddable":true,"href":"https:\/\/www.europesays.com\/fr\/wp-json\/wp\/v2\/comments?post=491270"}],"version-history":[{"count":0,"href":"https:\/\/www.europesays.com\/fr\/wp-json\/wp\/v2\/posts\/491270\/revisions"}],"wp:featuredmedia":[{"embeddable":true,"href":"https:\/\/www.europesays.com\/fr\/wp-json\/wp\/v2\/media\/491271"}],"wp:attachment":[{"href":"https:\/\/www.europesays.com\/fr\/wp-json\/wp\/v2\/media?parent=491270"}],"wp:term":[{"taxonomy":"category","embeddable":true,"href":"https:\/\/www.europesays.com\/fr\/wp-json\/wp\/v2\/categories?post=491270"},{"taxonomy":"post_tag","embeddable":true,"href":"https:\/\/www.europesays.com\/fr\/wp-json\/wp\/v2\/tags?post=491270"}],"curies":[{"name":"wp","href":"https:\/\/api.w.org\/{rel}","templated":true}]}}