{"id":491272,"date":"2025-10-26T13:58:14","date_gmt":"2025-10-26T13:58:14","guid":{"rendered":"https:\/\/www.europesays.com\/fr\/491272\/"},"modified":"2025-10-26T13:58:14","modified_gmt":"2025-10-26T13:58:14","slug":"atteint-dinsuffisance-cardiaque-severe-a-seulement-17-ans-matheo-defie-la-maladie","status":"publish","type":"post","link":"https:\/\/www.europesays.com\/fr\/491272\/","title":{"rendered":"atteint d\u2019insuffisance cardiaque s\u00e9v\u00e8re \u00e0 seulement 17\u00a0ans, Math\u00e9o d\u00e9fie la maladie"},"content":{"rendered":"<p>C\u2019est une famille soud\u00e9e, li\u00e9e autant par l\u2019amour que par les \u00e9preuves qu\u2019elle traverse. Soud\u00e9e aussi physiquement\u00a0: durant l\u2019entretien, les cinq membres sont rest\u00e9s serr\u00e9s les uns contre les autres, comme un petit cercle protecteur.\u202f<\/p>\n<p>Depuis juin dernier, la famille Alexandre, install\u00e9e dans le petit village de Commensacq, dans le nord-ouest du d\u00e9partement des Landes, a v\u00e9cu \u00ab\u00a0l\u2019enfer\u00a0\u00bb. \u00ab\u00a0On ne s\u2019y attendait tellement pas. \u00c7a a \u00e9t\u00e9 dur\u2026 C\u2019est un bon gamin, il travaille bien, pourquoi lui\u00a0?\u00a0\u00bb, se demandent encore ses parents La\u00ebtitia et Damien, entre impuissance et injustice.<\/p>\n<p>Tout d\u00e9marre en mai. Une toux persistante, un essoufflement chronique\u2026 Math\u00e9o consulte le m\u00e9decin de famille. Croyant \u00e0 une bronchite, celui-ci prescrit un sirop. \u00ab\u00a0La situation empirait. Jusqu\u2019\u00e0 ce jour o\u00f9 notre fils, anormalement \u00e9puis\u00e9, ne parvenait m\u00eame plus \u00e0 lever le bras\u00a0\u00bb, se souvient la maman. C\u2019\u00e9tait le 9\u00a0juin. Une date grav\u00e9e \u00e0 jamais.<\/p>\n<p>\u00ab\u00a0Un coup de massue\u00a0\u00bb<\/p>\n<p>Ce jour-l\u00e0, les parents appellent le Samu. Direction le centre hospitalier de Mont-de-Marsan. \u00ab\u00a0On se disait, en riant, qu\u2019il allait ressortir avec de la Ventoline. Quand le m\u00e9decin est revenu, on a vu sur son visage que \u00e7a allait \u00eatre plus compliqu\u00e9. Il a parl\u00e9 de <a href=\"https:\/\/www.sudouest.fr\/landes\/dax\/victime-d-une-myocardite-apres-avoir-eu-le-covid-un-joueur-du-stade-montois-alerte-les-sportifs-amateurs-1624527.php\" target=\"_blank\" rel=\"follow nofollow noopener\">myocardite<\/a> ou de <a href=\"https:\/\/www.chuv.ch\/fr\/cardiologie\/car-home\/patients-et-famille\/maladies-traitees\/affections-du-myocarde-et-du-pericarde\/pericardite#:~:text=Lorsque%20le%20c%C5%93ur%20se%20contracte,du%20c%C5%93ur%20(tamponnade%20cardiaque).\" target=\"_blank\" rel=\"nofollow noopener\">p\u00e9ricardite<\/a>\u2026 Et surtout d\u2019un transfert imm\u00e9diat aux urgences de l\u2019h\u00f4pital cardiologique de Haut-L\u00e9v\u00eaque, en Gironde.\u00a0\u00bb<\/p>\n<p>        <img decoding=\"async\" id=\"26342051\" src=\"https:\/\/www.europesays.com\/fr\/wp-content\/uploads\/2025\/10\/matheo2.jpg\" alt=\"Au service cardiologie de l\u2019h\u00f4pital Haut-L\u00e9v\u00eaque, Math\u00e9o accompagn\u00e9 de son p\u00e8re.\" itemprop=\"contentURL\"\/><\/p>\n<p>    Au service cardiologie de l\u2019h\u00f4pital Haut-L\u00e9v\u00eaque, Math\u00e9o accompagn\u00e9 de son p\u00e8re.<\/p>\n<p>Document familial<\/p>\n<p>IRM, \u00e9chographie\u00a0: le verdict tombe et la vie de la tribu bascule. \u00ab\u00a0Son ventricule gauche ne fonctionne qu\u2019\u00e0 7\u00a0% alors que ce chiffre devrait grimper autour de 65\u00a0%. Cette insuffisance cardiaque s\u00e9v\u00e8re, c\u2019est un coup de massue. Le sol se d\u00e9robe. On nous parle m\u00eame d\u2019une possible greffe de c\u0153ur.\u00a0\u00bb Sur son lit, Math\u00e9o encaisse, conscient de tout et surtout que son existence vacille. Rien ne lui sera cach\u00e9.<\/p>\n<blockquote><p>Je dormais sur un banc dans les couloirs, parfois dans la voiture sur le parking. On se lavait avec des lingettes\u00a0\u00bb<\/p><\/blockquote>\n<p>Pour La\u00ebtitia et Damien, un autre marathon commence. Le p\u00e8re, salari\u00e9 dans une scierie \u00e0 Labouheyre, se met en arr\u00eat. La m\u00e8re annule le CDI qu\u2019elle s\u2019appr\u00eatait \u00e0 signer. Un seul objectif compte\u00a0: leur fils et r\u00e9unir la famille le temps de l\u2019hospitalisation de l\u2019adolescent. Et, comme \u00e0 chaque fois que la vie s\u2019emballe, le syst\u00e8me D s\u2019impose. \u00ab\u00a0Chaque jour, on se relayait. L\u2019un au centre hospitalier, l\u2019autre avec nos deux filles, Louhanne et Sarah, \u00e2g\u00e9es de 15 et 11\u00a0ans. Je dormais sur un banc dans les couloirs, parfois dans la voiture sur le parking. On se lavait avec des lingettes\u00a0\u00bb, raconte Damien.<\/p>\n<p>        <img decoding=\"async\" id=\"26340687\" src=\"https:\/\/www.europesays.com\/fr\/wp-content\/uploads\/2025\/10\/dscf5603.jpg\" alt=\"La famille esp\u00e8re que ce t\u00e9moignage aidera d\u2019autres personnes qui traversent les m\u00eames difficult\u00e9s.\" itemprop=\"contentURL\"\/><\/p>\n<p>    La famille esp\u00e8re que ce t\u00e9moignage aidera d\u2019autres personnes qui traversent les m\u00eames difficult\u00e9s.<\/p>\n<p>Matthieu Sartre<\/p>\n<p>    Une nouvelle \u00e9preuve<\/p>\n<p>Pendant un mois, jusqu\u2019au 7\u00a0juillet, le Landais de 17\u00a0ans reste alit\u00e9. Avec des hauts et des bas, des prises de sang quotidiennes et des m\u00e9dicaments \u00e0 ajuster. Face \u00e0 cette situation d\u00e9concertante pour un aussi jeune patient, l\u2019association Zoll \u2013 qui intervient r\u00e9guli\u00e8rement dans les couloirs de Haut-L\u00e9v\u00eaque \u2013 fait don d\u2019une LifeVest qui calcule 24 h\u00a0\/\u00a024 les pulsations cardiaques de Math\u00e9o. Une veste qui peut aussi lui sauver la vie en agissant comme d\u00e9fibrillateur. Il la portera pendant trois mois.<\/p>\n<blockquote><p>J\u2019ai eu l\u2019impression de faire un \u00e9norme pas en arri\u00e8re et surtout j\u2018ai ressenti, pour la premi\u00e8re fois, que je ne contr\u00f4lais plus mon corps\u00a0\u00bb<\/p><\/blockquote>\n<p>La situation stabilis\u00e9e, Math\u00e9o est admis \u00e0 la clinique Grancher de Cambo-les-Bains, au Pays basque. Il ne sait pas encore qu\u2019une nouvelle \u00e9preuve l\u2019attend. \u00ab\u00a0J\u2019avais des douleurs dans la t\u00eate et je sentais le c\u00f4t\u00e9 droit de mon corps s\u2019engourdir de plus en plus. J\u2019avais la sensation d\u2019\u00eatre d\u00e9fonc\u00e9, j\u2019avais des hallucinations\u00a0\u00bb, se souvient le gar\u00e7on.<a href=\"https:\/\/www.sudouest.fr\/sante\/destination-sante\/fibrillation-atriale-tout-savoir-sur-la-1ere-cause-d-avc-ischemiques-26132093.php\" target=\"_blank\" rel=\"follow nofollow noopener\"> L\u2019accident vasculaire c\u00e9r\u00e9bral (AVC)<\/a> \u2013 caus\u00e9 par un manque d\u2019anticoagulants \u2013 ne lui laissera heureusement pas de s\u00e9quelles mais de grosses frayeurs et un passage aux urgences du centre hospitalier de Bayonne.<\/p>\n<p>Aucune cons\u00e9quence physique mais des r\u00e9percussions psychologiques sur l\u2019adolescent. \u00c0 son retour du service neurologie, il s\u2019effondre. En pleurs. \u00ab\u00a0J\u2019ai eu l\u2019impression de faire un \u00e9norme pas en arri\u00e8re et surtout j\u2019ai ressenti, pour la premi\u00e8re fois, que je ne contr\u00f4lais plus mon corps.\u00a0\u00bb Et sur son p\u00e8re, qui a assist\u00e9 \u00e0 son AVC et en est ressorti profond\u00e9ment marqu\u00e9.<\/p>\n<p>        <img decoding=\"async\" id=\"26342058\" src=\"https:\/\/www.europesays.com\/fr\/wp-content\/uploads\/2025\/10\/matheo1.jpg\" alt=\"Math\u00e9o a port\u00e9 une LifeVest durant trois mois. Un dispositif qui surveillait 24 h\u00a0\/\u00a024 les battements de son c\u0153ur.\" itemprop=\"contentURL\"\/><\/p>\n<p>    Math\u00e9o a port\u00e9 une LifeVest durant trois mois. Un dispositif qui surveillait 24 h\u00a0\/\u00a024 les battements de son c\u0153ur.<\/p>\n<p>Document familial<\/p>\n<p>    Un bo\u00eetier sous la peau<\/p>\n<p>Dompter la maladie. Voil\u00e0 le quotidien de Math\u00e9o. Lors de sa r\u00e9\u00e9ducation, les journ\u00e9es d\u00e9marrent avec des efforts physiques\u00a0: marche, v\u00e9lo, renforcement musculaire, gymnastique\u2026 Lui, le jeune de 17\u00a0ans, passe ses journ\u00e9es avec des seniors qui combattent le m\u00eame mal. Comme eux, il apprend \u00e0 compter les m\u00e9dicaments, leurs noms. Fait attention \u00e0 ne pas en louper un. Assiste \u00e0 un atelier di\u00e9t\u00e9tique, apprend \u00e0 manger sans sel. Fini la malbouffe, plus une goutte d\u2019alcool. Un coup au moral de plus. \u00ab\u00a0Pourquoi moi\u2026 Les infirmi\u00e8res ne comprenaient pas pourquoi j\u2019\u00e9tais assis \u00e0 c\u00f4t\u00e9 d\u2019un monsieur de 70\u00a0ans\u00a0\u00bb, souffle-t-il.<\/p>\n<blockquote><p>J\u2019ai gagn\u00e9 un peu plus de confiance en moi. Et surtout, je veux vivre plus vite, plus fort que les autres<\/p><\/blockquote>\n<p>D\u00e9but ao\u00fbt, Math\u00e9o peut retourner chez ses parents, \u00e0 Commensacq. La famille Alexandre est f\u00e9brile. En cas de nouveau p\u00e9pin, l\u2019h\u00f4pital le plus proche est \u00e0 45 minutes\u2026 La vie reprend presque son cours normal dans l\u2019attente d\u2019un nouveau rendez-vous avec le docteur Fran\u00e7ois Picart, le cardiologue de Haut-L\u00e9v\u00eaque qui suit de pr\u00e8s le dossier. Lors de l\u2019examen, le c\u0153ur de l\u2019adolescent est encore tr\u00e8s dilat\u00e9. \u00ab\u00a0Presque cinq fois sa taille normale, explique le papa. Mais le ventricule gauche fonctionne mieux\u00a0: de 7\u00a0% de capacit\u00e9, on passe \u00e0 14\u00a0%.\u00a0\u00bb<\/p>\n<p>Pas assez pour Math\u00e9o. \u00ab\u00a0Je veux reprendre une vie normale. Je discute avec le professeur qui me propose une op\u00e9ration, avec un d\u00e9fibrillateur automatique implantable (DAI). Le 1er\u00a0septembre, je suis sur la table d\u2019op\u00e9ration, avec une anesth\u00e9sie g\u00e9n\u00e9rale.\u00a0\u00bb Depuis, il vit avec un petit bo\u00eetier sous la peau qui surveille en continu le rythme cardiaque et intervient automatiquement en cas d\u2019arythmie dangereuse.<\/p>\n<p>Quinze jours apr\u00e8s, Math\u00e9o a repris le chemin des cours. Passionn\u00e9 de m\u00e9canique, de moteurs et de v\u00e9hicules anciens, il suit son alternance entre un garage \u00e0 Sabres et le CFA de Mont-de-Marsan. Il sait qu\u2019il n\u2019aura pas la m\u00eame vie que ses camarades et pense d\u00e9j\u00e0 qu\u2019une greffe sera, un jour, in\u00e9vitable. Math\u00e9o a grandi d\u2019un coup, a gagn\u00e9 en maturit\u00e9. \u00ab\u00a0Mon regard sur la vie a chang\u00e9 bien s\u00fbr. J\u2019\u00e9tais introverti, maintenant j\u2019ai gagn\u00e9 un peu plus de confiance en moi. Et surtout, je veux vivre plus vite et plus fort que les autres.\u00a0\u00bb<\/p>\n<p>Math\u00e9o et sa famille esp\u00e8rent que ce t\u00e9moignage aidera d\u2019autres malades. Et sont pr\u00eats \u00e0 \u00e9changer avec les familles qui le souhaiteront. Courriel\u00a0: LDalexandre40210@hotmail.com<\/p>\n","protected":false},"excerpt":{"rendered":"C\u2019est une famille soud\u00e9e, li\u00e9e autant par l\u2019amour que par les \u00e9preuves qu\u2019elle traverse. Soud\u00e9e aussi physiquement\u00a0: durant&hellip;\n","protected":false},"author":2,"featured_media":491273,"comment_status":"","ping_status":"","sticky":false,"template":"","format":"standard","meta":{"footnotes":""},"categories":[10],"tags":[1011,27,72,71],"class_list":{"0":"post-491272","1":"post","2":"type-post","3":"status-publish","4":"format-standard","5":"has-post-thumbnail","7":"category-sante","8":"tag-fr","9":"tag-france","10":"tag-health","11":"tag-sante"},"share_on_mastodon":{"url":"https:\/\/pubeurope.com\/@fr\/115440827113795975","error":""},"_links":{"self":[{"href":"https:\/\/www.europesays.com\/fr\/wp-json\/wp\/v2\/posts\/491272","targetHints":{"allow":["GET"]}}],"collection":[{"href":"https:\/\/www.europesays.com\/fr\/wp-json\/wp\/v2\/posts"}],"about":[{"href":"https:\/\/www.europesays.com\/fr\/wp-json\/wp\/v2\/types\/post"}],"author":[{"embeddable":true,"href":"https:\/\/www.europesays.com\/fr\/wp-json\/wp\/v2\/users\/2"}],"replies":[{"embeddable":true,"href":"https:\/\/www.europesays.com\/fr\/wp-json\/wp\/v2\/comments?post=491272"}],"version-history":[{"count":0,"href":"https:\/\/www.europesays.com\/fr\/wp-json\/wp\/v2\/posts\/491272\/revisions"}],"wp:featuredmedia":[{"embeddable":true,"href":"https:\/\/www.europesays.com\/fr\/wp-json\/wp\/v2\/media\/491273"}],"wp:attachment":[{"href":"https:\/\/www.europesays.com\/fr\/wp-json\/wp\/v2\/media?parent=491272"}],"wp:term":[{"taxonomy":"category","embeddable":true,"href":"https:\/\/www.europesays.com\/fr\/wp-json\/wp\/v2\/categories?post=491272"},{"taxonomy":"post_tag","embeddable":true,"href":"https:\/\/www.europesays.com\/fr\/wp-json\/wp\/v2\/tags?post=491272"}],"curies":[{"name":"wp","href":"https:\/\/api.w.org\/{rel}","templated":true}]}}