{"id":491276,"date":"2025-10-26T14:00:15","date_gmt":"2025-10-26T14:00:15","guid":{"rendered":"https:\/\/www.europesays.com\/fr\/491276\/"},"modified":"2025-10-26T14:00:15","modified_gmt":"2025-10-26T14:00:15","slug":"cette-prestation-incroyable-de-lea-lors-du-prime-a-mis-les-telespectateurs-daccord","status":"publish","type":"post","link":"https:\/\/www.europesays.com\/fr\/491276\/","title":{"rendered":"cette prestation \u00ab\u00a0incroyable\u00a0\u00bb de L\u00e9a lors du prime a mis les t\u00e9l\u00e9spectateurs d\u2019accord"},"content":{"rendered":"<p>        <img decoding=\"async\" loading=\"lazy\" src=\"https:\/\/www.europesays.com\/fr\/wp-content\/uploads\/2025\/10\/a49d7d8_upload-1-mtusln7nme6v-screenshot-2025-10-26-12-21-14.png\"  width=\"728\" height=\"410\" alt=\"\u00ab\u00a0Star Academy\u00a0\u00bb\u00a0: cette prestation \u00ab\u00a0incroyable\u00a0\u00bb de L\u00e9a lors du prime du samedi 25\u00a0octobre a mis les t\u00e9l\u00e9spectateurs d\u2019accord.\"\/>  <\/p>\n<p>Capture d\u2019\u00e9cran TF1<\/p>\n<p>\u00ab\u00a0Star Academy\u00a0\u00bb\u00a0: cette prestation \u00ab\u00a0incroyable\u00a0\u00bb de L\u00e9a lors du prime du samedi 25\u00a0octobre a mis les t\u00e9l\u00e9spectateurs d\u2019accord.<\/p>\n<p class=\"asset asset-text\">DIVERTISSEMENT &#8211; La nouvelle promotion de la <a href=\"https:\/\/www.huffingtonpost.fr\/divertissement\/article\/star-academy-la-presidente-de-l-assemblee-nationale-yael-braun-pivet-n-a-pas-choisi-son-candidat-favori-au-hasard_256168.html\" rel=\"nofollow noopener\" target=\"_blank\">Star Academy<\/a> a fait le show avant la premi\u00e8re \u00e9limination de la saison. Le <a href=\"https:\/\/www.huffingtonpost.fr\/divertissement\/article\/star-academy-on-connait-la-liste-des-premiers-artistes-invites-pour-le-prochain-prime-diffuse-sur-tf1_256262.html\" rel=\"nofollow noopener\" target=\"_blank\">prime<\/a> diffus\u00e9 samedi 25\u00a0octobre sur TF1\u00a0a permis aux 17\u00a0acad\u00e9miciens de faire leurs preuves face \u00e0 leurs professeurs et aux t\u00e9l\u00e9spectateurs. La pression \u00e9tait particuli\u00e8rement forte pour les trois nomm\u00e9s \u2013 Ema, Mehdi et Th\u00e9o P. \u2013 qui risquaient tous les trois de partir et ont \u00e9t\u00e9 d\u00e9partag\u00e9s par le public et leurs camarades.<\/p>\n<p class=\"asset asset-text\">Th\u00e9o P. a \u00e9t\u00e9 directement sauv\u00e9 par le t\u00e9l\u00e9vote apr\u00e8s une reprise de Quand je marche de Ben Mazu\u00e9, puis Ema a \u00e9t\u00e9 rep\u00each\u00e9e par ses camarades, touch\u00e9s par son interpr\u00e9tation de <a href=\"https:\/\/www.huffingtonpost.fr\/culture\/article\/eurovision-2021-barbara-pravi-interprete-avec-brio-voila_181560.html\" rel=\"nofollow noopener\" target=\"_blank\">Voil\u00e0 de Barbara Pravi<\/a>. C\u2019est donc Mehdi qui a \u00e9t\u00e9 \u00e9limin\u00e9 apr\u00e8s seulement une semaine dans le ch\u00e2teau de Dammarie-l\u00e8s-Lys. Son d\u00e9part a beaucoup \u00e9mu les autres acad\u00e9miciens qui ont encha\u00een\u00e9 les prestations toute la soir\u00e9e depuis le studio 117.<\/p>\n<p class=\"asset asset-text\">Et la performance d\u2019une candidate a particuli\u00e8rement touch\u00e9 les internautes. Class\u00e9e quatri\u00e8me aux \u00e9valuations, L\u00e9a a manqu\u00e9 de peu la \u00ab\u00a0battle du top 3\u00a0\u00bb pour tenter de d\u00e9crocher une immunit\u00e9 d\u2019une semaine, mais ses professeurs l\u2019ont invit\u00e9e \u00e0 se pr\u00e9senter au public avec un \u00ab\u00a0autoportrait\u00a0\u00bb. L\u2019exercice semble avoir conquis les t\u00e9l\u00e9spectateurs, impressionn\u00e9s par le niveau de l\u2019acad\u00e9micienne de 22\u00a0ans.<\/p>\n<p>    \u00ab\u00a0Une star est n\u00e9e\u00a0\u00bb    <\/p>\n<p class=\"asset asset-text\">La jeune femme s\u2019est pr\u00e9sent\u00e9e \u00e0 travers plusieurs chansons\u00a0: Le sens de la vie de Tal, I Will Survive de <a href=\"https:\/\/www.huffingtonpost.fr\/international\/article\/on-comprend-mieux-pourquoi-donald-trump-a-choisi-d-honorer-gloria-gaynor_254125.html\" rel=\"nofollow noopener\" target=\"_blank\">Gloria Gaynor<\/a>, Et bam de Mentissa et Tourner la t\u00eate d\u2019Amel Bent, qu\u2019elle a eu la chance d\u2019interpr\u00e9ter en duo avec la chanteuse pr\u00e9sente sur le prime. L\u2019encha\u00eenement des quatre morceaux, dont certains demandaient une vraie technique vocale, a beaucoup impressionn\u00e9 plusieurs t\u00e9l\u00e9spectateurs, qui l\u2019ont fait savoir sur les r\u00e9seaux sociaux, <strong>comme vous pouvez le constater ci-dessous<\/strong>.<\/p>\n<p> La lecture de ce contenu est susceptible d\u2019entra\u00eener un d\u00e9p\u00f4t de cookies de la part de l\u2019op\u00e9rateur tiers qui l\u2019h\u00e9berge. Compte-tenu des choix que vous avez exprim\u00e9s en mati\u00e8re de d\u00e9p\u00f4t de cookies, nous avons bloqu\u00e9 l\u2019affichage de ce contenu. Si vous souhaitez y acc\u00e9der, vous devez accepter la cat\u00e9gorie de cookies \u201cContenus tiers\u201d en cliquant sur le bouton ci-dessous. <\/p>\n<p> Lire la Vid\u00e9o           <\/p>\n<p> La lecture de ce contenu est susceptible d\u2019entra\u00eener un d\u00e9p\u00f4t de cookies de la part de l\u2019op\u00e9rateur tiers qui l\u2019h\u00e9berge. Compte-tenu des choix que vous avez exprim\u00e9s en mati\u00e8re de d\u00e9p\u00f4t de cookies, nous avons bloqu\u00e9 l\u2019affichage de ce contenu. Si vous souhaitez y acc\u00e9der, vous devez accepter la cat\u00e9gorie de cookies \u201cContenus tiers\u201d en cliquant sur le bouton ci-dessous. <\/p>\n<p> Lire la Vid\u00e9o           <\/p>\n<p> La lecture de ce contenu est susceptible d\u2019entra\u00eener un d\u00e9p\u00f4t de cookies de la part de l\u2019op\u00e9rateur tiers qui l\u2019h\u00e9berge. Compte-tenu des choix que vous avez exprim\u00e9s en mati\u00e8re de d\u00e9p\u00f4t de cookies, nous avons bloqu\u00e9 l\u2019affichage de ce contenu. Si vous souhaitez y acc\u00e9der, vous devez accepter la cat\u00e9gorie de cookies \u201cContenus tiers\u201d en cliquant sur le bouton ci-dessous. <\/p>\n<p> Lire la Vid\u00e9o           <\/p>\n<p> La lecture de ce contenu est susceptible d\u2019entra\u00eener un d\u00e9p\u00f4t de cookies de la part de l\u2019op\u00e9rateur tiers qui l\u2019h\u00e9berge. Compte-tenu des choix que vous avez exprim\u00e9s en mati\u00e8re de d\u00e9p\u00f4t de cookies, nous avons bloqu\u00e9 l\u2019affichage de ce contenu. Si vous souhaitez y acc\u00e9der, vous devez accepter la cat\u00e9gorie de cookies \u201cContenus tiers\u201d en cliquant sur le bouton ci-dessous. <\/p>\n<p> Lire la Vid\u00e9o        <\/p>\n<p class=\"asset asset-text\">\u00ab\u00a0Pardon mais L\u00e9a a \u00e9teint tout le monde ce soir, c\u2019\u00e9tait incroyable\u00a0\u00bb, a \u00e9crit un internaute, quand un autre assure avoir vers\u00e9 \u00ab\u00a0[ses] plus belles larmes\u00a0\u00bb avant de remercier l\u2019acad\u00e9micienne. \u00ab\u00a0VOUS ME L\u2019AMENEZ AU MINIMUM \u00c0 LA TOURN\u00c9E\u00a0\u00bb, exige un autre commentaire, quand d\u2019autres parlent d\u2019une \u00ab\u00a0masterclass\u00a0\u00bb ou estiment carr\u00e9ment qu\u2019\u00ab\u00a0une star est n\u00e9e\u00a0\u00bb.<\/p>\n<p class=\"asset asset-text\">Un des moments qui a le plus touch\u00e9 le public et les professeurs a \u00e9t\u00e9 l\u2019interpr\u00e9tation du titre Et bam, que L\u00e9a a chant\u00e9 face \u00e0 sa m\u00e8re venue la soutenir. Cette derni\u00e8re a sembl\u00e9 tr\u00e8s \u00e9mue par la performance de sa fille, <strong>comme vous pouvez le voir dans la s\u00e9quence ci-dessous<\/strong>.<\/p>\n<p> La lecture de ce contenu est susceptible d\u2019entra\u00eener un d\u00e9p\u00f4t de cookies de la part de l\u2019op\u00e9rateur tiers qui l\u2019h\u00e9berge. Compte-tenu des choix que vous avez exprim\u00e9s en mati\u00e8re de d\u00e9p\u00f4t de cookies, nous avons bloqu\u00e9 l\u2019affichage de ce contenu. Si vous souhaitez y acc\u00e9der, vous devez accepter la cat\u00e9gorie de cookies \u201cContenus tiers\u201d en cliquant sur le bouton ci-dessous. <\/p>\n<p> Lire la Vid\u00e9o        <\/p>\n<p class=\"asset asset-text\">Sur les images diffus\u00e9es par TF1, plusieurs acad\u00e9miciens et la professeure d\u2019expression sc\u00e9nique Marl\u00e8ne Schaff avaient les yeux humides ou essuyaient leurs larmes. \u00ab\u00a0J\u2019ai \u00e9t\u00e9 tellement \u00e9mu [\u2026] quand L\u00e9a s\u2019est approch\u00e9e de sa maman, \u00e7a m\u2019a boulevers\u00e9 de te voir chanter pr\u00e8s d\u2019elle\u00a0\u00bb, a gliss\u00e9 Nikos avant de passer la parole au fr\u00e8re de la candidate, qui a t\u00e9moign\u00e9 de la \u00ab\u00a0fiert\u00e9\u00a0\u00bb de sa famille. L\u00e9a a pu rentrer au ch\u00e2teau avec plein de compliments en poche, et m\u00eame le coup de c\u0153ur de la soir\u00e9e de sa professeure de chant Sofia Morgavi.<\/p>\n","protected":false},"excerpt":{"rendered":"Capture d\u2019\u00e9cran TF1 \u00ab\u00a0Star Academy\u00a0\u00bb\u00a0: cette prestation \u00ab\u00a0incroyable\u00a0\u00bb de L\u00e9a lors du prime du samedi 25\u00a0octobre a mis&hellip;\n","protected":false},"author":2,"featured_media":491277,"comment_status":"","ping_status":"","sticky":false,"template":"","format":"standard","meta":{"footnotes":""},"categories":[8],"tags":[58,59,1011,27,5095,252,199],"class_list":{"0":"post-491276","1":"post","2":"type-post","3":"status-publish","4":"format-standard","5":"has-post-thumbnail","7":"category-divertissement","8":"tag-divertissement","9":"tag-entertainment","10":"tag-fr","11":"tag-france","12":"tag-star-academy","13":"tag-television","14":"tag-tf1"},"share_on_mastodon":{"url":"https:\/\/pubeurope.com\/@fr\/115440833489106804","error":""},"_links":{"self":[{"href":"https:\/\/www.europesays.com\/fr\/wp-json\/wp\/v2\/posts\/491276","targetHints":{"allow":["GET"]}}],"collection":[{"href":"https:\/\/www.europesays.com\/fr\/wp-json\/wp\/v2\/posts"}],"about":[{"href":"https:\/\/www.europesays.com\/fr\/wp-json\/wp\/v2\/types\/post"}],"author":[{"embeddable":true,"href":"https:\/\/www.europesays.com\/fr\/wp-json\/wp\/v2\/users\/2"}],"replies":[{"embeddable":true,"href":"https:\/\/www.europesays.com\/fr\/wp-json\/wp\/v2\/comments?post=491276"}],"version-history":[{"count":0,"href":"https:\/\/www.europesays.com\/fr\/wp-json\/wp\/v2\/posts\/491276\/revisions"}],"wp:featuredmedia":[{"embeddable":true,"href":"https:\/\/www.europesays.com\/fr\/wp-json\/wp\/v2\/media\/491277"}],"wp:attachment":[{"href":"https:\/\/www.europesays.com\/fr\/wp-json\/wp\/v2\/media?parent=491276"}],"wp:term":[{"taxonomy":"category","embeddable":true,"href":"https:\/\/www.europesays.com\/fr\/wp-json\/wp\/v2\/categories?post=491276"},{"taxonomy":"post_tag","embeddable":true,"href":"https:\/\/www.europesays.com\/fr\/wp-json\/wp\/v2\/tags?post=491276"}],"curies":[{"name":"wp","href":"https:\/\/api.w.org\/{rel}","templated":true}]}}