{"id":491278,"date":"2025-10-26T14:01:11","date_gmt":"2025-10-26T14:01:11","guid":{"rendered":"https:\/\/www.europesays.com\/fr\/491278\/"},"modified":"2025-10-26T14:01:11","modified_gmt":"2025-10-26T14:01:11","slug":"tesla-vs-lamborghini-qui-lemportera","status":"publish","type":"post","link":"https:\/\/www.europesays.com\/fr\/491278\/","title":{"rendered":"Tesla VS Lamborghini : Qui l&#8217;emportera ?"},"content":{"rendered":"<p itemprop=\"description\">Au feu rouge, un propri\u00e9taire de Tesla d\u00e9fie une Lamborghini. Qui sortira vainqueur du duel ? D\u00e9couvrez la r\u00e9ponse.<\/p>\n<p>\t\tEN BREF<\/p>\n<ul class=\"bloc_resume_post_list\">\n<li>\n<p>\t\t\t\t\t\t\t\tUn conducteur de Tesla a d\u00e9fi\u00e9 une Lamborghini V12 \u00e0 une course, confiant en la rapidit\u00e9 de son v\u00e9hicule \u00e9lectrique.\n\t\t\t\t\t\t<\/li>\n<li>\n<p>\t\t\t\t\t\t\t\tLa Tesla a bri\u00e8vement pris l&rsquo;avantage, mais la Lamborghini a rapidement repris le dessus et remport\u00e9 la course.\n\t\t\t\t\t\t<\/li>\n<li>\n<p>\t\t\t\t\t\t\t\tD\u00e9couvrez pourquoi la Tesla Model S Plaid pourrait \u00eatre un v\u00e9ritable concurrent dans ce type de d\u00e9fi.\n\t\t\t\t\t\t<\/li>\n<\/ul>\n<p>Un <strong>propri\u00e9taire de Tesla<\/strong> visiblement s\u00fbr de lui, <strong>a d\u00e9fi\u00e9 un homme au volant d\u00a0\u00bbune Lamborghini<\/strong>. Confiant en sa voiture de la marque de Elon Musk, il a voulu prouver que son v\u00e9hicule \u00e9lectrique \u00e9tait plus rapide que <a href=\"https:\/\/www.autoplus.fr\/actualite\/qui-a-dit-que-les-v12-etaient-condamnes-lannonce-de-mercedes-relance-le-debat-1398051.html\" target=\"_blank\" rel=\"noopener\">l&rsquo;Italienne V12<\/a>. \u00c9videmment, le suspense n&rsquo;\u00e9tait pas vraiment au rendez-vous, mais il aura au moins eu le m\u00e9rite d&rsquo;essayer.<\/p>\n<p>\t\t\tJoie de courte dur\u00e9e pour la Tesla <\/p>\n<p>Publi\u00e9e sur le compte Instagram <a href=\"https:\/\/www.instagram.com\/speedpov\/\" target=\"_blank\" rel=\"noopener\">SpeedPOV<\/a>, une vid\u00e9o montre un conducteur de Tesla se diriger \u00e0 un feu rouge \u00e0 un automobiliste en Lamborghini V12. Il lui lance : \u00ab\u00a0Faisons la course, ma Tesla est plus rapide\u00a0\u00bb. Durant quelques secondes, la Tesla semble d\u00e9passer sa rivale, mais cette derni\u00e8re acc\u00e9l\u00e8re et met tout le monde d&rsquo;accord. La suite se passe de commentaires. Voici la vid\u00e9o en question :<\/p>\n<blockquote class=\"instagram-media \" style=\"background: #ffffff;border: 0;margin: 1px;width: 100%;padding: 0;max-width: 500px;\" data-instgrm-permalink=\"https:\/\/www.instagram.com\/reel\/DLNrWNLRF4s\/?utm_source=ig_embed&amp;utm_campaign=loading\" data-instgrm-version=\"14\"\/>\n<p>\u00c9videmment, <strong>la Lamborghini V12 va plus vite que la Tesla<\/strong> en question. Le pilote qui sort vainqueur du duel s&rsquo;exclame : \u00ab\u00a0Qui a dit qu\u2019une Lambo ne pouvait pas battre une Tesla plaid ?\u00a0\u00bb. Selon les commentaires,<strong> il ne s&rsquo;agit pas du mod\u00e8le plaid<\/strong> (comme indiqu\u00e9 dans le titre de la vid\u00e9o) qui aurait pu concurrencer une Lamborghini.<\/p>\n<p> Une mise en sc\u00e8ne ? <\/p>\n<p>Certes, au vu des images, il y a fort \u00e0 parier qu&rsquo;il s&rsquo;agit d&rsquo;une simple mise en sc\u00e8ne. On imagine mal un propri\u00e9taire de Tesla d\u00e9fier de la sorte une Lamborghini. Selon Elon Musk, <strong>la Tesla Model S Plaid <\/strong>est c<strong>apable de battre n&rsquo;importe quelle supercar<\/strong>. On a pu voir circuler sur Internet des courses de dragsters entre une Tesla Model S Plaid et une Bugatti Chiron par exemple. Les deux voitures faisant <a href=\"https:\/\/www.autoplus.fr\/actualite\/malus-au-poids-attention-son-seuil-pourrait-etre-de-nouveau-abaisse-1388885.html\" target=\"_blank\" rel=\"noopener\">plus ou moins le m\u00eame poids<\/a>, le d\u00e9fi \u00e9tait int\u00e9ressant. Cependant,<strong> la Tesla passe de 0 \u00e0 100 km\/h<\/strong> en seulement 2 secondes, alors que <strong>la Bugatti met 2,4 secondes.<\/strong>\u00a0Sur 402 m\u00e8tres, la Tesla l&#8217;emporte donc facilement. En revanche, sur une longue distance, la Bugatti l&#8217;emporterait gr\u00e2ce \u00e0 sa vitesse de pointe.<\/p>\n<p>Dans la vid\u00e9o d&rsquo;Instragram, entre la Tesla et la Lamborghini, c&rsquo;est un peu le m\u00eame d\u00e9bat. La premi\u00e8re d\u00e9marre plus vite mais la V12 la double ensuite rapidement. Il faut dire qu&rsquo;elle peut monter jusqu&rsquo;\u00e0 350 km\/h lorsque la Tesla est bloqu\u00e9 \u00e0 320 km\/h. Il faut savoir qu&rsquo;<strong>un V12 rugit \u00e0 8 000 tours par minute<\/strong>. Difficile donc de lutter pour <a href=\"https:\/\/www.autoplus.fr\/actualite\/insolite\/il-transforme-sa-tesla-en-diesel-et-parcourt-5-600-km-avec-sans-probleme-1338473.html\" target=\"_blank\" rel=\"noopener\">une \u00e9lectrique d&rsquo;Elon Musk<\/a>.<\/p>\n<p>                <script async src=\"\/\/www.instagram.com\/embed.js\"><\/script><\/p>\n","protected":false},"excerpt":{"rendered":"Au feu rouge, un propri\u00e9taire de Tesla d\u00e9fie une Lamborghini. Qui sortira vainqueur du duel ? D\u00e9couvrez la&hellip;\n","protected":false},"author":2,"featured_media":491279,"comment_status":"","ping_status":"","sticky":false,"template":"","format":"standard","meta":{"footnotes":""},"categories":[7],"tags":[10281,1011,27,43,40,41,39,42,44],"class_list":{"0":"post-491278","1":"post","2":"type-post","3":"status-publish","4":"format-standard","5":"has-post-thumbnail","7":"category-sciences-et-technologies","8":"tag-buzz-nonli","9":"tag-fr","10":"tag-france","11":"tag-science","12":"tag-science-and-technology","13":"tag-sciences","14":"tag-sciences-et-technologies","15":"tag-technologies","16":"tag-technology"},"share_on_mastodon":{"url":"https:\/\/pubeurope.com\/@fr\/115440837226962076","error":""},"_links":{"self":[{"href":"https:\/\/www.europesays.com\/fr\/wp-json\/wp\/v2\/posts\/491278","targetHints":{"allow":["GET"]}}],"collection":[{"href":"https:\/\/www.europesays.com\/fr\/wp-json\/wp\/v2\/posts"}],"about":[{"href":"https:\/\/www.europesays.com\/fr\/wp-json\/wp\/v2\/types\/post"}],"author":[{"embeddable":true,"href":"https:\/\/www.europesays.com\/fr\/wp-json\/wp\/v2\/users\/2"}],"replies":[{"embeddable":true,"href":"https:\/\/www.europesays.com\/fr\/wp-json\/wp\/v2\/comments?post=491278"}],"version-history":[{"count":0,"href":"https:\/\/www.europesays.com\/fr\/wp-json\/wp\/v2\/posts\/491278\/revisions"}],"wp:featuredmedia":[{"embeddable":true,"href":"https:\/\/www.europesays.com\/fr\/wp-json\/wp\/v2\/media\/491279"}],"wp:attachment":[{"href":"https:\/\/www.europesays.com\/fr\/wp-json\/wp\/v2\/media?parent=491278"}],"wp:term":[{"taxonomy":"category","embeddable":true,"href":"https:\/\/www.europesays.com\/fr\/wp-json\/wp\/v2\/categories?post=491278"},{"taxonomy":"post_tag","embeddable":true,"href":"https:\/\/www.europesays.com\/fr\/wp-json\/wp\/v2\/tags?post=491278"}],"curies":[{"name":"wp","href":"https:\/\/api.w.org\/{rel}","templated":true}]}}