{"id":491280,"date":"2025-10-26T14:02:12","date_gmt":"2025-10-26T14:02:12","guid":{"rendered":"https:\/\/www.europesays.com\/fr\/491280\/"},"modified":"2025-10-26T14:02:12","modified_gmt":"2025-10-26T14:02:12","slug":"hausse-des-prix-en-vue-ce-que-lautomne-reserve-vraiment-au-budget-des-menages","status":"publish","type":"post","link":"https:\/\/www.europesays.com\/fr\/491280\/","title":{"rendered":"Hausse des prix en vue : ce que l&rsquo;automne r\u00e9serve vraiment au budget des m\u00e9nages"},"content":{"rendered":"<p>Le retour de l&rsquo;automne s&rsquo;accompagne cette ann\u00e9e d&rsquo;un parfum particulier : celui de la vigilance budg\u00e9taire. Les feuilles tombent, le mercure baisse et, dans les foyers fran\u00e7ais, la question du <strong>pouvoir d&rsquo;achat<\/strong> s&rsquo;invite une fois de plus \u00e0 la table. Apr\u00e8s un \u00e9t\u00e9 marqu\u00e9 par une inflation relativement mod\u00e9r\u00e9e, les chiffres officiels r\u00e9v\u00e8lent une nouvelle pouss\u00e9e sur certains postes strat\u00e9giques. La France avance ainsi doucement mais s\u00fbrement vers une p\u00e9riode o\u00f9 chaque d\u00e9cision de d\u00e9pense compte \u2013 et o\u00f9 les traditionnels arbitrages automnaux prennent une dimension encore plus d\u00e9cisive pour les m\u00e9nages. Alors, que r\u00e9serve concr\u00e8tement l&rsquo;automne 2025 au portefeuille des Fran\u00e7ais ?<\/p>\n<p>L&rsquo;automne \u00e0 l&rsquo;horizon : pourquoi la facture risque de s&rsquo;alourdir<\/p>\n<p>La pluie et les journ\u00e9es qui raccourcissent ne sont pas les seuls tracas du moment. L&rsquo;automne 2025, fid\u00e8le \u00e0 sa r\u00e9putation de saison charni\u00e8re, voit se dessiner de <strong>nouveaux d\u00e9fis<\/strong> pour les budgets familiaux. Mais qu&rsquo;est-ce qui se cache derri\u00e8re ce ph\u00e9nom\u00e8ne r\u00e9current ?<\/p>\n<p> Les facteurs saisonniers qui jouent sur les prix<\/p>\n<p>En cette p\u00e9riode de l&rsquo;ann\u00e9e, les variations saisonni\u00e8res ne sont pas qu&rsquo;une question de m\u00e9t\u00e9o. D\u00e8s le mois de septembre, le retour des d\u00e9penses li\u00e9es \u00e0 la rentr\u00e9e \u2013 fournitures scolaires, abonnements sportifs et relance de certains services \u2013 ranime l&rsquo;activit\u00e9 \u00e9conomique. Parall\u00e8lement, les <strong>besoins en chauffage<\/strong> augmentent, pr\u00e9parant le terrain \u00e0 la traditionnelle hausse de la consommation \u00e9nerg\u00e9tique. M\u00eame si, cette ann\u00e9e, l&rsquo;\u00e9lectricit\u00e9 au tarif r\u00e9glement\u00e9 (<strong>TRVE<\/strong>) stagne depuis ao\u00fbt 2025 pour la majorit\u00e9 des m\u00e9nages, le r\u00e9flexe d&rsquo;optimisation du contrat s&rsquo;impose plus que jamais.<\/p>\n<p>Les secteurs d\u00e9j\u00e0 sous pression : o\u00f9 surveiller son porte-monnaie ?<\/p>\n<p>La rentr\u00e9e marque aussi l&rsquo;atterrissage des nouvelles grilles tarifaires sur plusieurs postes cl\u00e9s du budget familial. Les <strong>services<\/strong> affichent une hausse notable de <strong>+2,4 % sur un an<\/strong>, loin devant l&rsquo;<strong>alimentation (+1,7 %)<\/strong>. Si l&rsquo;on regarde c\u00f4t\u00e9 loyers, la revalorisation annuelle encadr\u00e9e par l&rsquo;Indice de R\u00e9f\u00e9rence des Loyers (IRL) atteint un maximum de <strong>+0,87 %<\/strong>, dans la stricte limite l\u00e9gale. Seuls deux secteurs jouent la carte de la d\u00e9tente : l&rsquo;<strong>\u00e9nergie<\/strong> (hors inflation des carburants \u00e0 long terme) et les produits manufactur\u00e9s, qui restent plut\u00f4t stables voire baissiers.<\/p>\n<p>Le puzzle de l&rsquo;inflation : ce qui bouge derri\u00e8re les chiffres<\/p>\n<p>Le mot \u00ab\u00a0inflation\u00a0\u00bb revient souvent dans les conversations, mais que racontent vraiment les <strong>derniers chiffres<\/strong> ?<\/p>\n<p>\u00c9nergie, alimentation, services : tour d&rsquo;horizon des hausses attendues<\/p>\n<p>En septembre 2025, l&rsquo;<strong>Indice des Prix \u00e0 la Consommation (IPC)<\/strong> progresse de <strong>+1,2 % sur un an<\/strong>, apr\u00e8s avoir connu une hausse plus mod\u00e9r\u00e9e en ao\u00fbt (+0,9 %). Les contributions majeures concernent donc les <strong>services<\/strong> et l&rsquo;<strong>alimentation<\/strong>, d\u00e9j\u00e0 \u00e9voqu\u00e9s, mais aussi le <strong>tabac<\/strong> qui grimpe de <strong>+4,1 %<\/strong> sur un an, impactant directement certains foyers. L&rsquo;\u00e9nergie, de son c\u00f4t\u00e9, affiche curieusement une baisse annuelle de <strong>\u20134,5 %<\/strong>, gr\u00e2ce \u00e0 la stabilit\u00e9 affich\u00e9e sur l&rsquo;\u00e9lectricit\u00e9 pour les puissances inf\u00e9rieures \u00e0 36 kVA \u2013 ce qui, pour la majorit\u00e9 des m\u00e9nages en tarif r\u00e9glement\u00e9, laisse un peu d&rsquo;air\u2026 au moins temporairement.<\/p>\n<p><strong>Tableau r\u00e9capitulatif des \u00e9volutions par secteur (septembre 2025) :<\/strong><\/p>\n<tr>\nSecteur<br \/>\n\u00c9volution sur un an<br \/>\n<\/tr>\n<tr>\n<td>Services<\/td>\n<td>+2,4 %<\/td>\n<\/tr>\n<tr>\n<td>Alimentation<\/td>\n<td>+1,7 %<\/td>\n<\/tr>\n<tr>\n<td>\u00c9nergie<\/td>\n<td>\u20134,5 %<\/td>\n<\/tr>\n<tr>\n<td>Manufactur\u00e9s<\/td>\n<td>\u20130,4 %<\/td>\n<\/tr>\n<tr>\n<td>Tabac<\/td>\n<td>+4,1 %<\/td>\n<\/tr>\n<p> L&rsquo;impact de la relance \u00e9conomique et de la g\u00e9opolitique sur notre quotidien<\/p>\n<p>L&rsquo;ombre de la <strong>relance \u00e9conomique<\/strong> plane toujours : la demande de services se raffermit, tandis que la g\u00e9opolitique mondiale tol\u00e8re peu les incertitudes sur l&rsquo;\u00e9nergie ou l&rsquo;agriculture. Il n&rsquo;est pas rare, en cette p\u00e9riode, de voir jouer des effets de rattrapage ou de tension selon les cha\u00eenes d&rsquo;approvisionnement. R\u00e9sultat : l&rsquo;inflation se diffuse tr\u00e8s lentement, mais s\u00fbrement, au c\u0153ur du quotidien, notamment <strong>dans les m\u00e9tiers du soin, les transports, et l&rsquo;alimentation<\/strong>.<\/p>\n<p>Entre arbitrages et astuces : comment les m\u00e9nages s&rsquo;adaptent d\u00e9j\u00e0<\/p>\n<p>Entre hausse des d\u00e9penses et perspectives parfois floues, les familles fran\u00e7aises <strong>r\u00e9ajustent habilement<\/strong> leur rampe de lancement budg\u00e9taire.<\/p>\n<p> Nouvelles strat\u00e9gies c\u00f4t\u00e9 consommation et choix de d\u00e9penses<\/p>\n<p>L&rsquo;heure est aux arbitrages. Beaucoup de m\u00e9nages priorisent d\u00e9sormais les postes en forte progression : services, assurance, abonnements divers. La saison des <strong>ren\u00e9gociations<\/strong> bat son plein : forfaits mobiles scrut\u00e9s \u00e0 la loupe, contrats d&rsquo;assurance pass\u00e9s au crible, comparateurs de fournisseurs pris d&rsquo;assaut \u2013 autant d&rsquo;habitudes, dirait-on, aussi automnales que la cueillette des champignons ! C\u00f4t\u00e9 \u00e9nergie, le r\u00e9flexe de comparaison (TRVE ou offres alternatives, options heures creuses, puissance souscrite\u2026) se g\u00e9n\u00e9ralise pour contenir toute future flamb\u00e9e des factures hivernales.<\/p>\n<p>Petites \u00e9conomies et grands retours : le pouvoir de la d\u00e9brouille<\/p>\n<p>Dans chaque cuisine ou salon, la <strong>chasse au gaspillage<\/strong> prend de l&rsquo;ampleur. On cuisine plus malin, on recycle ses restes, on repense l&rsquo;achat impulsif : la d\u00e9brouille made in France s&rsquo;impose en h\u00e9ros discret de la saison. Les <strong>\u00e9pargnants les plus pr\u00e9voyants<\/strong> profitent du <strong>LEP \u00e0 2,7 % net<\/strong> depuis ao\u00fbt 2025 \u2013 un taux sup\u00e9rieur \u00e0 l&rsquo;inflation ! Le Livret A, quant \u00e0 lui, tient la barre (1,7 %), un filet de s\u00e9curit\u00e9 m\u00eame s&rsquo;il ne surfe pas au-dessus des vagues inflationnistes. Simple, accessible, et enti\u00e8rement s\u00e9curis\u00e9, voil\u00e0 de quoi rassurer les plus prudents.<\/p>\n<p> Ce qu&rsquo;il faut retenir pour pr\u00e9parer son budget des prochains mois<\/p>\n<p>L&rsquo;automne 2025 pr\u00e9lude \u00e0 un hiver qui s&rsquo;annonce mesur\u00e9, mais sem\u00e9 de quelques <strong>emb\u00fbches pour les bourses<\/strong>.<\/p>\n<p> Synth\u00e8se des \u00e9volutions \u00e0 suivre jusqu&rsquo;\u00e0 la fin de l&rsquo;ann\u00e9e<\/p>\n<p>Face \u00e0 la remont\u00e9e des prix, plusieurs signaux sont \u00e0 surveiller :<\/p>\n<ul>\n<li><strong>Inflation globale :<\/strong> un glissement discret, mais r\u00e9el (+1,2 % sur un an en septembre 2025).<\/li>\n<li><strong>Services et alimentation :<\/strong> la pression devrait se maintenir d&rsquo;ici la fin de l&rsquo;ann\u00e9e.<\/li>\n<li><strong>Loyers :<\/strong> plafonn\u00e9s par l&rsquo;IRL \u00e0 +0,87 % (T3 2025), sous surveillance pour les renouvellements de bail.<\/li>\n<li><strong>\u00c9nergie :<\/strong> stabilit\u00e9 \u00e0 saluer sur l&rsquo;\u00e9lectricit\u00e9, prudence pour les offres de march\u00e9 ou l&rsquo;\u00e9volution des abonnements d&rsquo;hiver.<\/li>\n<li><strong>Taux d&rsquo;\u00e9pargne :<\/strong> LEP (2,7 %), Livret A et LDDS (1,7 %) : des placements utiles face \u00e0 l&rsquo;\u00e9rosion du pouvoir d&rsquo;achat.<\/li>\n<\/ul>\n<p> Conseils et points d&rsquo;attention pour limiter la casse<\/p>\n<p>Aucun miracle en perspective, mais quelques <strong>rep\u00e8res simples<\/strong> pour garder la main :<\/p>\n<ul>\n<li>V\u00e9rifier les indexations du loyer : hors IRL, refuser toute augmentation abusive.<\/li>\n<li>R\u00e9aliser un bilan \u00e9nergie avant l&rsquo;hiver et optimiser le contrat (options HP\/HC, adaptation de la puissance).<\/li>\n<li>Refroidir l&rsquo;app\u00e9tit des abonnements et contrats dont les tarifs flambent : r\u00e9silier, ren\u00e9gocier, ou arbitrer.<\/li>\n<li>Mobiliser l&rsquo;\u00e9pargne liquidit\u00e9 garantie, en privil\u00e9giant le LEP d\u00e8s que possible (sous conditions de revenus).<\/li>\n<li>Surveiller l&rsquo;\u00e9volution des prix \u00e0 la consommation sans paniquer, mais en adaptant ses habitudes en temps r\u00e9el.<\/li>\n<\/ul>\n<p>L&rsquo;inflation poursuit sa lente remont\u00e9e \u2013 parfois masqu\u00e9e par de l\u00e9gers coups de frein sur l&rsquo;\u00e9nergie ou les produits industriels \u2013 et le budget des m\u00e9nages n&rsquo;a plus le droit \u00e0 l&rsquo;erreur \u00e0 l&rsquo;approche de l&rsquo;hiver. Entre <strong>vigilance et astuce<\/strong>, la saison automnale fait la part belle aux arbitrages \u00e9clair\u00e9s et \u00e0 la cr\u00e9ativit\u00e9 quotidienne.<\/p>\n<p>Le budget de fin 2025 exige donc de composer avec une inflation subtile mais persistante, des hausses cibl\u00e9es et quelques garde-fous r\u00e9glementaires salutaires. Si la m\u00e9t\u00e9o \u00e9conomique annonce des nuages, le portefeuille n&rsquo;est pas n\u00e9cessairement condamn\u00e9 \u00e0 finir tremp\u00e9 \u2013 sous r\u00e9serve de garder l&rsquo;\u0153il vif et le sens de la d\u00e9brouille bien aff\u00fbt\u00e9. De quoi repenser avec pragmatisme l&rsquo;art de jongler entre les d\u00e9penses, tout en se r\u00e9chauffant au coin du feu\u2026 sans pour autant perdre le sourire.<\/p>\n","protected":false},"excerpt":{"rendered":"Le retour de l&rsquo;automne s&rsquo;accompagne cette ann\u00e9e d&rsquo;un parfum particulier : celui de la vigilance budg\u00e9taire. Les feuilles&hellip;\n","protected":false},"author":2,"featured_media":491281,"comment_status":"","ping_status":"","sticky":false,"template":"","format":"standard","meta":{"footnotes":""},"categories":[6],"tags":[35,33,34,1011,27,56],"class_list":{"0":"post-491280","1":"post","2":"type-post","3":"status-publish","4":"format-standard","5":"has-post-thumbnail","7":"category-economie","8":"tag-business","9":"tag-economie","10":"tag-economy","11":"tag-fr","12":"tag-france","13":"tag-push"},"share_on_mastodon":{"url":"https:\/\/pubeurope.com\/@fr\/115440841182672236","error":""},"_links":{"self":[{"href":"https:\/\/www.europesays.com\/fr\/wp-json\/wp\/v2\/posts\/491280","targetHints":{"allow":["GET"]}}],"collection":[{"href":"https:\/\/www.europesays.com\/fr\/wp-json\/wp\/v2\/posts"}],"about":[{"href":"https:\/\/www.europesays.com\/fr\/wp-json\/wp\/v2\/types\/post"}],"author":[{"embeddable":true,"href":"https:\/\/www.europesays.com\/fr\/wp-json\/wp\/v2\/users\/2"}],"replies":[{"embeddable":true,"href":"https:\/\/www.europesays.com\/fr\/wp-json\/wp\/v2\/comments?post=491280"}],"version-history":[{"count":0,"href":"https:\/\/www.europesays.com\/fr\/wp-json\/wp\/v2\/posts\/491280\/revisions"}],"wp:featuredmedia":[{"embeddable":true,"href":"https:\/\/www.europesays.com\/fr\/wp-json\/wp\/v2\/media\/491281"}],"wp:attachment":[{"href":"https:\/\/www.europesays.com\/fr\/wp-json\/wp\/v2\/media?parent=491280"}],"wp:term":[{"taxonomy":"category","embeddable":true,"href":"https:\/\/www.europesays.com\/fr\/wp-json\/wp\/v2\/categories?post=491280"},{"taxonomy":"post_tag","embeddable":true,"href":"https:\/\/www.europesays.com\/fr\/wp-json\/wp\/v2\/tags?post=491280"}],"curies":[{"name":"wp","href":"https:\/\/api.w.org\/{rel}","templated":true}]}}