{"id":491290,"date":"2025-10-26T14:08:12","date_gmt":"2025-10-26T14:08:12","guid":{"rendered":"https:\/\/www.europesays.com\/fr\/491290\/"},"modified":"2025-10-26T14:08:12","modified_gmt":"2025-10-26T14:08:12","slug":"nancy-lhotel-de-police-et-les-gardes-a-vue-ont-ete-evacues-apres-un-depart-de-feu","status":"publish","type":"post","link":"https:\/\/www.europesays.com\/fr\/491290\/","title":{"rendered":"Nancy. L\u2019h\u00f4tel de police et les gard\u00e9s \u00e0 vue ont \u00e9t\u00e9 \u00e9vacu\u00e9s apr\u00e8s un d\u00e9part de feu"},"content":{"rendered":"<p>L\u2019h\u00f4tel de police du boulevard Lobau \u00e0 Nancy a \u00e9t\u00e9 \u00e9vacu\u00e9 ce dimanche 26\u00a0octobre vers 12\u00a0h apr\u00e8s qu\u2019un incendie s\u2019est d\u00e9clar\u00e9 dans les sous-sols du b\u00e2timent. Le feu, d\u2019origine \u00e9lectrique, a \u00e9t\u00e9 rapidement circonscrit par les 17 sapeurs-pompiers engag\u00e9s.<\/p>\n<p>L\u2019incendie a caus\u00e9 un important d\u00e9gagement de fum\u00e9e dans les locaux. Une quarantaine de fonctionnaires ont d\u00fb \u00e9vacuer le b\u00e2timent jusqu\u2018\u00e0 la ventilation totale de l\u2019immeuble et plus particuli\u00e8rement du 1er \u00e9tage.<\/p>\n<p>  Le 17 op\u00e9rationnel<\/p>\n<p>Au moins une dizaine de personnes qui se trouvaient en garde \u00e0 vue, ont \u00e9galement \u00e9t\u00e9 \u00e9vacu\u00e9es des cellules et d\u00e9plac\u00e9es dans des commissariats du secteur, notamment \u00e0 Lun\u00e9ville et Dombasle. Il n\u2019y a eu aucun bless\u00e9.<\/p>\n<p>Le \u00ab\u00a017\u00a0\u00bb, num\u00e9ro de police secours reste op\u00e9rationnel au niveau du Centre d\u2019information et de commandement (CIC).<\/p>\n<p>Le commissaire Maurice Alibert, directeur interd\u00e9partemental adjoint, \u00e9tait sur place afin de g\u00e9rer la situation avec les sapeurs-pompiers pour le c\u00f4t\u00e9 incendie et les magistrats du parquet pour le volet judiciaire des gard\u00e9s \u00e0 vue\u2026<\/p>\n","protected":false},"excerpt":{"rendered":"L\u2019h\u00f4tel de police du boulevard Lobau \u00e0 Nancy a \u00e9t\u00e9 \u00e9vacu\u00e9 ce dimanche 26\u00a0octobre vers 12\u00a0h apr\u00e8s qu\u2019un&hellip;\n","protected":false},"author":2,"featured_media":491291,"comment_status":"","ping_status":"","sticky":false,"template":"","format":"standard","meta":{"footnotes":""},"categories":[9635],"tags":[1111,11,1704,1777,674,274,1011,27,775,1310,3457,1702,1703,12,25],"class_list":{"0":"post-491290","1":"post","2":"type-post","3":"status-publish","4":"format-standard","5":"has-post-thumbnail","7":"category-nancy","8":"tag-actu","9":"tag-actualites","10":"tag-edition-nancy-et-agglomeration","11":"tag-eu","12":"tag-europe","13":"tag-faits-divers-justice","14":"tag-fr","15":"tag-france","16":"tag-grand-est","17":"tag-incendie","18":"tag-meurthe-et-moselle","19":"tag-nancy","20":"tag-nancy-ville-54b","21":"tag-news","22":"tag-republique-francaise"},"share_on_mastodon":{"url":"https:\/\/pubeurope.com\/@fr\/115440864683945957","error":""},"_links":{"self":[{"href":"https:\/\/www.europesays.com\/fr\/wp-json\/wp\/v2\/posts\/491290","targetHints":{"allow":["GET"]}}],"collection":[{"href":"https:\/\/www.europesays.com\/fr\/wp-json\/wp\/v2\/posts"}],"about":[{"href":"https:\/\/www.europesays.com\/fr\/wp-json\/wp\/v2\/types\/post"}],"author":[{"embeddable":true,"href":"https:\/\/www.europesays.com\/fr\/wp-json\/wp\/v2\/users\/2"}],"replies":[{"embeddable":true,"href":"https:\/\/www.europesays.com\/fr\/wp-json\/wp\/v2\/comments?post=491290"}],"version-history":[{"count":0,"href":"https:\/\/www.europesays.com\/fr\/wp-json\/wp\/v2\/posts\/491290\/revisions"}],"wp:featuredmedia":[{"embeddable":true,"href":"https:\/\/www.europesays.com\/fr\/wp-json\/wp\/v2\/media\/491291"}],"wp:attachment":[{"href":"https:\/\/www.europesays.com\/fr\/wp-json\/wp\/v2\/media?parent=491290"}],"wp:term":[{"taxonomy":"category","embeddable":true,"href":"https:\/\/www.europesays.com\/fr\/wp-json\/wp\/v2\/categories?post=491290"},{"taxonomy":"post_tag","embeddable":true,"href":"https:\/\/www.europesays.com\/fr\/wp-json\/wp\/v2\/tags?post=491290"}],"curies":[{"name":"wp","href":"https:\/\/api.w.org\/{rel}","templated":true}]}}