{"id":491295,"date":"2025-10-26T14:13:16","date_gmt":"2025-10-26T14:13:16","guid":{"rendered":"https:\/\/www.europesays.com\/fr\/491295\/"},"modified":"2025-10-26T14:13:16","modified_gmt":"2025-10-26T14:13:16","slug":"mg-cyberster-electrique-la-beaute-na-presque-pas-de-prix","status":"publish","type":"post","link":"https:\/\/www.europesays.com\/fr\/491295\/","title":{"rendered":"MG Cyberster \u00e9lectrique, la beaut\u00e9 n\u2019a (presque) pas de prix"},"content":{"rendered":"<p>            Par<br \/>\n        <strong><br \/>\n            <a href=\"https:\/\/actu.fr\/auteur\/g-martin\" title=\"Consulter tous les articles de Gil Martin\" rel=\"nofollow noopener\" target=\"_blank\">Gil Martin<\/a><br \/>\n        <\/strong><\/p>\n<p>        Publi\u00e9 le<\/p>\n<p>            26 oct. 2025 \u00e0 14h21        <\/p>\n<p>Elle ne laisse personne indiff\u00e9rent. La silhouette de la <strong>MG Cyberster \u00e9lectrique<\/strong>, une supercar deux places aux airs de coup\u00e9 et de cabriolet imagin\u00e9e par le designer slovaque Joseph Kaban, fait se retourner toutes les t\u00eates. <strong>Cette belle sportive<\/strong> aux dimensions similaires \u00e0 celles d\u2019une Porsche 911 partage <strong>l\u2019ADN des supercar<\/strong>s : des lignes ramass\u00e9es bien proportionn\u00e9es, un capot tr\u00e8s plongeant, un museau aiguis\u00e9 comme celui d\u2019un pr\u00e9dateur, un plancher tr\u00e8s pr\u00e8s du sol, sans oublier une signature lumineuse exceptionnelle sur le hayon avec d\u2019audacieux feux arri\u00e8re en forme de fl\u00e8che que l\u2019on ne trouve nulle part ailleurs\u2026<\/p>\n<p>\u00ab\u00a0Luxe, calme et volupt\u00e9\u00a0\u00bb<\/p>\n<p class=\" wall-content\">La MG Cyberster \u00e9lectrique propose m\u00eame des <strong>portes \u00e9lectriques en ouverture en \u00e9lytre<\/strong>, appendice vraiment exclusif des supercars ! \u00c0 l\u2019int\u00e9rieur, on est surpris par la qualit\u00e9 de finition et le<strong> luxe discret<\/strong> qui \u00e9mane de l\u2019ensemble. Dans ce d\u00e9cor enti\u00e8rement pourpre, on pense \u00e0 Baudelaire\u00a0: \u00ab\u00a0Ici, tout n\u2019est que calme, luxe et volupt\u00e9\u00a0\u00bb. On prend ses aises en se lovant sur le si\u00e8ge baquet en cuir et on savoure l\u2019impression de se retrouver dans le <strong>cockpit d\u2019un avion<\/strong>.<\/p>\n<p>    <img   decoding=\"async\" loading=\"lazy\" src=\"https:\/\/www.europesays.com\/fr\/wp-content\/uploads\/2025\/10\/photo-cyberster-hayon-960x640.jpg\" alt=\"A l'arri\u00e8re, une signature lumineuse exceptionnelle avec des feux en forme de fl\u00e8che que l\u2019on ne trouve nulle part ailleurs\" width=\"960\" height=\"640\"\/><br \/>\n    \u00c0 l\u2019arri\u00e8re, une signature lumineuse exceptionnelle avec des feux en forme de fl\u00e8che que l\u2019on ne trouve nulle part ailleurs (\u00a9MG)\u00c9l\u00e9gance et univers num\u00e9rique<\/p>\n<p class=\" wall-content\">La planche de bord est un mod\u00e8le du genre avec une<strong> belle instrumentation num\u00e9rique<\/strong> en position haute. Ici, tout l\u2019\u00e9quipement num\u00e9rique est int\u00e9gr\u00e9 dans un seul mobilier horizontal du plus bel effet. On appr\u00e9cie \u00e9galement la finesse du tunnel central d\u00e9licatement orient\u00e9 vers le pilote et dot\u00e9 de quelques commandes chrom\u00e9es tr\u00e8s \u00e9l\u00e9gantes. Le volant, au dessin ovale, est aussi bien esquiss\u00e9 avec son gros rep\u00e8re en aluminium. \u00a0\u00a0\u00a0<\/p>\n<p><strong>Le petit +<\/strong>\u00a0: pour installer la capote ou l\u2019enlever, comptez 10 secondes en roulant jusqu\u2019\u00e0 50 km\/h<\/p>\n<p>Vid\u00e9os : en ce moment sur Actu<\/p>\n<blockquote class=\"ac-article-quote wall-content\">\n<p>\u00ab\u00a0Le roadster a \u00e9t\u00e9 calibr\u00e9 pour offrir de belles performances Avec sa batterie de 77 kWh, il peut rouler plus de 500 km en autonomie selon le constructeur d\u00e9sormais sous pavillon chinois\u00a0\u00bb<\/p>\n<p>    <strong\/>\n            <\/p><\/blockquote>\n<p class=\" wall-content\">Cette Cyberster est aussi belle \u00e0 l\u2019ext\u00e9rieur qu\u2019\u00e0 l\u2019int\u00e9rieur. Et c\u00f4t\u00e9 <strong>puissance<\/strong>, la belle ne d\u00e9\u00e7oit pas. C\u00f4t\u00e9 puissance, le Cyberster \u00e9lectrique propose <strong>340 ch<\/strong>. C\u2019est moins que le mod\u00e8le essence, mais sur cette version \u00e9lectrifi\u00e9e, la puissance et le couple (475 Nm tout de m\u00eame\u00a0!) sont imm\u00e9diatement disponibles. <strong>Il faut moins de 5 secondes<\/strong> au roadster pour passer de 0 \u00e0 100 km\/h, soit \u00e0 peine 1,8 s de plus que la Cyberster de 510 ch. Sur ce mod\u00e8le, les reprises sont tout de m\u00eame <strong>plus vigoureuses et soyeuses<\/strong>, f\u00e9e \u00e9lectricit\u00e9 oblige.<\/p>\n<p>Votre r\u00e9gion, votre actu !<\/p>\n<p>Recevez chaque jour les infos qui comptent pour vous.<\/p>\n<p>\t<a href=\"https:\/\/actu.fr\/newsletter\" class=\"ac-btn ac-btn--corner ac-btn--medium ac-btn--blue800\" rel=\"nofollow noopener\" target=\"_blank\">S&rsquo;incrire<\/a><\/p>\n<p>    <img   decoding=\"async\" loading=\"lazy\" src=\"https:\/\/www.europesays.com\/fr\/wp-content\/uploads\/2025\/10\/photo-cybester-plongee-960x640.jpg\" alt=\"Dans ce d\u00e9cor enti\u00e8rement pourpre, on pense \u00e0 Baudelaire : \u00ab Ici, tout n\u2019est que calme, luxe et volupt\u00e9 \u00bb.\" width=\"960\" height=\"640\"\/><br \/>\n    Dans ce d\u00e9cor enti\u00e8rement pourpre, on pense \u00e0 Baudelaire : \u00ab Ici, tout n\u2019est que calme, luxe et volupt\u00e9 \u00bb. (\u00a9MG)Une conso sous les 20 kWh<\/p>\n<p class=\" wall-content\">MG ne s\u2019est pas content\u00e9 de sortir un joli roadster pour frimer l\u2019\u00e9t\u00e9. L\u2019engin a \u00e9t\u00e9 calibr\u00e9 pour offrir \u00e9galement <strong>de belles performances<\/strong>. Son poids a \u00e9t\u00e9 r\u00e9duit d\u2019une centaine de kilos afin de compenser l\u2019arriv\u00e9e d\u2019une grosse batterie de 77 kWh permettant <strong>une autonomie<\/strong> tout \u00e0 fait satisfaisante annonc\u00e9 par le constructeur britannique (sous pavillon chinois d\u00e9sormais) <strong>\u00e0 un peu plus de 500 km<\/strong>. Cependant, MG exag\u00e8re en peu en annon\u00e7ant une consommation en circuit mixte \u00e0 <strong>16,7 kWh aux 100 km<\/strong>\u2026 Il faut plut\u00f4t tabler sur une consommation maintenue <strong>sous la barre des 20 kWh<\/strong> \u00e0 la condition expresse de ne pas jouer au fou de la p\u00e9dale.<\/p>\n<p>    <a href=\"https:\/\/www.google.com\/maps\/embed?pb=!1m18!1m12!1m3!1d92442.52658613976!2d3.791767770210712!3d43.610102855498916!2m3!1f0!2f0!3f0!3m2!1i1024!2i768!4f13.1!3m3!1m2!1s0x12b6af0725dd9db1%3A0xad8756742894e802!2sMontpellier!5e0!3m2!1sfr!2sfr!4v1758660930519!5m2!1sfr!2sfr\" title=\"Ouvrie le lien\" rel=\"nofollow noopener\" target=\"_blank\">Cliquez ici pour visualiser le contenu<\/a><\/p>\n<p>Un peu lent \u00e0 la recharge<\/p>\n<p class=\" wall-content\">Au final, il vaut mieux miser sur une autonomie globale de <strong>430-450 km<\/strong> pour \u00e9viter les mauvaises surprises\u2026 Petit b\u00e9mol pour ce magnifique roadster toutefois : pourquoi n\u2019est-il pas \u00e9quip\u00e9 d\u2019un planificateur d\u2019autonomie, et pourquoi les ing\u00e9nieurs n\u2019ont-ils pas dot\u00e9 cette supercar \u00e9lectrique d\u2019un dispositif de recharge digne de ce nom (ici du 144 kW maximum) ? Il faut au moins <strong>30 mn pour recharger la batterie de 10 \u00e0 80%<\/strong>, quand d\u2019autres voitures du m\u00eame segment bouclent l\u2019affaire en moins de 18 mn\u2026<\/p>\n<p>    <img   decoding=\"async\" loading=\"lazy\" src=\"https:\/\/www.europesays.com\/fr\/wp-content\/uploads\/2025\/10\/photo-cybester-planche-960x640.jpg\" alt=\"Il faut moins de 5 secondes au roadster pour passer de 0 \u00e0 100 km\/h\" width=\"960\" height=\"640\"\/><br \/>\n    Il faut moins de 5 secondes au roadster pour passer de 0 \u00e0 100 km\/h (\u00a9MG)Un coffre pour les week-ends<\/p>\n<p class=\" wall-content\">Enfin, derni\u00e8re observation\u00a0: conduire <strong>dans le silence<\/strong> velout\u00e9 de ce roadster d\u2019exception est un vrai plaisir, mais la <strong>version sonore<\/strong>, destin\u00e9e \u00e0 produire plus de sensations, n\u2019est pas r\u00e9ussie. La sonorit\u00e9 de gros moteur qui sort des entrailles de l\u2019\u00e9lectrique fait un peu trop <strong>artificielle<\/strong> pour convaincre\u2026 Mais on peut toujours se consoler en sachant que ce roaster vous permet de ne pas partir en week-end avec juste votre trousse \u00e0 toilette. Avec son <strong>coffre de 249 litres<\/strong>, on peut partir \u00e0 deux avec un minimum de bagages.<\/p>\n<p>MG Cyberster \u00e9lectrique : la fiche technique<\/p>\n<p>Poids\u00a0: 1 885 kg \u00e0 vide<br \/>Dimensions\u00a0: 4,36 (L) et 1,33 m (h)<br \/>Puissance\u00a0: 340 ch (250 kW) et 475 Nm de couple<br \/>Vitesse max\u00a0: 195 km\/h<br \/>De 0 \u00e0 100 km\/h en 5 s<br \/>Batterie de 77 kWh<br \/>Autonomie annonc\u00e9e\u00a0: 510 km<br \/>Conso\u00a0: sous les 20 kWh\/km<br \/>Coffre : 249 l<br \/>Tarifs : 62 990 \u20ac<\/p>\n<p class=\" wall-content\">Personnalisez votre actualit\u00e9 en ajoutant vos villes et m\u00e9dias en favori avec <a href=\"https:\/\/moncompte.actu.fr\" title=\"D\u00e9couvez Mon Actu\" rel=\"nofollow noopener\" data-trk=\"{&quot;cta&quot;:{&quot;action&quot;:&quot;https:\\\/\\\/moncompte.actu.fr&quot;,&quot;category&quot;:&quot;mon compte&quot;,&quot;from&quot;:&quot;article footer&quot;,&quot;name&quot;:&quot;Mon actu&quot;,&quot;type&quot;:&quot;cta&quot;}}\" target=\"_blank\">Mon Actu<\/a>.<\/p>\n","protected":false},"excerpt":{"rendered":"Par Gil Martin Publi\u00e9 le 26 oct. 2025 \u00e0 14h21 Elle ne laisse personne indiff\u00e9rent. La silhouette de&hellip;\n","protected":false},"author":2,"featured_media":491296,"comment_status":"","ping_status":"","sticky":false,"template":"","format":"standard","meta":{"footnotes":""},"categories":[9599],"tags":[1111,11,1777,674,1011,27,1305,2208,12,2680,25],"class_list":{"0":"post-491295","1":"post","2":"type-post","3":"status-publish","4":"format-standard","5":"has-post-thumbnail","7":"category-montpellier","8":"tag-actu","9":"tag-actualites","10":"tag-eu","11":"tag-europe","12":"tag-fr","13":"tag-france","14":"tag-lifestyle","15":"tag-montpellier","16":"tag-news","17":"tag-occitanie","18":"tag-republique-francaise"},"share_on_mastodon":{"url":"https:\/\/pubeurope.com\/@fr\/115440886465497472","error":""},"_links":{"self":[{"href":"https:\/\/www.europesays.com\/fr\/wp-json\/wp\/v2\/posts\/491295","targetHints":{"allow":["GET"]}}],"collection":[{"href":"https:\/\/www.europesays.com\/fr\/wp-json\/wp\/v2\/posts"}],"about":[{"href":"https:\/\/www.europesays.com\/fr\/wp-json\/wp\/v2\/types\/post"}],"author":[{"embeddable":true,"href":"https:\/\/www.europesays.com\/fr\/wp-json\/wp\/v2\/users\/2"}],"replies":[{"embeddable":true,"href":"https:\/\/www.europesays.com\/fr\/wp-json\/wp\/v2\/comments?post=491295"}],"version-history":[{"count":0,"href":"https:\/\/www.europesays.com\/fr\/wp-json\/wp\/v2\/posts\/491295\/revisions"}],"wp:featuredmedia":[{"embeddable":true,"href":"https:\/\/www.europesays.com\/fr\/wp-json\/wp\/v2\/media\/491296"}],"wp:attachment":[{"href":"https:\/\/www.europesays.com\/fr\/wp-json\/wp\/v2\/media?parent=491295"}],"wp:term":[{"taxonomy":"category","embeddable":true,"href":"https:\/\/www.europesays.com\/fr\/wp-json\/wp\/v2\/categories?post=491295"},{"taxonomy":"post_tag","embeddable":true,"href":"https:\/\/www.europesays.com\/fr\/wp-json\/wp\/v2\/tags?post=491295"}],"curies":[{"name":"wp","href":"https:\/\/api.w.org\/{rel}","templated":true}]}}