{"id":491299,"date":"2025-10-26T14:17:16","date_gmt":"2025-10-26T14:17:16","guid":{"rendered":"https:\/\/www.europesays.com\/fr\/491299\/"},"modified":"2025-10-26T14:17:16","modified_gmt":"2025-10-26T14:17:16","slug":"lus-alencon-sincline-a-oissel-et-voit-son-parcours-sarreter-au-sixieme-tour-angers-info","status":"publish","type":"post","link":"https:\/\/www.europesays.com\/fr\/491299\/","title":{"rendered":"l\u2019US Alen\u00e7on s\u2019incline \u00e0 Oissel et voit son parcours s\u2019arr\u00eater au sixi\u00e8me tour \u2013 Angers Info"},"content":{"rendered":"<p><img fetchpriority=\"high\" decoding=\"async\" width=\"1024\" height=\"682\" src=\"https:\/\/www.europesays.com\/fr\/wp-content\/uploads\/2025\/10\/soccer-1678992_1280-1024x682.jpg\" alt=\"\" class=\"wp-image-170191\"  \/><br \/>L\u2019US Alen\u00e7on a \u00e9t\u00e9 \u00e9limin\u00e9e de la Coupe de France au sixi\u00e8me tour apr\u00e8s sa d\u00e9faite 1-0 \u00e0 Oissel, deux semaines seulement apr\u00e8s son exploit face au FC Rouen<\/p>\n<p><strong>L\u2019US Alen\u00e7on n\u2019a pas r\u00e9\u00e9dit\u00e9 son exploit du tour pr\u00e9c\u00e9dent. Deux semaines apr\u00e8s avoir \u00e9limin\u00e9 le FC Rouen, leader de National 1, les hommes de Vincent Laigneau ont \u00e9t\u00e9 battus 1 \u00e0 0 sur la pelouse d\u2019Oissel (Seine-Maritime), samedi 25 octobre 2025. Cette d\u00e9faite met un terme \u00e0 leur parcours en Coupe de France, avant l\u2019entr\u00e9e en lice des clubs de Ligue 2.<\/strong><\/p>\n<p><strong>Une entame manqu\u00e9e qui co\u00fbte cher<\/strong><\/p>\n<p>Face \u00e0 un adversaire \u00e9galement pensionnaire de National 3, les Alen\u00e7onnais ont souffert d\u00e8s la premi\u00e8re p\u00e9riode. Lassine Fofana a inscrit l\u2019unique but du match \u00e0 la 33e minute, concr\u00e9tisant la domination d\u2019Oissel. L\u2019entra\u00eeneur alen\u00e7onnais n\u2019a pas cach\u00e9 sa frustration : \u00ab En coupe, on a disput\u00e9 quatre matchs et huit mi-temps. On en a oubli\u00e9 une, la premi\u00e8re aujourd\u2019hui \u00bb, a reconnu Vincent Laigneau, avant de pointer le manque d\u2019intensit\u00e9 de ses joueurs. \u00ab On n\u2019a pas eu l\u2019attitude d\u2019un match de Coupe de France, pas en mouvement, trop de pertes de balle. On n\u2019y \u00e9tait pas et on s\u2019est fait punir. \u00bb<\/p>\n<p><strong>Des occasions sans r\u00e9ussite en seconde p\u00e9riode<\/strong><\/p>\n<p>Selon <a href=\"https:\/\/actu.fr\/normandie\/alencon_61001\/football-coupe-de-france-apres-lexploit-contre-rouen-lus-alencon-eliminee-par-oissel_63352551.html\" rel=\"nofollow noopener\" target=\"_blank\">Actu.fr<\/a>, le visage des Verts a \u00e9t\u00e9 plus s\u00e9duisant apr\u00e8s la pause. Plus entreprenants, ils ont multipli\u00e9 les offensives, sans parvenir \u00e0 concr\u00e9tiser leurs occasions. \u00c0 l\u2019heure de jeu, une t\u00eate d\u2019Amaury Tessier est venue heurter le montant, symbole d\u2019une apr\u00e8s-midi frustrante pour les Ornais. \u00ab Oissel m\u00e9rite sa victoire. Ils ont marqu\u00e9 et tenu le match \u00bb, a conc\u00e9d\u00e9 leur entra\u00eeneur. \u00ab \u00c7a m\u2019emb\u00eate s\u00e9rieusement de voir mon \u00e9quipe sombrer apr\u00e8s avoir montr\u00e9 des attitudes positives durant notre parcours. On n\u2019a pas fait le m\u00eame match que contre Vire et Rouen. On a tendu la joue et on s\u2019est pris une claque. \u00bb<\/p>\n<p><strong>Cap d\u00e9sormais sur le championnat<\/strong><\/p>\n<p>Comme il y a trois ans, apr\u00e8s avoir fait chuter Le Havre, l\u2019US Alen\u00e7on s\u2019arr\u00eate juste apr\u00e8s son exploit. D\u00e9sormais, les Ornais vont se recentrer sur le championnat de National 3, o\u00f9 ils occupent actuellement la 9e place.<\/p>\n","protected":false},"excerpt":{"rendered":"L\u2019US Alen\u00e7on a \u00e9t\u00e9 \u00e9limin\u00e9e de la Coupe de France au sixi\u00e8me tour apr\u00e8s sa d\u00e9faite 1-0 \u00e0&hellip;\n","protected":false},"author":2,"featured_media":491300,"comment_status":"","ping_status":"","sticky":false,"template":"","format":"standard","meta":{"footnotes":""},"categories":[9587],"tags":[1111,11,14015,1777,674,2257,1011,27,12,5161,810,25,9590],"class_list":{"0":"post-491299","1":"post","2":"type-post","3":"status-publish","4":"format-standard","5":"has-post-thumbnail","7":"category-rouen","8":"tag-actu","9":"tag-actualites","10":"tag-alencon","11":"tag-eu","12":"tag-europe","13":"tag-foot","14":"tag-fr","15":"tag-france","16":"tag-news","17":"tag-normandie","18":"tag-orne","19":"tag-republique-francaise","20":"tag-rouen"},"share_on_mastodon":{"url":"https:\/\/pubeurope.com\/@fr\/115440902234975668","error":""},"_links":{"self":[{"href":"https:\/\/www.europesays.com\/fr\/wp-json\/wp\/v2\/posts\/491299","targetHints":{"allow":["GET"]}}],"collection":[{"href":"https:\/\/www.europesays.com\/fr\/wp-json\/wp\/v2\/posts"}],"about":[{"href":"https:\/\/www.europesays.com\/fr\/wp-json\/wp\/v2\/types\/post"}],"author":[{"embeddable":true,"href":"https:\/\/www.europesays.com\/fr\/wp-json\/wp\/v2\/users\/2"}],"replies":[{"embeddable":true,"href":"https:\/\/www.europesays.com\/fr\/wp-json\/wp\/v2\/comments?post=491299"}],"version-history":[{"count":0,"href":"https:\/\/www.europesays.com\/fr\/wp-json\/wp\/v2\/posts\/491299\/revisions"}],"wp:featuredmedia":[{"embeddable":true,"href":"https:\/\/www.europesays.com\/fr\/wp-json\/wp\/v2\/media\/491300"}],"wp:attachment":[{"href":"https:\/\/www.europesays.com\/fr\/wp-json\/wp\/v2\/media?parent=491299"}],"wp:term":[{"taxonomy":"category","embeddable":true,"href":"https:\/\/www.europesays.com\/fr\/wp-json\/wp\/v2\/categories?post=491299"},{"taxonomy":"post_tag","embeddable":true,"href":"https:\/\/www.europesays.com\/fr\/wp-json\/wp\/v2\/tags?post=491299"}],"curies":[{"name":"wp","href":"https:\/\/api.w.org\/{rel}","templated":true}]}}