{"id":491304,"date":"2025-10-26T14:25:24","date_gmt":"2025-10-26T14:25:24","guid":{"rendered":"https:\/\/www.europesays.com\/fr\/491304\/"},"modified":"2025-10-26T14:25:24","modified_gmt":"2025-10-26T14:25:24","slug":"saint-gregoire-ils-se-reunissent-contre-la-poliomyelite","status":"publish","type":"post","link":"https:\/\/www.europesays.com\/fr\/491304\/","title":{"rendered":"Saint-Gr\u00e9goire. Ils se r\u00e9unissent contre la poliomy\u00e9lite"},"content":{"rendered":"<p>Les membres du groupe d\u2019entraide Polio Ouest (EPO) se sont retrouv\u00e9s, jeudi 16\u00a0octobre, pour une r\u00e9union de travail. \u00a0Depuis 2013, le groupe EPO cr\u00e9\u00e9 au sein de l\u2019association APF France handicap vient en aide aux personnes porteuses de s\u00e9quelles invalidantes li\u00e9es \u00e0 la poliomy\u00e9lite\u00a0, explique Monique Berlan, membre de l\u2019association. Cette maladie virale contagieuse atteint le syst\u00e8me nerveux.<\/p>\n<p>Au programme de la journ\u00e9e\u00a0: de la pr\u00e9vention sur le vieillissement et les bienfaits de l\u2019activit\u00e9 physique par le Dr Roy, m\u00e9decin en m\u00e9decine physique et r\u00e9\u00e9ducation \u00e0 Rennes. \u00a0Outre de pr\u00e9cieuses informations pratiques, m\u00e9dicales et administratives, le groupe a permis la cr\u00e9ation d\u2019un r\u00e9seau de m\u00e9decins de la r\u00e9gion Grand Ouest, accueillant des patients atteints de s\u00e9quelles de poliomy\u00e9lite\u00a0, se f\u00e9licite Monique Berlan.<\/p>\n<p><strong>Contact\u00a0:<\/strong> t\u00e9l.\u00a002\u00a099\u00a084\u00a026\u00a066 ou apf-francehandicap35.org<\/p>\n<p>\u00a0<\/p>\n","protected":false},"excerpt":{"rendered":"Les membres du groupe d\u2019entraide Polio Ouest (EPO) se sont retrouv\u00e9s, jeudi 16\u00a0octobre, pour une r\u00e9union de travail.&hellip;\n","protected":false},"author":2,"featured_media":491305,"comment_status":"","ping_status":"","sticky":false,"template":"","format":"standard","meta":{"footnotes":""},"categories":[2821],"tags":[1111,11,829,1777,674,1011,27,12,61417,584,25,61416,5372],"class_list":{"0":"post-491304","1":"post","2":"type-post","3":"status-publish","4":"format-standard","5":"has-post-thumbnail","7":"category-rennes","8":"tag-actu","9":"tag-actualites","10":"tag-bretagne","11":"tag-eu","12":"tag-europe","13":"tag-fr","14":"tag-france","15":"tag-news","16":"tag-poliomyelite","17":"tag-rennes","18":"tag-republique-francaise","19":"tag-reunissent","20":"tag-saint-gregoire"},"share_on_mastodon":{"url":"https:\/\/pubeurope.com\/@fr\/115440931555327135","error":""},"_links":{"self":[{"href":"https:\/\/www.europesays.com\/fr\/wp-json\/wp\/v2\/posts\/491304","targetHints":{"allow":["GET"]}}],"collection":[{"href":"https:\/\/www.europesays.com\/fr\/wp-json\/wp\/v2\/posts"}],"about":[{"href":"https:\/\/www.europesays.com\/fr\/wp-json\/wp\/v2\/types\/post"}],"author":[{"embeddable":true,"href":"https:\/\/www.europesays.com\/fr\/wp-json\/wp\/v2\/users\/2"}],"replies":[{"embeddable":true,"href":"https:\/\/www.europesays.com\/fr\/wp-json\/wp\/v2\/comments?post=491304"}],"version-history":[{"count":0,"href":"https:\/\/www.europesays.com\/fr\/wp-json\/wp\/v2\/posts\/491304\/revisions"}],"wp:featuredmedia":[{"embeddable":true,"href":"https:\/\/www.europesays.com\/fr\/wp-json\/wp\/v2\/media\/491305"}],"wp:attachment":[{"href":"https:\/\/www.europesays.com\/fr\/wp-json\/wp\/v2\/media?parent=491304"}],"wp:term":[{"taxonomy":"category","embeddable":true,"href":"https:\/\/www.europesays.com\/fr\/wp-json\/wp\/v2\/categories?post=491304"},{"taxonomy":"post_tag","embeddable":true,"href":"https:\/\/www.europesays.com\/fr\/wp-json\/wp\/v2\/tags?post=491304"}],"curies":[{"name":"wp","href":"https:\/\/api.w.org\/{rel}","templated":true}]}}