{"id":491311,"date":"2025-10-26T14:34:15","date_gmt":"2025-10-26T14:34:15","guid":{"rendered":"https:\/\/www.europesays.com\/fr\/491311\/"},"modified":"2025-10-26T14:34:15","modified_gmt":"2025-10-26T14:34:15","slug":"le-carlton-a-cannes-la-societe-generale-a-nice-kim-kardashian-a-paris-avant-le-braquage-du-louvre-dautres-casses-du-siecle-marquants-en-france","status":"publish","type":"post","link":"https:\/\/www.europesays.com\/fr\/491311\/","title":{"rendered":"Le Carlton \u00e0 Cannes, la Soci\u00e9t\u00e9 G\u00e9n\u00e9rale \u00e0 Nice, Kim Kardashian \u00e0 Paris&#8230; Avant le braquage du Louvre, d&rsquo;autres \u00abcasses du si\u00e8cle\u00bb marquants en France"},"content":{"rendered":"<p>\n    Avant le braquage du Louvre, l\u2019Hexagone a connu \u00e0 plusieurs reprises des vols retentissants de bijoux ou d\u2019argent rest\u00e9s dans les m\u00e9moires.<\/p>\n<p class=\"fig-paragraph\">Avant le<a href=\"https:\/\/video.lefigaro.fr\/figaro\/braquage-du-louvre-que-risquent-de-devenir-les-oeuvres-derobees-lanalyse-dedouard-de-lamaze-20251023\" data-fig-type=\"Video\" data-gtm-custom-categorie=\"navigation\" data-gtm-custom-action=\"crossclick\" data-gtm-custom-label=\"Contextuel\" data-gtm-event=\"customEventSPE\" data-fig-domain=\"LEFIGARO\" target=\"_blank\" rel=\"noopener\">\u00a0braquage du Louvre<\/a>\u00a0dimanche 19 octobre, la France a connu \u00e0 plusieurs reprises des vols retentissants de bijoux ou d&rsquo;argent rest\u00e9s dans les m\u00e9moires comme \u00able casse du si\u00e8cle\u00bb. Voici plusieurs cas marquants\u00a0:<\/p>\n<p>Le braquage de Kim Kardashian en 2016<\/p>\n<p class=\"fig-paragraph\">La nuit du 2 au 3 octobre 2016, la star am\u00e9ricaine de la t\u00e9l\u00e9-r\u00e9alit\u00e9\u00a0<a href=\"http:\/\/madame.lefigaro.fr\/celebrites\/actu-people\/mes-enfants-ne-dorment-plus-jamais-dans-une-maison-ou-il-y-a-des-bijoux-kim-kardashian-evoque-son-trauma-apres-son-agression-de-2016-20250514\" data-fig-type=\"Article\" data-gtm-custom-categorie=\"navigation\" data-gtm-custom-action=\"crossclick\" data-gtm-custom-label=\"Contextuel\" data-gtm-event=\"customEventSPE\" data-fig-domain=\"MADAME\" target=\"_blank\" rel=\"noopener\">Kim Kardashian\u00a0<\/a>est braqu\u00e9e, arme au poing, dans sa chambre d&rsquo;un h\u00f4tel de luxe confidentiel \u00e0 Paris, en pleine semaine de la mode, par des \u00abpapy braqueurs\u00bb arriv\u00e9s \u00e0 v\u00e9lo, d\u00e9guis\u00e9s en policiers.<\/p>\n<p>                                    <a class=\"fig-a11y-skip a11y-hidden\" href=\"#fig-a11y-skip-main-inarticle\"><br \/>\n        Passer la publicit\u00e9<br \/>\n    <\/a><\/p>\n<p class=\"fig-paragraph\">En une dizaine de minutes, ils volent pour 9 millions d&rsquo;euros de bijoux, dont une bague \u00e0 3,5 millions que la reine des influenceuses exhibait sur les r\u00e9seaux sociaux. Ligot\u00e9e et baillonn\u00e9e, elle croit qu&rsquo;elle va mourir. Les braqueurs sont interpell\u00e9s trois mois plus tard. En mai 2025, ils sont jug\u00e9s coupables aux assises, mais consid\u00e9r\u00e9s trop vieux et malades pour retourner en prison. L&rsquo;un d&rsquo;eux d\u00e9c\u00e9dera un mois plus tard. Pour les enqu\u00eateurs, les bijoux ont \u00e9t\u00e9 revendus \u00e0 Anvers, plaque tournante du diamant.<\/p>\n<p>Le Carlton \u00e0 Cannes en 2013<\/p>\n<p class=\"fig-paragraph\">Le 28 juillet 2013, lors d&rsquo;une exposition de diamants du joaillier Leviev, un braqueur au visage dissimul\u00e9 derri\u00e8re un foulard, muni d&rsquo;un pistolet automatique, s&#8217;empare en quelques minutes de bijoux d&rsquo;une valeur de 103 millions d&rsquo;euros au\u00a0<a href=\"http:\/\/www.lefigaro.fr\/nice\/maxime-chef-concierge-au-carlton-a-cannes-on-nous-a-deja-demande-d-affreter-un-airbus-pour-une-famille-royale-20240522\" data-fig-type=\"NewsFlash\" data-gtm-custom-categorie=\"navigation\" data-gtm-custom-action=\"crossclick\" data-gtm-custom-label=\"Contextuel\" data-gtm-event=\"customEventSPE\" data-fig-domain=\"LEFIGARO\" target=\"_blank\" rel=\"noopener\">Carlton de Cannes<\/a>.<\/p>\n<p class=\"fig-paragraph\">Juste apr\u00e8s que les bijoux ont \u00e9t\u00e9 dispos\u00e9s dans une salle du palace sous la surveillance de trois agents de s\u00e9curit\u00e9, le voleur y fait irruption, place bagues, pendentifs, boucles d&rsquo;oreilles et autres montres incrust\u00e9es de diamants dans un gros sac de sport, puis repart par une porte-fen\u00eatre. L&rsquo;auteur, comme les diamants, n&rsquo;ont jamais \u00e9t\u00e9 retrouv\u00e9s.<\/p>\n<p class=\"fig-body-link\">\n            \u00c0 lire aussi<br \/>\n        <a class=\"fig-body-link__link fig-premium-mark\" href=\"http:\/\/www.lefigaro.fr\/actualite-france\/info-le-figaro-vol-au-musee-du-louvre-deux-des-braqueurs-interpelles-20251026\" target=\"_blank\" data-fig-type=\"NewsFlash\" rel=\"noopener\" data-gtm-custom-categorie=\"navigation\" data-gtm-custom-action=\"crossclick\" data-gtm-custom-label=\"Contextuel\" data-gtm-event=\"customEventSPE\" data-fig-domain=\"LEFIGARO\"><\/p>\n<p>        Cambriolage au mus\u00e9e du Louvre\u00a0: deux des braqueurs interpell\u00e9s et plac\u00e9s en garde \u00e0 vue<br \/>\n    <\/a>\n<\/p>\n<p>Toni Musulin en 2009<\/p>\n<p class=\"fig-paragraph\">Le 5 novembre 2009, Toni Musulin, conducteur d&rsquo;un fourgon blind\u00e9 de Loomis, fausse compagnie \u00e0 deux coll\u00e8gues et part au volant du v\u00e9hicule avec 11,6 millions d&rsquo;euros. Le fourgon est retrouv\u00e9 trois heures plus tard, vide. Le convoyeur est recherch\u00e9 dans toute l&rsquo;Europe.<\/p>\n<p class=\"fig-paragraph\">Deux jours plus tard, l&rsquo;essentiel du butin, 9,1 millions d&rsquo;euros, est d\u00e9nich\u00e9 dans un box qu&rsquo;il louait. Apr\u00e8s onze jours de cavale, Toni Musulin se rend, mais nie poss\u00e9der les 2,5 millions d&rsquo;euros manquants, jamais retrouv\u00e9s. Il fera quatre ans de prison.<\/p>\n<p>                                    <a class=\"fig-a11y-skip a11y-hidden\" href=\"#fig-a11y-skip-main-inarticle_mtf\"><br \/>\n        Passer la publicit\u00e9<br \/>\n    <\/a><\/p>\n<p>La joaillerie Harry Winston en 2007 et 2008<\/p>\n<p class=\"fig-paragraph\">Le 6 octobre 2007 et de nouveau le 4 d\u00e9cembre 2008, la bijouterie Harry Winston de l&rsquo;avenue Montaigne \u00e0 Paris est braqu\u00e9e. Un total de 900 bijoux sont d\u00e9rob\u00e9s, pour un pr\u00e9judice de 78,9 millions d&rsquo;euros. La premi\u00e8re fois, les malfaiteurs, arm\u00e9s, sont d\u00e9guis\u00e9s en peintres. Avec la complicit\u00e9 d&rsquo;un vigile, ils s&rsquo;introduisent la veille par une porte de service et passent la nuit dans l&rsquo;\u00e9tablissement.<\/p>\n<p class=\"fig-paragraph\">La seconde fois, trois des quatre braqueurs sont habill\u00e9s en femmes. Arm\u00e9s et aid\u00e9s par le m\u00eame agent de s\u00e9curit\u00e9, ils arrivent par la porte principale. En 2015, la cour d&rsquo;assises de Paris condamne huit hommes \u00e0 des peines allant de 9 mois \u00e0 15 ans de prison. Deux tiers des pierres du second braquage avaient alors \u00e9t\u00e9 r\u00e9cup\u00e9r\u00e9es, mais aucun bijou du premier.<\/p>\n<p>La Soci\u00e9t\u00e9 G\u00e9n\u00e9rale \u00e0 Nice en 1976<\/p>\n<p class=\"fig-paragraph\">Le week-end des 16 et 17 juillet 1976, une dizaine de cambrioleurs acc\u00e8dent, via les \u00e9gouts et un tunnel creus\u00e9 pendant trois mois, \u00e0 la salle des coffres de la Soci\u00e9t\u00e9 G\u00e9n\u00e9rale de Nice. Argent liquide, lingots, bijoux&#8230; le butin, qui n&rsquo;a jamais \u00e9t\u00e9 retrouv\u00e9, a \u00e9t\u00e9 estim\u00e9 \u00e0 46 millions de francs (l&rsquo;\u00e9quivalent de plus de 34 millions d&rsquo;euros aujourd&rsquo;hui).<\/p>\n<p class=\"fig-paragraph\">Un seul membre du commando, Jean Megozzi, a \u00e9t\u00e9 condamn\u00e9. Longtemps consid\u00e9r\u00e9 comme le \u00abcerveau\u00bb du casse, Albert Spaggiari, arr\u00eat\u00e9 en octobre 1976, s&rsquo;\u00e9vade l&rsquo;ann\u00e9e suivante du bureau du juge d&rsquo;instruction. Condamn\u00e9 \u00e0 perp\u00e9tuit\u00e9 par contumace, il est mort sans \u00eatre repris. En 2010, Jacques Cassandri, figure du milieu marseillais, s&rsquo;autoproclame cerveau du \u00abcasse\u00bb dans un livre, avant de r\u00e9trop\u00e9daler lors d&rsquo;un proc\u00e8s en 2018. Relax\u00e9 pour blanchiment du butin, il est condamn\u00e9 pour d&rsquo;autres infractions. Il d\u00e9c\u00e8de en 2022.<\/p>\n","protected":false},"excerpt":{"rendered":"Avant le braquage du Louvre, l\u2019Hexagone a connu \u00e0 plusieurs reprises des vols retentissants de bijoux ou d\u2019argent&hellip;\n","protected":false},"author":2,"featured_media":491312,"comment_status":"","ping_status":"","sticky":false,"template":"","format":"standard","meta":{"footnotes":""},"categories":[2819],"tags":[1111,11,1777,674,1011,27,8932,11274,12,2401,882,25],"class_list":{"0":"post-491311","1":"post","2":"type-post","3":"status-publish","4":"format-standard","5":"has-post-thumbnail","7":"category-nice","8":"tag-actu","9":"tag-actualites","10":"tag-eu","11":"tag-europe","12":"tag-fr","13":"tag-france","14":"tag-kim-kardashian","15":"tag-louvre","16":"tag-news","17":"tag-nice","18":"tag-provence-alpes-cote-dazur","19":"tag-republique-francaise"},"share_on_mastodon":{"url":"https:\/\/pubeurope.com\/@fr\/115440967281725737","error":""},"_links":{"self":[{"href":"https:\/\/www.europesays.com\/fr\/wp-json\/wp\/v2\/posts\/491311","targetHints":{"allow":["GET"]}}],"collection":[{"href":"https:\/\/www.europesays.com\/fr\/wp-json\/wp\/v2\/posts"}],"about":[{"href":"https:\/\/www.europesays.com\/fr\/wp-json\/wp\/v2\/types\/post"}],"author":[{"embeddable":true,"href":"https:\/\/www.europesays.com\/fr\/wp-json\/wp\/v2\/users\/2"}],"replies":[{"embeddable":true,"href":"https:\/\/www.europesays.com\/fr\/wp-json\/wp\/v2\/comments?post=491311"}],"version-history":[{"count":0,"href":"https:\/\/www.europesays.com\/fr\/wp-json\/wp\/v2\/posts\/491311\/revisions"}],"wp:featuredmedia":[{"embeddable":true,"href":"https:\/\/www.europesays.com\/fr\/wp-json\/wp\/v2\/media\/491312"}],"wp:attachment":[{"href":"https:\/\/www.europesays.com\/fr\/wp-json\/wp\/v2\/media?parent=491311"}],"wp:term":[{"taxonomy":"category","embeddable":true,"href":"https:\/\/www.europesays.com\/fr\/wp-json\/wp\/v2\/categories?post=491311"},{"taxonomy":"post_tag","embeddable":true,"href":"https:\/\/www.europesays.com\/fr\/wp-json\/wp\/v2\/tags?post=491311"}],"curies":[{"name":"wp","href":"https:\/\/api.w.org\/{rel}","templated":true}]}}