{"id":491320,"date":"2025-10-26T14:41:10","date_gmt":"2025-10-26T14:41:10","guid":{"rendered":"https:\/\/www.europesays.com\/fr\/491320\/"},"modified":"2025-10-26T14:41:10","modified_gmt":"2025-10-26T14:41:10","slug":"le-proces-de-la-peine-de-mort","status":"publish","type":"post","link":"https:\/\/www.europesays.com\/fr\/491320\/","title":{"rendered":"le proc\u00e8s de la peine de mort"},"content":{"rendered":"<p>            Par<br \/>\n        <strong><br \/>\n            <a href=\"https:\/\/actu.fr\/auteur\/redaction-toulouse\" title=\"Consulter tous les articles de R\u00e9daction de Toulouse\" rel=\"nofollow noopener\" target=\"_blank\">R\u00e9daction de Toulouse<\/a><br \/>\n        <\/strong><\/p>\n<p>        Publi\u00e9 le<\/p>\n<p>            26 oct. 2025 \u00e0 15h10        <\/p>\n<p>Toulouse, le 11 mars 1980. La salle des assises du palais de justice est pleine \u00e0 craquer. Cette apr\u00e8s-midi-l\u00e0 voit s\u2019affronter deux t\u00e9nors des pr\u00e9toires : <strong>Raymond Dhers<\/strong>, l\u2019avocat g\u00e9n\u00e9ral et <strong>Robert Badinter<\/strong>, l\u2019un des plus illustres avocats de l\u2019Hexagone. Pendant un peu plus d\u2019une heure, le premier prononce un r\u00e9quisitoire ferme, demandant in fine la<strong> peine capital<\/strong>e \u00e0 l\u2019encontre de<strong> Norbert Garceau<\/strong>. Fid\u00e8le \u00e0 ses convictions abolitionnistes, le futur garde des Sceaux de Fran\u00e7ois Mitterrand, lui, livre une plaidoirie pleine de verve et parvient \u00e0 \u00a0\u00bb sauver \u00a0\u00bb la t\u00eate de son client.<\/p>\n<p>Un proc\u00e8s qui donne naissance \u00e0 une chanson\u00a0<\/p>\n<p class=\" wall-content\">Dans l\u2019assistance, l\u2019artiste <strong>Julien Clerc<\/strong>, impressionn\u00e9 par les mots de Badinter, en tirera avec son complice parolier Jean-Loup Dabadie un titre poignant : \u00ab\u00a0<strong>L\u2019assassin assassin\u00e9\u00a0\u00bb<\/strong>. \u00a0\u00bb Messieurs les assassins commencent \/ Oui, mais la soci\u00e9t\u00e9 recommence \/ Le sang d\u2019un condamn\u00e9 \u00e0 mort \/ C\u2019est du sang d\u2019homme, c\u2019en est encore\u2026 \u00ab\u00a0<\/p>\n<p class=\" wall-content\">L\u2019avocat, reconnaissant, le remerciera plus tard, en lui disant : \u00a0\u00bb Votre chanson a fait bien plus que 20 conf\u00e9rences et 30 discours \u00ab\u00a0.<\/p>\n<p class=\" wall-content\">\n<p>Le d\u00e9bat sur la peine de mort<\/p>\n<p class=\" wall-content\">Dans la France giscardienne, le d\u00e9bat sur la peine de mort ressurgit r\u00e9guli\u00e8rement \u00e0 l\u2019aune de fais divers sordides. Les ministres de la Justice et de l\u2019Int\u00e9rieur, Jean Lecanuet et Michel Poniatowski se font les <strong>porte-voix de l\u2019opinion publique<\/strong> en faveur de son maintien, tandis que Roger Gicquel, le pr\u00e9sentateur du 20h de TF1, se montre plus mesur\u00e9.<\/p>\n<p class=\" wall-content\">\u00a0\u00bb Oui, la France a peur et nous avons peur, et c\u2019est un sentiment qu\u2019il faut d\u00e9j\u00e0 que nous combattions je crois. Parce qu\u2019on voit bien qu\u2019il d\u00e9bouche sur des envies folles de justice exp\u00e9ditive, de vengeance imm\u00e9diate et directe et comme c\u2019est difficile de ne pas c\u00e9der \u00e0 cette tentation quand on imagine la mort atroce de cet enfant \u00a0\u00bb d\u00e9clare-t-il, en f\u00e9vrier 1976, \u00e0 propos de <strong>Patrick Henry,<\/strong> le meurtrier du petit Philippe Bertrand.<\/p>\n<p>Votre r\u00e9gion, votre actu !<\/p>\n<p>Recevez chaque jour les infos qui comptent pour vous.<\/p>\n<p>\t<a href=\"https:\/\/actu.fr\/newsletter\" class=\"ac-btn ac-btn--corner ac-btn--medium ac-btn--blue800\" rel=\"nofollow noopener\" target=\"_blank\">S&rsquo;incrire<\/a><br \/>\nNorbert Garceau, un assassin r\u00e9cidiviste<\/p>\n<p class=\" wall-content\">C\u2019est dans ce contexte \u00a0\u00bb explosif \u00a0\u00bb qu\u2019il convient de situer ce que l\u2019on va nommer <strong>\u00a0\u00bb l\u2019affaire Garceau \u00ab\u00a0<\/strong>, du nom de cet ajusteur-m\u00e9canicien aux usines d\u2019outillage du Saut-du-Tarn \u00e0 Saint-Ju\u00e9ry, pr\u00e8s d\u2019Albi, assassin de<strong> Michelle Aussillous<\/strong>, vingt-huit ans, l\u2019une de ses camarades de travail, le 8 janvier 1978.<\/p>\n<p class=\" wall-content\">L\u2019autopsie qui conclut \u00e0 un<strong> viol suivi d\u2019un \u00e9tranglement<\/strong> rappelle le m\u00eame mode op\u00e9ratoire utilis\u00e9 par Norbert, un quart de si\u00e8cle auparavant. En ao\u00fbt 1952, dans le village de G\u00e8dre (Hautes-Pyr\u00e9n\u00e9es), celui que sa hi\u00e9rarchie pr\u00e9sente comme un <strong>\u00a0\u00bb ouvrier mod\u00e8le \u00ab\u00a0<\/strong> avait \u00e9trangl\u00e9 <strong>Yvette<\/strong>, sa petite voisine, \u00e0 l\u2019aide d\u2019une ficelle de chanvre, apr\u00e8s avoir tent\u00e9 d\u2019abuser d\u2019elle. Condamn\u00e9 \u00e0 la <strong>r\u00e9clusion criminelle \u00e0 perp\u00e9tuit\u00e9<\/strong> par le tribunal de Tarbes, il avait \u00e9t\u00e9 enferm\u00e9 durant vingt ans \u00e0 la maison centrale de Muret, avant d\u2019\u00eatre lib\u00e9r\u00e9 pour bonne conduite en 1972.<\/p>\n<p class=\" wall-content\"><b>Mathieu Arnal<\/b><\/p>\n<p class=\" wall-content\">Personnalisez votre actualit\u00e9 en ajoutant vos villes et m\u00e9dias en favori avec <a href=\"https:\/\/moncompte.actu.fr\" title=\"D\u00e9couvez Mon Actu\" rel=\"nofollow noopener\" data-trk=\"{&quot;cta&quot;:{&quot;action&quot;:&quot;https:\\\/\\\/moncompte.actu.fr&quot;,&quot;category&quot;:&quot;mon compte&quot;,&quot;from&quot;:&quot;article footer&quot;,&quot;name&quot;:&quot;Mon actu&quot;,&quot;type&quot;:&quot;cta&quot;}}\" target=\"_blank\">Mon Actu<\/a>.<\/p>\n","protected":false},"excerpt":{"rendered":"Par R\u00e9daction de Toulouse Publi\u00e9 le 26 oct. 2025 \u00e0 15h10 Toulouse, le 11 mars 1980. La salle&hellip;\n","protected":false},"author":2,"featured_media":491321,"comment_status":"","ping_status":"","sticky":false,"template":"","format":"standard","meta":{"footnotes":""},"categories":[2816],"tags":[1111,11,1777,674,1011,27,937,12,2680,2694,25,104,2312],"class_list":{"0":"post-491320","1":"post","2":"type-post","3":"status-publish","4":"format-standard","5":"has-post-thumbnail","7":"category-toulouse","8":"tag-actu","9":"tag-actualites","10":"tag-eu","11":"tag-europe","12":"tag-fr","13":"tag-france","14":"tag-histoire","15":"tag-news","16":"tag-occitanie","17":"tag-proces","18":"tag-republique-francaise","19":"tag-societe","20":"tag-toulouse"},"share_on_mastodon":{"url":"https:\/\/pubeurope.com\/@fr\/115440994529242301","error":""},"_links":{"self":[{"href":"https:\/\/www.europesays.com\/fr\/wp-json\/wp\/v2\/posts\/491320","targetHints":{"allow":["GET"]}}],"collection":[{"href":"https:\/\/www.europesays.com\/fr\/wp-json\/wp\/v2\/posts"}],"about":[{"href":"https:\/\/www.europesays.com\/fr\/wp-json\/wp\/v2\/types\/post"}],"author":[{"embeddable":true,"href":"https:\/\/www.europesays.com\/fr\/wp-json\/wp\/v2\/users\/2"}],"replies":[{"embeddable":true,"href":"https:\/\/www.europesays.com\/fr\/wp-json\/wp\/v2\/comments?post=491320"}],"version-history":[{"count":0,"href":"https:\/\/www.europesays.com\/fr\/wp-json\/wp\/v2\/posts\/491320\/revisions"}],"wp:featuredmedia":[{"embeddable":true,"href":"https:\/\/www.europesays.com\/fr\/wp-json\/wp\/v2\/media\/491321"}],"wp:attachment":[{"href":"https:\/\/www.europesays.com\/fr\/wp-json\/wp\/v2\/media?parent=491320"}],"wp:term":[{"taxonomy":"category","embeddable":true,"href":"https:\/\/www.europesays.com\/fr\/wp-json\/wp\/v2\/categories?post=491320"},{"taxonomy":"post_tag","embeddable":true,"href":"https:\/\/www.europesays.com\/fr\/wp-json\/wp\/v2\/tags?post=491320"}],"curies":[{"name":"wp","href":"https:\/\/api.w.org\/{rel}","templated":true}]}}