{"id":491326,"date":"2025-10-26T14:44:20","date_gmt":"2025-10-26T14:44:20","guid":{"rendered":"https:\/\/www.europesays.com\/fr\/491326\/"},"modified":"2025-10-26T14:44:20","modified_gmt":"2025-10-26T14:44:20","slug":"en-direct-football-ligue-1-le-fc-metz-est-mene-au-score-a-lille","status":"publish","type":"post","link":"https:\/\/www.europesays.com\/fr\/491326\/","title":{"rendered":"En direct Football. Ligue 1 :\u00a0le FC Metz est men\u00e9 au score \u00e0 Lille"},"content":{"rendered":"<p>&#13;<br \/>\n                                                    En direct&#13;<br \/>\n                        &#13;\n                                            <\/p>\n<p>Lanterne rouge du championnat, toujours en qu\u00eate d&rsquo;une premi\u00e8re victoire cette saison, le FC Metz se d\u00e9place au stade Pierre-Mauroy, ce dimanche, pour affronter Lille, \u00e0 l&rsquo;occasion de la neuvi\u00e8me journ\u00e9e de Ligue 1. Benjamin Stambouli et ses co\u00e9quipiers vont-ils enfin d\u00e9bloquer leur compteur face au Losc de Bruno Genesio ?<\/p>\n<p>&#13;<br \/>\n              Maxime Rodhain &#8211; &#13;<br \/>\n        &#13;<br \/>\n          Aujourd&rsquo;hui \u00e0 14:00&#13;<br \/>\n    &#13;<br \/>\n                  | mis \u00e0 jour aujourd&rsquo;hui \u00e0 15:39&#13;<br \/>\n              &#8211; Temps de lecture : &#13;<br \/>\n  &#13;\n<\/p>\n<p>                        &#13;<br \/>\n    &#13;<br \/>\n    &#13;<br \/>\n    <a href=\"https:\/\/cdn-s-www.republicain-lorrain.fr\/images\/6F1D7375-1229-43C4-8A16-17A7E0A1D37E\/NW_raw\/title-1761410139.jpg\" title=\"\" class=\"chocolat-image GA-tracking\" data-ga_type=\"click\" data-ga_category=\"D\u00e9tail\" data-ga_action=\"zoomer\" data-ga_label=\"aggrandir image\" target=\"_blank\" rel=\"noopener\">&#13;<br \/>\n        <img src=\"https:\/\/www.europesays.com\/fr\/wp-content\/uploads\/2025\/10\/title-1761410139.jpg\"   alt=\"\" fetchpriority=\"high\" decoding=\"async\" data-mobile=\"NW_detail_M|1761410139\" data-base=\"NW_detail|1761410139\"\/>&#13;<br \/>\n    <\/a>&#13;<\/p>\n","protected":false},"excerpt":{"rendered":"&#13; En direct&#13; &#13; Lanterne rouge du championnat, toujours en qu\u00eate d&rsquo;une premi\u00e8re victoire cette saison, le FC&hellip;\n","protected":false},"author":2,"featured_media":491327,"comment_status":"","ping_status":"","sticky":false,"template":"","format":"standard","meta":{"footnotes":""},"categories":[2815],"tags":[1111,11,3545,5598,1777,674,107,1701,63,1011,27,811,7020,1307,6212,5599,12,25,273,517,1700],"class_list":{"0":"post-491326","1":"post","2":"type-post","3":"status-publish","4":"format-standard","5":"has-post-thumbnail","7":"category-lille","8":"tag-actu","9":"tag-actualites","10":"tag-direct-sport","11":"tag-edition-metz-et-agglomeration","12":"tag-eu","13":"tag-europe","14":"tag-fil-info","15":"tag-fil-info-sport","16":"tag-football","17":"tag-fr","18":"tag-france","19":"tag-hauts-de-france","20":"tag-ligue-1-football","21":"tag-lille","22":"tag-metz","23":"tag-moselle","24":"tag-news","25":"tag-republique-francaise","26":"tag-selection-de-la-redaction","27":"tag-sport","28":"tag-sport-lorrain"},"share_on_mastodon":{"url":"https:\/\/pubeurope.com\/@fr\/115441007144716601","error":""},"_links":{"self":[{"href":"https:\/\/www.europesays.com\/fr\/wp-json\/wp\/v2\/posts\/491326","targetHints":{"allow":["GET"]}}],"collection":[{"href":"https:\/\/www.europesays.com\/fr\/wp-json\/wp\/v2\/posts"}],"about":[{"href":"https:\/\/www.europesays.com\/fr\/wp-json\/wp\/v2\/types\/post"}],"author":[{"embeddable":true,"href":"https:\/\/www.europesays.com\/fr\/wp-json\/wp\/v2\/users\/2"}],"replies":[{"embeddable":true,"href":"https:\/\/www.europesays.com\/fr\/wp-json\/wp\/v2\/comments?post=491326"}],"version-history":[{"count":0,"href":"https:\/\/www.europesays.com\/fr\/wp-json\/wp\/v2\/posts\/491326\/revisions"}],"wp:featuredmedia":[{"embeddable":true,"href":"https:\/\/www.europesays.com\/fr\/wp-json\/wp\/v2\/media\/491327"}],"wp:attachment":[{"href":"https:\/\/www.europesays.com\/fr\/wp-json\/wp\/v2\/media?parent=491326"}],"wp:term":[{"taxonomy":"category","embeddable":true,"href":"https:\/\/www.europesays.com\/fr\/wp-json\/wp\/v2\/categories?post=491326"},{"taxonomy":"post_tag","embeddable":true,"href":"https:\/\/www.europesays.com\/fr\/wp-json\/wp\/v2\/tags?post=491326"}],"curies":[{"name":"wp","href":"https:\/\/api.w.org\/{rel}","templated":true}]}}