{"id":491328,"date":"2025-10-26T14:45:44","date_gmt":"2025-10-26T14:45:44","guid":{"rendered":"https:\/\/www.europesays.com\/fr\/491328\/"},"modified":"2025-10-26T14:45:44","modified_gmt":"2025-10-26T14:45:44","slug":"dramatique-accident-a-marseille-un-livreur-a-scooter-meurt-percute-par-un-camion","status":"publish","type":"post","link":"https:\/\/www.europesays.com\/fr\/491328\/","title":{"rendered":"Dramatique accident \u00e0 Marseille. Un livreur \u00e0 scooter meurt percut\u00e9 par un camion"},"content":{"rendered":"<p>            Par<br \/>\n        <strong><br \/>\n            <a href=\"https:\/\/actu.fr\/auteur\/fabien-binacchi\" title=\"Consulter tous les articles de Fabien Binacchi\" target=\"_blank\" rel=\"noopener\">Fabien Binacchi<\/a><br \/>\n        <\/strong><\/p>\n<p>        Publi\u00e9 le<\/p>\n<p>            23 oct. 2025 \u00e0 9h12        <\/p>\n<p>Il circulait dans les <a href=\"https:\/\/actu.fr\/tag\/quartiers-nord\" target=\"_blank\" rel=\"noopener\">quartiers Nord<\/a> de <a href=\"https:\/\/actu.fr\/marseille\/\" target=\"_blank\" rel=\"noopener\">Marseille<\/a> au moment du choc. Dans la soir\u00e9e du mercredi 22\u00a0octobre 2025, un jeune homme qui effectuait des livraisons \u00e0 scooter est mort percut\u00e9 par un camion, apprend-on <a href=\"https:\/\/actu.fr\/tag\/marin-pompier\" target=\"_blank\" rel=\"noopener\">des marins-pompiers<\/a>, confirmant une information de La Provence.<\/p>\n<p class=\" wall-content\">Selon nos confr\u00e8res, le chauffeur du poids lourd <strong>aurait pris la fuite.<\/strong><\/p>\n<p>Dans le 15e arrondissement<\/p>\n<p class=\" wall-content\">Il \u00e9tait environ 20h. Alors qu\u2019il circulait <strong>avenue de la Viste,<\/strong> dans le 15e arrondissement, pour honorer des livraisons, le pilote d\u2019un deux-roues a \u00e9t\u00e9 percut\u00e9 par un camion plateau. Gri\u00e8vement bless\u00e9, il a \u00e9t\u00e9 rapidement pris en charge par les marins-pompiers.<\/p>\n<p>    <a href=\"https:\/\/www.google.com\/maps\/embed?pb=!1m18!1m12!1m3!1d2685.5217850846325!2d5.355016411285255!3d43.35994117122887!2m3!1f0!2f0!3f0!3m2!1i1024!2i768!4f13.1!3m3!1m2!1s0x12c9ea818aed153b%3A0xa8f6d8d2eb59b68d!2sAv.%20de%20la%20Viste%2C%2013015%20Marseille!5e1!3m2!1sfr!2sfr!4v1761202917376!5m2!1sfr!2sfr\" title=\"Ouvrie le lien\" target=\"_blank\" rel=\"noopener\">Cliquez ici pour visualiser le contenu<\/a><\/p>\n<p class=\" wall-content\">Mais, \u00ab\u2009<strong>malgr\u00e9 les tentatives de r\u00e9animation,<\/strong> il a \u00e9t\u00e9 d\u00e9clar\u00e9 d\u00e9c\u00e9d\u00e9\u2009\u00bb, font-ils savoir.<\/p>\n<p>Le camion man\u0153uvrait en marche arri\u00e8re<\/p>\n<p class=\" wall-content\">La victime, \u00e2g\u00e9e de 28\u00a0ans, a \u00e9t\u00e9 percut\u00e9e par le camion alors qu\u2019il man\u0153uvrait en marche arri\u00e8re, selon La Provence. Le chauffeur aurait pris la fuite <strong>avant l\u2019arriv\u00e9e des secours.<\/strong> Dans la soir\u00e9e, les services de police \u00e9taient rapidement partis sur ses traces.<\/p>\n<p class=\" wall-content\">Une enqu\u00eate a \u00e9t\u00e9 ouverte pour <strong>\u00e9tablir des responsabilit\u00e9s.<\/strong><\/p>\n<p class=\" wall-content\">Personnalisez votre actualit\u00e9 en ajoutant vos villes et m\u00e9dias en favori avec <a href=\"https:\/\/moncompte.actu.fr\" title=\"D\u00e9couvez Mon Actu\" rel=\"nofollow noopener\" data-trk=\"{&quot;cta&quot;:{&quot;action&quot;:&quot;https:\\\/\\\/moncompte.actu.fr&quot;,&quot;category&quot;:&quot;mon compte&quot;,&quot;from&quot;:&quot;article footer&quot;,&quot;name&quot;:&quot;Mon actu&quot;,&quot;type&quot;:&quot;cta&quot;}}\" target=\"_blank\">Mon Actu<\/a>.<\/p>\n","protected":false},"excerpt":{"rendered":"Par Fabien Binacchi Publi\u00e9 le 23 oct. 2025 \u00e0 9h12 Il circulait dans les quartiers Nord de Marseille&hellip;\n","protected":false},"author":2,"featured_media":247034,"comment_status":"","ping_status":"","sticky":false,"template":"","format":"standard","meta":{"footnotes":""},"categories":[2814],"tags":[119,1111,11,1777,674,118,1011,27,17289,884,12,1072,882,25],"class_list":{"0":"post-491328","1":"post","2":"type-post","3":"status-publish","4":"format-standard","5":"has-post-thumbnail","7":"category-marseille","8":"tag-accident","9":"tag-actu","10":"tag-actualites","11":"tag-eu","12":"tag-europe","13":"tag-faits-divers","14":"tag-fr","15":"tag-france","16":"tag-marin-pompier","17":"tag-marseille","18":"tag-news","19":"tag-police","20":"tag-provence-alpes-cote-dazur","21":"tag-republique-francaise"},"share_on_mastodon":{"url":"https:\/\/pubeurope.com\/@fr\/115441010173934794","error":""},"_links":{"self":[{"href":"https:\/\/www.europesays.com\/fr\/wp-json\/wp\/v2\/posts\/491328","targetHints":{"allow":["GET"]}}],"collection":[{"href":"https:\/\/www.europesays.com\/fr\/wp-json\/wp\/v2\/posts"}],"about":[{"href":"https:\/\/www.europesays.com\/fr\/wp-json\/wp\/v2\/types\/post"}],"author":[{"embeddable":true,"href":"https:\/\/www.europesays.com\/fr\/wp-json\/wp\/v2\/users\/2"}],"replies":[{"embeddable":true,"href":"https:\/\/www.europesays.com\/fr\/wp-json\/wp\/v2\/comments?post=491328"}],"version-history":[{"count":0,"href":"https:\/\/www.europesays.com\/fr\/wp-json\/wp\/v2\/posts\/491328\/revisions"}],"wp:featuredmedia":[{"embeddable":true,"href":"https:\/\/www.europesays.com\/fr\/wp-json\/wp\/v2\/media\/247034"}],"wp:attachment":[{"href":"https:\/\/www.europesays.com\/fr\/wp-json\/wp\/v2\/media?parent=491328"}],"wp:term":[{"taxonomy":"category","embeddable":true,"href":"https:\/\/www.europesays.com\/fr\/wp-json\/wp\/v2\/categories?post=491328"},{"taxonomy":"post_tag","embeddable":true,"href":"https:\/\/www.europesays.com\/fr\/wp-json\/wp\/v2\/tags?post=491328"}],"curies":[{"name":"wp","href":"https:\/\/api.w.org\/{rel}","templated":true}]}}