{"id":491342,"date":"2025-10-26T14:56:14","date_gmt":"2025-10-26T14:56:14","guid":{"rendered":"https:\/\/www.europesays.com\/fr\/491342\/"},"modified":"2025-10-26T14:56:14","modified_gmt":"2025-10-26T14:56:14","slug":"quand-la-suede-utilise-lintelligence-collective-pour-anticiper-le-conflit-ukrainien-lexpress","status":"publish","type":"post","link":"https:\/\/www.europesays.com\/fr\/491342\/","title":{"rendered":"quand la Su\u00e8de utilise l\u2019intelligence collective pour anticiper le conflit ukrainien \u2013 L&rsquo;Express"},"content":{"rendered":"<p class=\"paragraph article-body-paragraph article__item   article-body-paragraph--first \">En Su\u00e8de, le soutien \u00e0 l\u2019Ukraine passe par <a href=\"https:\/\/www.lexpress.fr\/monde\/europe\/guerre-en-ukraine-les-dirigeants-europeens-font-un-premier-pas-vers-lutilisation-des-avoirs-russes-NJQL7XLHPFEQXOMAVOV27LYXTU\/\" target=\"_self\" rel=\"noopener\" title=\"https:\/\/www.lexpress.fr\/monde\/europe\/guerre-en-ukraine-les-dirigeants-europeens-font-un-premier-pas-vers-lutilisation-des-avoirs-russes-NJQL7XLHPFEQXOMAVOV27LYXTU\/\">les armes<\/a> &#8211; en t\u00e9moigne l\u2019accord de vente de l&rsquo;<a href=\"https:\/\/www.lexpress.fr\/monde\/europe\/suede-ce-parfum-de-guerre-froide-qui-souffle-sur-la-baltique_2141078.html\" target=\"_self\" rel=\"noopener\" title=\"https:\/\/www.lexpress.fr\/monde\/europe\/suede-ce-parfum-de-guerre-froide-qui-souffle-sur-la-baltique_2141078.html\">avion de chasse su\u00e9dois Gripen<\/a> sign\u00e9 entre les deux pays le 22 octobre -, mais aussi par des moyens plus subtils\u2026 Parmi eux : une plateforme de pronostics en ligne, pens\u00e9e pour aider l\u2019Ukraine \u00e0 gagner la guerre. Lanc\u00e9e par l\u2019Agence su\u00e9doise de recherche pour la d\u00e9fense (FOI) en d\u00e9but d\u2019ann\u00e9e, <a href=\"https:\/\/www.lexpress.fr\/monde\/europe\/guerre-en-ukraine-pour-battre-vladimir-poutine-la-suede-mise-sur-les-paris-en-ligne-2D5WYE63JJGKBIXKUO2HOBXEWY\/\" target=\"_self\" rel=\"noopener\" title=\"https:\/\/www.lexpress.fr\/monde\/europe\/guerre-en-ukraine-pour-battre-vladimir-poutine-la-suede-mise-sur-les-paris-en-ligne-2D5WYE63JJGKBIXKUO2HOBXEWY\/\">Glimt<\/a> est une plateforme de paris pr\u00e9dictifs.<\/p>\n<p class=\"paragraph article-body-paragraph article__item   \">Accessible aux internautes aux quatre coins du monde, elle s\u2019appuie sur la m\u00e9thode dite de \u00ab\u00a0pr\u00e9vision des foules\u00a0\u00bb pour <a href=\"https:\/\/www.lexpress.fr\/societe\/decembre-2025-une-junte-algerienne-cible-toulon-les-scenarios-de-guerre-de-larmee-francaise-5IEXSZQGO5GTPHICJB66JTFCDU\/\" target=\"_self\" rel=\"noopener\" title=\"https:\/\/www.lexpress.fr\/societe\/decembre-2025-une-junte-algerienne-cible-toulon-les-scenarios-de-guerre-de-larmee-francaise-5IEXSZQGO5GTPHICJB66JTFCDU\/\">anticiper l\u2019avenir<\/a>. \u00ab\u00a0Nous avons utilis\u00e9 cette m\u00e9thode et ces recherches, et nous avons sugg\u00e9r\u00e9 aux Ukrainiens que c\u2019\u00e9tait un moyen d\u2019am\u00e9liorer leur compr\u00e9hension du monde et son \u00e9volution\u00a0\u00bb, explique \u00e0 <a href=\"https:\/\/www.france24.com\/fr\/europe\/20251023-glimt-plateforme-pronostics-aider-guerre-ukraine-russie-su%C3%A8de-avions-chasse-gripen\" target=\"_self\" rel=\"noopener\" title=\"https:\/\/www.france24.com\/fr\/europe\/20251023-glimt-plateforme-pronostics-aider-guerre-ukraine-russie-su%C3%A8de-avions-chasse-gripen\">France 24<\/a> Ivar Ekman, analyste \u00e0 l\u2019Agence su\u00e9doise de recherche pour la d\u00e9fense et directeur du programme Glimt.<\/p>\n<p>\u00c9viter les biais cognitifs<\/p>\n<p class=\"paragraph article-body-paragraph article__item   \">Int\u00e9r\u00eat de cette m\u00e9thode : \u00e9viter les <a href=\"https:\/\/www.lexpress.fr\/economie\/high-tech\/laurent-cordonier-la-post-verite-est-le-scenario-le-plus-effrayant-5W52CXUDOZEZZFTN5KA7SNN3VI\/\" target=\"_self\" rel=\"noopener\" title=\"https:\/\/www.lexpress.fr\/economie\/high-tech\/laurent-cordonier-la-post-verite-est-le-scenario-le-plus-effrayant-5W52CXUDOZEZZFTN5KA7SNN3VI\/\">biais cognitifs<\/a> dont peuvent \u00eatre emprunts les services de renseignement. Sur Glimt, chaque pronostiqueur utilise les informations \u00e0 sa disposition pour d\u00e9finir le sc\u00e9nario qui lui semble le plus probable, et peut m\u00eame \u00e9tayer son raisonnement en laissant un commentaire. Les membres sont \u00e9galement invit\u00e9s \u00e0 \u00e9changer et \u00e0 confronter leurs points de vue.<\/p>\n<p><strong class=\"article-body-link-list__item text-gray-800 article-body-link-list__item--one-item\">LIRE AUSSI : <a class=\"article-body-link-list__item-link\" href=\"https:\/\/www.lexpress.fr\/monde\/europe\/christian-danielsson-les-suedois-ne-craignent-pas-la-russie-mais-ils-ne-sont-pas-naifs-2FWLDUIQLBH2TIQ2MBVMF5QN6E\/\" target=\"_blank\" rel=\"noopener\">Christian Danielsson : \u00ab\u00a0Les Su\u00e9dois ne craignent pas la Russie, mais ils ne sont pas na\u00effs\u00a0\u00bb<\/a><\/strong><\/p>\n<p class=\"paragraph article-body-paragraph article__item   \">Avec pas moins de 20 000 inscrits, la plateforme propose ses contenus en su\u00e9dois, en anglais et en fran\u00e7ais. Pour chaque enjeu relatif \u00e0 l\u2019Ukraine, une question est pos\u00e9e \u00e0 500 utilisateurs environ. Les donn\u00e9es sont ensuite pass\u00e9es au crible par des algorithmes statistiques, qui permettent de les croiser et d\u2019en \u00e9valuer la pertinence. Pour chaque question, les utilisateurs jug\u00e9s \u00ab\u00a0les plus fiables\u00a0\u00bb influent ainsi davantage sur les r\u00e9sultats. Mani\u00e8re de mettre l\u2019intelligence collective au service de prospectives strat\u00e9giques.<\/p>\n<p class=\"paragraph article-body-paragraph article__item   \">Concr\u00e8tement, les questions pos\u00e9es aux utilisateurs vont par exemple de \u00ab\u00a0Volodymyr Zelensky va-t-il rencontrer Vladimir Poutine en 2025 ?\u00a0\u00bb \u00e0 \u00ab\u00a0Des <a href=\"https:\/\/www.lexpress.fr\/monde\/europe\/guerre-en-ukraine-pourquoi-les-missiles-tomahawk-seraient-une-arme-de-poids-pour-kiev-UQPSXUAG3ZEX7ABTD6FS6BYEWQ\/\" target=\"_self\" rel=\"noopener\" title=\"https:\/\/www.lexpress.fr\/monde\/europe\/guerre-en-ukraine-pourquoi-les-missiles-tomahawk-seraient-une-arme-de-poids-pour-kiev-UQPSXUAG3ZEX7ABTD6FS6BYEWQ\/\">missiles Tomahawk<\/a> seront-ils livr\u00e9s \u00e0 l\u2019Ukraine avant le 1er f\u00e9vrier 2026 ?\u00a0\u00bb. 10 % de chances pour la premi\u00e8re hypoth\u00e8se, 25 % pour la seconde, d\u2019apr\u00e8s Glimt.<\/p>\n<p>Pond\u00e9ration par pertinence<\/p>\n<p class=\"paragraph article-body-paragraph article__item   \">D\u2019autres questions portent, elles, sur les cons\u00e9quences \u00e9conomiques du conflit, le contr\u00f4le russe de la r\u00e9gion de Donetsk \u00e0 l\u2019\u00e9t\u00e9 prochain ou encore l\u2019issue des \u00e9lections l\u00e9gislatives de 2026 en Hongrie, alors que son premier ministre Viktor Orban s\u2019affiche comme <a href=\"https:\/\/www.lexpress.fr\/monde\/europe\/sommet-a-budapest-lepineuse-question-de-lentree-de-vladimir-poutine-sur-le-sol-europeen-MQBAQRC47ZHFXH47HER2CLDLYU\/\" target=\"_self\" rel=\"noopener\" title=\"https:\/\/www.lexpress.fr\/monde\/europe\/sommet-a-budapest-lepineuse-question-de-lentree-de-vladimir-poutine-sur-le-sol-europeen-MQBAQRC47ZHFXH47HER2CLDLYU\/\">le plus proche alli\u00e9<\/a> de Vladimir Poutine au sein de l\u2019Union europ\u00e9enne. Enfin, interrog\u00e9s sur la question centrale d\u2019un accord de paix, les utilisateurs de Glimt ont pratiquement tous jug\u00e9 ce sc\u00e9nario \u00ab\u00a0inenvisageable avant 2026\u00a0\u00bb.<\/p>\n<p><strong class=\"article-body-link-list__item text-gray-800 article-body-link-list__item--one-item\">LIRE AUSSI : <a class=\"article-body-link-list__item-link\" href=\"https:\/\/www.lexpress.fr\/monde\/europe\/en-ukraine-une-expertise-militaire-qui-interesse-de-plus-en-plus-les-europeens-2ODCPNXXONGG7O7FAFICCXUSVM\/\" target=\"_blank\" rel=\"noopener\">En Ukraine, une expertise militaire qui int\u00e9resse de plus en plus les Europ\u00e9ens<\/a><\/strong><\/p>\n<p class=\"paragraph article-body-paragraph article__item    article__text__endpicto\">Alors que l\u2019administration Trump <a href=\"https:\/\/www.lexpress.fr\/monde\/amerique\/sanctions-de-donald-trump-sur-le-petrole-russe-pourquoi-le-vrai-test-commence-maintenant-5TNYSEANIRDNRKL4SNFIRR4QKU\/\" target=\"_self\" rel=\"noopener\" title=\"https:\/\/www.lexpress.fr\/monde\/amerique\/sanctions-de-donald-trump-sur-le-petrole-russe-pourquoi-le-vrai-test-commence-maintenant-5TNYSEANIRDNRKL4SNFIRR4QKU\/\">tergiverse sur le degr\u00e9 de soutien<\/a> qu\u2019elle souhaite apporter \u00e0 Kiev, cr\u00e9ant un sentiment de flou, cette plateforme est cens\u00e9e aider les Ukrainiens \u00e0 y voir plus clair et \u00e0 optimiser leurs strat\u00e9gies de d\u00e9fense face \u00e0 la Russie. Un outil de prospective appel\u00e9 \u00e0 se g\u00e9n\u00e9raliser pour d\u2019autres conflits, dans un contexte g\u00e9opolitique largement incertain.<\/p>\n","protected":false},"excerpt":{"rendered":"En Su\u00e8de, le soutien \u00e0 l\u2019Ukraine passe par les armes &#8211; en t\u00e9moigne l\u2019accord de vente de l&rsquo;avion&hellip;\n","protected":false},"author":2,"featured_media":491343,"comment_status":"","ping_status":"","sticky":false,"template":"","format":"standard","meta":{"footnotes":""},"categories":[1591],"tags":[11,33,674,1887,74,12,1885,1886,132,11140],"class_list":{"0":"post-491342","1":"post","2":"type-post","3":"status-publish","4":"format-standard","5":"has-post-thumbnail","7":"category-russie","8":"tag-actualites","9":"tag-economie","10":"tag-europe","11":"tag-federation-de-russie","12":"tag-monde","13":"tag-news","14":"tag-russia","15":"tag-russian-federation","16":"tag-russie","17":"tag-tech-et-transformations"},"share_on_mastodon":{"url":"","error":""},"_links":{"self":[{"href":"https:\/\/www.europesays.com\/fr\/wp-json\/wp\/v2\/posts\/491342","targetHints":{"allow":["GET"]}}],"collection":[{"href":"https:\/\/www.europesays.com\/fr\/wp-json\/wp\/v2\/posts"}],"about":[{"href":"https:\/\/www.europesays.com\/fr\/wp-json\/wp\/v2\/types\/post"}],"author":[{"embeddable":true,"href":"https:\/\/www.europesays.com\/fr\/wp-json\/wp\/v2\/users\/2"}],"replies":[{"embeddable":true,"href":"https:\/\/www.europesays.com\/fr\/wp-json\/wp\/v2\/comments?post=491342"}],"version-history":[{"count":0,"href":"https:\/\/www.europesays.com\/fr\/wp-json\/wp\/v2\/posts\/491342\/revisions"}],"wp:featuredmedia":[{"embeddable":true,"href":"https:\/\/www.europesays.com\/fr\/wp-json\/wp\/v2\/media\/491343"}],"wp:attachment":[{"href":"https:\/\/www.europesays.com\/fr\/wp-json\/wp\/v2\/media?parent=491342"}],"wp:term":[{"taxonomy":"category","embeddable":true,"href":"https:\/\/www.europesays.com\/fr\/wp-json\/wp\/v2\/categories?post=491342"},{"taxonomy":"post_tag","embeddable":true,"href":"https:\/\/www.europesays.com\/fr\/wp-json\/wp\/v2\/tags?post=491342"}],"curies":[{"name":"wp","href":"https:\/\/api.w.org\/{rel}","templated":true}]}}